{"id":111604,"date":"2025-09-13T04:40:20","date_gmt":"2025-09-13T04:40:20","guid":{"rendered":"https:\/\/www.europesays.com\/es\/111604\/"},"modified":"2025-09-13T04:40:20","modified_gmt":"2025-09-13T04:40:20","slug":"morante-causa-baja-en-la-corrida-de-muro-y-le-sustituira-david-de-miranda","status":"publish","type":"post","link":"https:\/\/www.europesays.com\/es\/111604\/","title":{"rendered":"Morante causa baja en la corrida de Muro y le sustituir\u00e1 David de Miranda"},"content":{"rendered":"<p><strong>Morante de la Puebla<\/strong> causa baja para la <strong>corrida de este domingo en Muro<\/strong>, despu\u00e9s de que el diestro se haya visto obligado a cancelar sus compromisos de los pr\u00f3ximos d\u00edas despu\u00e9s de resentirse de la cornada sufrida el pasado 10 de agosto.<\/p>\n<p>Los m\u00e9dicos recomendaron este jueves reposo al torero al menos durante toda una semana, lo que le obliga a cancelar su participaci\u00f3n en el festejo. Ya este viernes ser\u00e1 sustituido por el diestro extreme\u00f1o Emilio de Justo en un evento previsto en el coso de Valladolid.<\/p>\n<p>La organizaci\u00f3n de la corrida de Muro ha confirmado que <strong>David de Miranda<\/strong> ser\u00e1 su sustituto en la corrida de Muro.<\/p>\n<p>La empresa Balears Cambio de Tercio ha demostrado una vez m\u00e1s su compromiso con los valores fundamentales de la tauromaquia y con las prioridades de la afici\u00f3n. Ante la confecci\u00f3n definitiva del cartel para este domingo en Muro, la empresa ha realizado una apuesta firme y decidida por David de Miranda, considerado la <strong>gran revelaci\u00f3n de la temporada<\/strong>.<\/p>\n<p>David de Miranda abri\u00f3 la Puerta Grande de Las Ventas el 24 de mayo de 2019, d\u00eda de su confirmaci\u00f3n de alternativa. Cort\u00f3 dos orejas al sexto de Juan Pedro Domecq. Le acompa\u00f1aban en el cartel El Juli, que ejerc\u00eda de padrino, y Paco Ure\u00f1a, de testigo. Tom\u00f3 la alternativa en Huelva el 5 de agosto de 2016. Jos\u00e9 Tom\u00e1s le cedi\u00f3 los trastos en presencia de L\u00f3pez Sim\u00f3n. Pase\u00f3 dos orejas del toro de su doctorado, de Victoriano del R\u00edo.<\/p>\n","protected":false},"excerpt":{"rendered":"Morante de la Puebla causa baja para la corrida de este domingo en Muro, despu\u00e9s de que el&hellip;\n","protected":false},"author":2,"featured_media":111605,"comment_status":"","ping_status":"","sticky":false,"template":"","format":"standard","meta":{"footnotes":""},"categories":[277],"tags":[373,168,25,24,492,23,167,2922,374,1529],"class_list":{"0":"post-111604","1":"post","2":"type-post","3":"status-publish","4":"format-standard","5":"has-post-thumbnail","7":"category-toreo","8":"tag-bullfighting","9":"tag-deportes","10":"tag-es","11":"tag-espana","12":"tag-sociedad","13":"tag-spain","14":"tag-sports","15":"tag-tendencias","16":"tag-toreo","17":"tag-ultima-hora"},"share_on_mastodon":{"url":"","error":""},"_links":{"self":[{"href":"https:\/\/www.europesays.com\/es\/wp-json\/wp\/v2\/posts\/111604","targetHints":{"allow":["GET"]}}],"collection":[{"href":"https:\/\/www.europesays.com\/es\/wp-json\/wp\/v2\/posts"}],"about":[{"href":"https:\/\/www.europesays.com\/es\/wp-json\/wp\/v2\/types\/post"}],"author":[{"embeddable":true,"href":"https:\/\/www.europesays.com\/es\/wp-json\/wp\/v2\/users\/2"}],"replies":[{"embeddable":true,"href":"https:\/\/www.europesays.com\/es\/wp-json\/wp\/v2\/comments?post=111604"}],"version-history":[{"count":0,"href":"https:\/\/www.europesays.com\/es\/wp-json\/wp\/v2\/posts\/111604\/revisions"}],"wp:featuredmedia":[{"embeddable":true,"href":"https:\/\/www.europesays.com\/es\/wp-json\/wp\/v2\/media\/111605"}],"wp:attachment":[{"href":"https:\/\/www.europesays.com\/es\/wp-json\/wp\/v2\/media?parent=111604"}],"wp:term":[{"taxonomy":"category","embeddable":true,"href":"https:\/\/www.europesays.com\/es\/wp-json\/wp\/v2\/categories?post=111604"},{"taxonomy":"post_tag","embeddable":true,"href":"https:\/\/www.europesays.com\/es\/wp-json\/wp\/v2\/tags?post=111604"}],"curies":[{"name":"wp","href":"https:\/\/api.w.org\/{rel}","templated":true}]}}