{"id":111608,"date":"2025-09-13T04:46:07","date_gmt":"2025-09-13T04:46:07","guid":{"rendered":"https:\/\/www.europesays.com\/es\/111608\/"},"modified":"2025-09-13T04:46:07","modified_gmt":"2025-09-13T04:46:07","slug":"el-coviran-prueba-sus-nuevas-armas-frente-al-unicaja","status":"publish","type":"post","link":"https:\/\/www.europesays.com\/es\/111608\/","title":{"rendered":"El Covir\u00e1n prueba sus nuevas armas frente al Unicaja"},"content":{"rendered":"<p>El Covir\u00e1n prueba este s\u00e1bado (12.30 horas, en directo por Canal Sur Televisi\u00f3n) sus nuevas armas frente al Unicaja en la Copa de Andaluc\u00eda,  &#8230; con un t\u00edtulo en juego que hace ilusi\u00f3n al nuevo entrenador Ram\u00f3n D\u00edaz llevarlo a las vitrinas del club nazar\u00ed, en un objetivo competitivo que se pone a corto plazo. <\/p>\n<p class=\"v-p\">Adem\u00e1s, la cita servir\u00e1 al t\u00e9cnico para calibrar mejor sobre el estado de forma de su equipo y en torno a las posibilidades reales en la Liga Endesa, que es lo que importa. As\u00ed sacar\u00e1 una conclusi\u00f3n m\u00e1s razonable tras dos ensayos sin elementos definitivos y a puerta cerrada, contra el UCAM Murcia sin marcador y ante el Cartagena de Primera FEB.<\/p>\n<p class=\"v-p\">Ram\u00f3n D\u00edaz dispone ya de doce de los trece jugadores de la plantilla, a excepci\u00f3n de Elias Valtonen, inmerso todav\u00eda en el Eurobasket y que se sumar\u00e1 al grupo la pr\u00f3xima semana. Ya regres\u00f3 el georgiano Beqa Burjanadze de la competici\u00f3n continental, que es alta junto al capit\u00e1n Pere Tom\u00e0s, recuperado de las molestias de espalda que le sacaron de la cita ante el Cartagena. <\/p>\n<p>Tom\u00e0s, recuperado<\/p>\n<p class=\"v-p\">\u00abLo de &#8216;Pera&#8217; no era nada por lo que preocuparnos, se qued\u00f3 fuera m\u00e1s por precauci\u00f3n que otra cosa, pensando en que pueda estar este s\u00e1bado y nos pueda dar esa rotaci\u00f3n diferente al &#8216;cuatro&#8217;, al no tener a Elias y Beqa\u00bb, coment\u00f3 Ram\u00f3n D\u00edaz. Sobre ellos, apunt\u00f3 que \u00abnos encantar\u00eda tenerlos aqu\u00ed, aparte de que hablo con ellos pr\u00e1cticamente a diario y quieren estar aqu\u00ed, les deseo lo mejor y que el que pueda intente ganar el Eurobasket, ser\u00eda un orgullo y muy bonito tener a un campe\u00f3n durante la temporada\u00bb.<\/p>\n<p class=\"v-p\">De los canteranos, el t\u00e9cnico nazar\u00ed manifest\u00f3 que \u00abtendr\u00e1n su espacio para ayudar\u00bb, en alusi\u00f3n a que el base \u00c1lvaro Fern\u00e1ndez cont\u00f3 para Murcia y Khalifa Gaye jug\u00f3 frente al Cartagena. En esta ocasi\u00f3n, tambi\u00e9n se ha desplazado hasta C\u00f3rdoba Gaye, jugador del filial Stellantis &amp; You Granada.<\/p>\n","protected":false},"excerpt":{"rendered":"El Covir\u00e1n prueba este s\u00e1bado (12.30 horas, en directo por Canal Sur Televisi\u00f3n) sus nuevas armas frente al&hellip;\n","protected":false},"author":2,"featured_media":111609,"comment_status":"","ping_status":"","sticky":false,"template":"","format":"standard","meta":{"footnotes":""},"categories":[269],"tags":[4512,299,298,3446,168,25,24,3419,2860,2761,23,167,2246],"class_list":{"0":"post-111608","1":"post","2":"type-post","3":"status-publish","4":"format-standard","5":"has-post-thumbnail","7":"category-baloncesto","8":"tag-armas","9":"tag-baloncesto","10":"tag-basketball","11":"tag-coviran","12":"tag-deportes","13":"tag-es","14":"tag-espana","15":"tag-frente","16":"tag-nuevas","17":"tag-prueba","18":"tag-spain","19":"tag-sports","20":"tag-unicaja"},"share_on_mastodon":{"url":"","error":""},"_links":{"self":[{"href":"https:\/\/www.europesays.com\/es\/wp-json\/wp\/v2\/posts\/111608","targetHints":{"allow":["GET"]}}],"collection":[{"href":"https:\/\/www.europesays.com\/es\/wp-json\/wp\/v2\/posts"}],"about":[{"href":"https:\/\/www.europesays.com\/es\/wp-json\/wp\/v2\/types\/post"}],"author":[{"embeddable":true,"href":"https:\/\/www.europesays.com\/es\/wp-json\/wp\/v2\/users\/2"}],"replies":[{"embeddable":true,"href":"https:\/\/www.europesays.com\/es\/wp-json\/wp\/v2\/comments?post=111608"}],"version-history":[{"count":0,"href":"https:\/\/www.europesays.com\/es\/wp-json\/wp\/v2\/posts\/111608\/revisions"}],"wp:featuredmedia":[{"embeddable":true,"href":"https:\/\/www.europesays.com\/es\/wp-json\/wp\/v2\/media\/111609"}],"wp:attachment":[{"href":"https:\/\/www.europesays.com\/es\/wp-json\/wp\/v2\/media?parent=111608"}],"wp:term":[{"taxonomy":"category","embeddable":true,"href":"https:\/\/www.europesays.com\/es\/wp-json\/wp\/v2\/categories?post=111608"},{"taxonomy":"post_tag","embeddable":true,"href":"https:\/\/www.europesays.com\/es\/wp-json\/wp\/v2\/tags?post=111608"}],"curies":[{"name":"wp","href":"https:\/\/api.w.org\/{rel}","templated":true}]}}