{"id":111610,"date":"2025-09-13T04:47:07","date_gmt":"2025-09-13T04:47:07","guid":{"rendered":"https:\/\/www.europesays.com\/es\/111610\/"},"modified":"2025-09-13T04:47:07","modified_gmt":"2025-09-13T04:47:07","slug":"el-athletic-es-increible-se-me-nota-en-la-cara-lo-feliz-que-llego-a-casa","status":"publish","type":"post","link":"https:\/\/www.europesays.com\/es\/111610\/","title":{"rendered":"\u00abEl Athletic es incre\u00edble, se me nota en la cara lo feliz que llego a casa\u00bb"},"content":{"rendered":"<p>Unos compromisos institucionales retrasaron unos minutos la cita de Robert Navarro con EL CORREO. El extremo no dej\u00f3 de pedir perd\u00f3n por llegar tarde, explic\u00f3  &#8230; los motivos que le hicieron demorarse y confes\u00f3 su malestar por haber hecho esperar al equipo de periodistas. Amable y educado, atento con sus interlocutores, el jugador que acaba de aterrizar en Lezama acept\u00f3 de buen grado mostrar su lado m\u00e1s personal y mezclarlo con la gran pasi\u00f3n de su vida: el f\u00fatbol.<\/p>\n<p class=\"v-p\"><strong>\u2013 De peque\u00f1o lo combinaba con el tenis. \u00bfEl mundo se ha perdido una gran raqueta?<\/strong><\/p>\n<p class=\"v-p\">\u2013 Ja, ja, ja. Empec\u00e9 en el tenis porque mi padre acab\u00f3 harto en el f\u00fatbol. Me dijo: &#8216;Empieza con el tenis&#8217;. Lo que pasa es que a m\u00ed siempre me ha gustado la pelota. En cuanto tuve la oportunidad de cambiar no la desaprovech\u00e9.<\/p>\n<p class=\"v-p\"><strong>\u2013 \u00bfHasta qu\u00e9 punto era clave la figura de su padre, Roberto, para que se hiciera futbolista?<\/strong><\/p>\n<p class=\"v-p\">\u2013 Much\u00edsimo. Gracias a lo que me ha ense\u00f1ado y ayudado mi padre estoy aqu\u00ed. Tambi\u00e9n mi familia, que siempre me arropa, sobre todo en los momentos duros.<\/p>\n<p>\nRobert Navarro naci\u00f3 en Barcelona. Tiene 23 a\u00f1os y es extremo\n<\/p>\n<p class=\"v-p\"><strong>\u2013 \u00bfEra exigente?<\/strong><\/p>\n<p class=\"v-p\">\u2013 Mucho. Tiene su parte buena y su parte mala. Cuando era m\u00e1s peque\u00f1o lo llevaba peor porque la figura del padre&#8230; Cualquier cosa que me dec\u00eda me lo tomaba muy a pecho. \u00a1Quieres que tus padres est\u00e9n orgullosos de ti! Al final mi sue\u00f1o era llegar a Primera Divisi\u00f3n, y el suyo tambi\u00e9n. Ha sido exigente y ha hecho que yo lo sea tambi\u00e9n conmigo mismo. <\/p>\n<p class=\"v-p\"><strong>\u2013 Empez\u00f3 en la escuela del Bar\u00e7a, pero con siete a\u00f1os se fue a Pamplona con sus padres y prob\u00f3 con el f\u00fatbol sala. \u00bfNo hubo &#8216;feeling&#8217;?<\/strong><\/p>\n<p class=\"v-p\">\u2013 \u00a1S\u00ed, me encant\u00f3! Puede verse que fui jugador de f\u00fatbol sala. Empec\u00e9 en el colegio, en Irabia, y mi profesor de Educaci\u00f3n F\u00edsica, Alberto, era entrenador de Osasuna. Me vio y me dijo: &#8216;Tienes que ir a hacer las pruebas con Osasuna&#8217;. Fui a probar con un a\u00f1o menos, jugu\u00e9 un par de torneos y luego fich\u00e9.<\/p>\n<p>\nEquipos: Irabia, Osasuna (cantera), Bar\u00e7a (cantera), M\u00f3naco, Real Sociedad, C\u00e1diz, Mallorca, Athletic\n<\/p>\n<p class=\"v-p\"><strong>\u2013 Dos a\u00f1os m\u00e1s tarde volvi\u00f3 al Bar\u00e7a. \u00bfC\u00f3mo fue La Mas\u00eda?<\/strong><\/p>\n<p class=\"v-p\">\u2013 Ten\u00eda 12 a\u00f1os. No fue f\u00e1cil porque te juntas con gente de muchos sitios. Estaba todo el d\u00eda all\u00ed, pero por suerte ten\u00eda a mi familia cerca, mis abuelos maternos, e iba a dormir a casa. Tuve mis momentos, sobre todo en el primer a\u00f1o. Mis padres se quedaron en Pamplona y yo me fui.<\/p>\n<p class=\"v-p\"><strong>\u2013 Un ni\u00f1o.<\/strong><\/p>\n<p class=\"v-p\">\u2013 Veo ahora a mis primos con 10-11 a\u00f1os y digo &#8216;qu\u00e9 pasada&#8217; \u2013en referencia a su marcha a los 12\u2013. Pero fue algo bueno para m\u00ed porque aprend\u00ed mucho en La Mas\u00eda.<\/p>\n<p class=\"v-cmp-fgn__t\">\n2030\n<\/p>\n<p class=\"v-p\">es la fecha en la que acaba el contrato Navarro, quien ha llegado este verano<\/p>\n<p class=\"v-p\"><strong>\u2013 De Barcelona se fue al M\u00f3naco, donde debut\u00f3 con 16 a\u00f1os bajo el paraguas de Thierry Henry. \u00bfC\u00f3mo gestionaba todo lo que le pasaba siendo tan joven?<\/strong><\/p>\n<p class=\"v-p\">\u2013 Tengo una familia estupenda. Mi madre y mi hermana se vinieron conmigo a M\u00f3naco. Me ayudaron a tener los pies en el suelo. Me dec\u00edan que no hab\u00eda conseguido nada. Llegas a M\u00f3naco, donde todo es lujo, cochazos en el equipo&#8230; Est\u00e1s en una burbuja. Una locura. Por suerte viv\u00eda con mi madre y mi hermana, al igual que ahora, y mi padre ven\u00eda los fines de semana.<\/p>\n<p class=\"v-p\"><strong>\u2013 El Athletic ya le quiso en 2019, pero acab\u00f3 en la Real Sociedad. <\/strong><\/p>\n<p class=\"v-p\">\u2013 Ten\u00eda contrato con el M\u00f3naco. Mi idea no era salir, ven\u00eda de jugar el Europeo sub&#8217;17, pero el equipo no estaba haciendo un buen a\u00f1o. Echaron al director deportivo, hab\u00eda inestabilidad. Se dio la opci\u00f3n de salir traspasado. Hablamos y tomamos la decisi\u00f3n.<\/p>\n<p class=\"v-p\"><strong>\u2013 \u00bfPens\u00f3 que el Athletic volver\u00eda a cruzarse en su camino?<\/strong><\/p>\n<p class=\"v-p\">\u2013 Siempre ha estado ah\u00ed. Desde peque\u00f1o, cuando estaba en Osasuna y antes de irme al Bar\u00e7a, ha habido oportunidades y sab\u00eda que alg\u00fan d\u00eda&#8230; Siempre he sonado (para el Athletic). He tenido mucha relaci\u00f3n con Nico e I\u00f1aki a trav\u00e9s de F\u00e9lix (Tainta, agente de los tres). Me dec\u00edan que este club era distinto a los dem\u00e1s. Llevo aqu\u00ed poco tiempo y se nota.<\/p>\n<p class=\"v-p\"><strong>\u2013 \u00bfRechaz\u00f3 renovar con la Real Sociedad porque sab\u00eda que iba a venir al Athletic?<\/strong><\/p>\n<p class=\"v-p\">\u2013 No. Eso s\u00ed que no. Cuando me ofrecieron renovar estaba jugando, pero de un d\u00eda a otro dej\u00e9 de jugar. Nunca ped\u00ed a la Real ser titular. Sab\u00eda la plantilla que hab\u00eda con Silva, Brais&#8230; todos. Necesitaba minutos y si no iba a tenerlos busqu\u00e9 mi futuro. Dije al club que el m\u00edster no confiaba en m\u00ed, ellos hicieron alg\u00fan fichaje y vi que no ten\u00eda hueco y que lo mejor para las dos partes era salir.<\/p>\n<p>Un vestuario sin grupos<\/p>\n<p class=\"v-p\"><strong>\u2013 Ya est\u00e1 en el Athletic. \u00bfEs como se lo imaginaba, m\u00e1s, menos&#8230;?<\/strong><\/p>\n<p class=\"v-p\">\u2013 Hasta que no est\u00e1s dentro no sabes c\u00f3mo es, pero es incre\u00edble. Se me nota en la cara lo feliz que llego a casa despu\u00e9s de entrenar. Cada d\u00eda hay alguien esper\u00e1ndote para una foto, una firma&#8230; Es algo espectacular. El club lo tiene todo controlado. Est\u00e1 todo muy bien organizado. Hay mucha ambici\u00f3n, es lo que m\u00e1s me llama la atenci\u00f3n.<\/p>\n<p class=\"v-p\"><strong>\u2013 \u00bfY lo que m\u00e1s le sorprende?<\/strong><\/p>\n<p class=\"v-p\">\u2013 He tenido la suerte de estar en muchos vestuarios, pero este es el \u00fanico en el que no hay grupos. Desayunas con unos, meriendas con otros y cenas con otros. El grupo es incre\u00edble. Nos llevamos s\u00faper bien, vacile por aqu\u00ed, vacile por all\u00e1, aguantas el chaparr\u00f3n pero luego te toca a ti (bromear).<\/p>\n<p class=\"v-p\"><strong>\u2013 Debut\u00f3 con gol del triunfo ante el Sevilla. \u00bfC\u00f3mo lo recuerda?<\/strong><\/p>\n<p class=\"v-p\">\u2013 Fue una locura, una pasada. Nadie puede imaginarse salir y meter el gol de la victoria en su debut. Fue un subid\u00f3n incre\u00edble. La grada estaba de pie, mis padres y mi hermana en una de las esquinas, los compa\u00f1eros corriendo hacia m\u00ed&#8230; No se me olvidar\u00e1 en la vida. Es uno de los momentos m\u00e1s felices que recuerdo.<\/p>\n<p class=\"v-p\"><strong>\u2013 Es admirador declarado de Iniesta, \u00bfpero qui\u00e9n es el jugador del Athletic al que tomar\u00eda como referencia?<\/strong><\/p>\n<p class=\"v-p\">\u2013 A I\u00f1aki Williams.<\/p>\n<p class=\"v-p\"><strong>\u2013 \u00bfPor qu\u00e9?<\/strong><\/p>\n<p class=\"v-p\">\u2013 No tiene que decir nada para que le respete todo el mundo. I\u00f1aki es una pasada. Me da pena que la gente no pueda ver en el d\u00eda a d\u00eda c\u00f3mo es. Cuida a todo el mundo, est\u00e1 atento a cualquier detalle, un capit\u00e1n espectacular.<\/p>\n<p class=\"v-p\"><strong>\u2013 \u00bfCon qu\u00e9 sue\u00f1a en el Athletic?<\/strong><\/p>\n<p class=\"v-p\">\u2013 Estuve el otro d\u00eda en la presentaci\u00f3n del libro de la gabarra. Me encantar\u00eda vivirlo con estos personajes, me lo paso pipa con ellos. Me gusta la ambici\u00f3n del Athletic, de querer siempre m\u00e1s. <\/p>\n<p class=\"v-p\"><strong>\u2013 Dice Sancet que hay que pelear por la Liga.<\/strong><\/p>\n<p class=\"v-p\">\u2013 Si lo dice es porque lo piensa. Es lo que me gusta, estar rodeado de gente con ambici\u00f3n.<\/p>\n<p>\u00abEl Alav\u00e9s es un equipo bien trabajado, ser\u00e1 un partido duro\u00bb<\/p>\n<p class=\"v-p\">\n<strong><br \/>\n\u2013 Tras ganar al Sevilla, Rayo y Betis llega el Alav\u00e9s. \u00bfSe sienten invencibles?<br \/>\n<\/strong>\n<\/p>\n<p class=\"v-p\">\n\u2013 Para nada. Partimos con el mismo respeto sea quien sea el rival, pero queremos los tres puntos. Estamos trabajando bien, han vuelto los internacionales y la din\u00e1mica es buena.\n<\/p>\n<p class=\"v-p\">\n\u2013 La baja de Nico le abre la posibilidad de minutos. \u00bfCu\u00e1ntas ganas tiene de jugar?\n<\/p>\n<p class=\"v-p\">\n\u2013 Muchas. Me encanta el f\u00fatbol. 90, 20, 10, 5 minutos&#8230; da igual. Lo que el m\u00edster decida que tenga que jugar, pues yo agradecido. Intentar\u00e9 responder y hacerlo lo mejor posible para que cuente conmigo.\n<\/p>\n<p class=\"v-p\">\n\u2013 \u00bfQu\u00e9 perfil del partido espera ante el Alav\u00e9s?\n<\/p>\n<p class=\"v-p\">\n\u2013 Es un equipo bien trabajado que junta mucho las l\u00edneas, no escatima en el esfuerzo y compite bien. Lo vimos en la pretemporada. Tienen buena plantilla, vienen de empatar con el Atl\u00e9tico. Ser\u00e1 duro.\n<\/p>\n<p class=\"v-p\">\n\u2013 Tres d\u00edas despu\u00e9s, el Arsenal. \u00bfC\u00f3mo lo imagina?\n<\/p>\n<p class=\"v-p\">\n\u2013 No me he parado a pensar en ello. Primero, el Alav\u00e9s.\n<\/p>\n<p class=\"v-p\">\n\u2013 \u00bfCon qu\u00e9 ambici\u00f3n afrontan la Champions?\n<\/p>\n<p class=\"v-p\">      \u2013 Vamos a competir. Pasar\u00e1 lo que tenga que pasar, pero ganas y ambici\u00f3n no van a faltar.<\/p>\n","protected":false},"excerpt":{"rendered":"Unos compromisos institucionales retrasaron unos minutos la cita de Robert Navarro con EL CORREO. El extremo no dej\u00f3&hellip;\n","protected":false},"author":2,"featured_media":111611,"comment_status":"","ping_status":"","sticky":false,"template":"","format":"standard","meta":{"footnotes":""},"categories":[268],"tags":[2182,2608,385,168,25,24,6664,280,282,7982,17359,17944,281,23,167],"class_list":{"0":"post-111610","1":"post","2":"type-post","3":"status-publish","4":"format-standard","5":"has-post-thumbnail","7":"category-futbol","8":"tag-athletic","9":"tag-cara","10":"tag-casa","11":"tag-deportes","12":"tag-es","13":"tag-espana","14":"tag-feliz","15":"tag-football","16":"tag-futbol","17":"tag-increible","18":"tag-llego","19":"tag-nota","20":"tag-soccer","21":"tag-spain","22":"tag-sports"},"share_on_mastodon":{"url":"","error":""},"_links":{"self":[{"href":"https:\/\/www.europesays.com\/es\/wp-json\/wp\/v2\/posts\/111610","targetHints":{"allow":["GET"]}}],"collection":[{"href":"https:\/\/www.europesays.com\/es\/wp-json\/wp\/v2\/posts"}],"about":[{"href":"https:\/\/www.europesays.com\/es\/wp-json\/wp\/v2\/types\/post"}],"author":[{"embeddable":true,"href":"https:\/\/www.europesays.com\/es\/wp-json\/wp\/v2\/users\/2"}],"replies":[{"embeddable":true,"href":"https:\/\/www.europesays.com\/es\/wp-json\/wp\/v2\/comments?post=111610"}],"version-history":[{"count":0,"href":"https:\/\/www.europesays.com\/es\/wp-json\/wp\/v2\/posts\/111610\/revisions"}],"wp:featuredmedia":[{"embeddable":true,"href":"https:\/\/www.europesays.com\/es\/wp-json\/wp\/v2\/media\/111611"}],"wp:attachment":[{"href":"https:\/\/www.europesays.com\/es\/wp-json\/wp\/v2\/media?parent=111610"}],"wp:term":[{"taxonomy":"category","embeddable":true,"href":"https:\/\/www.europesays.com\/es\/wp-json\/wp\/v2\/categories?post=111610"},{"taxonomy":"post_tag","embeddable":true,"href":"https:\/\/www.europesays.com\/es\/wp-json\/wp\/v2\/tags?post=111610"}],"curies":[{"name":"wp","href":"https:\/\/api.w.org\/{rel}","templated":true}]}}