{"id":111616,"date":"2025-09-13T04:51:23","date_gmt":"2025-09-13T04:51:23","guid":{"rendered":"https:\/\/www.europesays.com\/es\/111616\/"},"modified":"2025-09-13T04:51:23","modified_gmt":"2025-09-13T04:51:23","slug":"sofia-suescun-y-kiko-jimenez-reaparecen-paseando-de-la-mano-por-madrid-ajenos-a-la-polemica","status":"publish","type":"post","link":"https:\/\/www.europesays.com\/es\/111616\/","title":{"rendered":"Sof\u00eda Suescun y Kiko Jim\u00e9nez reaparecen paseando de la mano por Madrid, ajenos a la pol\u00e9mica"},"content":{"rendered":"<p>Sonrientes y agarrados de la mano. As\u00ed han reaparecido delante de las c\u00e1maras <a href=\"https:\/\/okdiario.com\/look\/actualidad\/mensaje-sofia-suescun-peor-momento-kiko-jimenez-leccion-vida-2368273\" rel=\"nofollow noopener\" target=\"_blank\"><strong>Sof\u00eda Suescun<\/strong> <\/a>y <a href=\"https:\/\/okdiario.com\/look\/actualidad\/decision-radical-que-han-tomado-kiko-jimenez-sofia-suescun-ultimo-escandalo-2357719\" rel=\"nofollow noopener\" target=\"_blank\"><strong>Kiko Jim\u00e9nez<\/strong> <\/a>tras el vendaval medi\u00e1tico que han protagonizado en las \u00faltimas semanas. Y es que varios medios difundieron que la influencer hab\u00eda sido <strong>infiel<\/strong> al ex concursante de Supervivientes con <strong>Juan Faro<\/strong>, un conocido creador de contenido con el que habr\u00eda tenido \u00abcitas secretas\u00bb.<\/p>\n<p>Se lleg\u00f3 a decir que la pareja se encontraba atravesando una gran crisis de la que muy probablemente terminar\u00edan cada uno por su lado. Sin embargo, nada m\u00e1s lejos de la realidad. Y es que contin\u00faan <strong>juntos y felices,<\/strong> tal y como se puede ver en las \u00faltimas im\u00e1genes que han trascendido de ambos. En ellas, Kiko y Sof\u00eda aparecen paseando por las calles de Madrid mientras no dejan de esbozar una gran sonrisa en sus respectivos rostros. No obstante,<strong> no han querido pronunciarse<\/strong> sobre ninguna de las preguntas que les lanzaban los reporteros, optando por un absoluto silencio en cuanto a la actual participaci\u00f3n de Gloria Camila en Supervivientes All Stars o a la situaci\u00f3n de su romance.<\/p>\n<p>\n<img decoding=\"async\" loading=\"lazy\" class=\"size-medium wp-image-2377905\" alt=\"Sof\u00eda Suescun, Kiko Jim\u00e9nez\" width=\"620\" height=\"349\"  src=\"https:\/\/www.europesays.com\/es\/wp-content\/uploads\/2025\/09\/1757554452_849_placeholder.jpg\"  bad-src=\"https:\/\/www.europesays.com\/es\/wp-content\/uploads\/2025\/09\/1757554452_849_placeholder.jpg\"\/><\/p>\n<p><img decoding=\"async\" loading=\"lazy\" class=\"size-medium wp-image-2377905\" src=\"https:\/\/www.europesays.com\/es\/wp-content\/uploads\/2025\/09\/sofiass-620x349.jpg\" alt=\"Sof\u00eda Suescun, Kiko Jim\u00e9nez\" width=\"620\" height=\"349\"  \/><\/p>\n<p> Sof\u00eda Suescun y Kiko Jim\u00e9nez en Madrid. (Foto: Gtres)\n<\/p>\n<p>Esta actitud es por la que han optado ambos desde el primer momento que sali\u00f3 a la luz que Sof\u00eda hab\u00eda sido presuntamente infiel a Kiko. De hecho, hasta ahora, no han prestado declaraciones ni se han pronunciado al respecto. El \u00fanico movimiento que realizaron en medio del revuelo medi\u00e1tico que se hab\u00eda generado en torno a su relaci\u00f3n fue poner<strong> tierra de por medio<\/strong>, disfrutando de un<strong> viaje de pareja a Tailandia<\/strong> que ellos mismos quisieron compartir en sus redes sociales. \u00abNecesitaba este viaje. Es un respiro que te devuelve la calma y te regala nuevos paisajes\u00bb, escribi\u00f3 Kiko. D\u00edas m\u00e1s tarde, los dos compartieron un video en el que aparec\u00edan corriendo y abraz\u00e1ndose en la orilla de una playa bajo la frase: <strong>\u00abNo son perfectos, pero junto son invencibles\u00bb.<\/strong><\/p>\n<blockquote class=\"instagram-media\" style=\"background: #FFF; border: 0; border-radius: 3px; box-shadow: 0 0 1px 0 rgba(0,0,0,0.5),0 1px 10px 0 rgba(0,0,0,0.15); margin: 1px; max-width: 540px; min-width: 326px; padding: 0; width: calc(100% - 2px);\" data-instgrm-captioned=\"\" data-instgrm-permalink=\"https:\/\/www.instagram.com\/p\/DOBFEVBjCDY\/?utm_source=ig_embed&amp;utm_campaign=loading\" data-instgrm-version=\"14\">\n<\/blockquote>\n<p>Las \u00fanicas palabras de Kiko Jim\u00e9nez ante lo sucedido<\/p>\n<p>Aunque no fue de su propia boca, Kiko Jim\u00e9nez ya expres\u00f3 c\u00f3mo se sent\u00eda ante las informaciones de deslealtad que estaban circulando sobre su pareja. Lo hizo a trav\u00e9s de un colaborador de Fiesta, a quien expres\u00f3 que \u00abestaba dolido y humillado\u00bb, al mismo tiempo que hab\u00eda tachado de <strong>\u00aboportunista\u00bb<\/strong> a Juan Faro. En ese momento, el programa mencionado se acerc\u00f3 hasta las inmediaciones de la casa del influencer para conocer su opini\u00f3n al respecto, y este, lejos de pronunciarse en exceso, se mostr\u00f3 muy tajante.<\/p>\n<blockquote class=\"instagram-media\" style=\"background: #FFF; border: 0; border-radius: 3px; box-shadow: 0 0 1px 0 rgba(0,0,0,0.5),0 1px 10px 0 rgba(0,0,0,0.15); margin: 1px; max-width: 540px; min-width: 326px; padding: 0; width: calc(100% - 2px);\" data-instgrm-captioned=\"\" data-instgrm-permalink=\"https:\/\/www.instagram.com\/p\/C3nIn0PMus5\/?utm_source=ig_embed&amp;utm_campaign=loading\" data-instgrm-version=\"14\">\n<\/blockquote>\n<p>\u00abNo creo que dijera eso [\u2026] <strong>Las vacaciones pueden estar sirvi\u00e9ndoles para sofocar todo lo que est\u00e1n viviendo\u00bb<\/strong>, dijo por aquel entonces.<\/p>\n<p>\t\t\t\t\t\t\t<script async src=\"\/\/www.instagram.com\/embed.js\"><\/script><\/p>\n","protected":false},"excerpt":{"rendered":"Sonrientes y agarrados de la mano. As\u00ed han reaparecido delante de las c\u00e1maras Sof\u00eda Suescun y Kiko Jim\u00e9nez&hellip;\n","protected":false},"author":2,"featured_media":111617,"comment_status":"","ping_status":"","sticky":false,"template":"","format":"standard","meta":{"footnotes":""},"categories":[171],"tags":[146,147,25,24,11257,23,214],"class_list":{"0":"post-111616","1":"post","2":"type-post","3":"status-publish","4":"format-standard","5":"has-post-thumbnail","7":"category-tv","8":"tag-entertainment","9":"tag-entretenimiento","10":"tag-es","11":"tag-espana","12":"tag-sofia-suescun","13":"tag-spain","14":"tag-tv"},"share_on_mastodon":{"url":"","error":""},"_links":{"self":[{"href":"https:\/\/www.europesays.com\/es\/wp-json\/wp\/v2\/posts\/111616","targetHints":{"allow":["GET"]}}],"collection":[{"href":"https:\/\/www.europesays.com\/es\/wp-json\/wp\/v2\/posts"}],"about":[{"href":"https:\/\/www.europesays.com\/es\/wp-json\/wp\/v2\/types\/post"}],"author":[{"embeddable":true,"href":"https:\/\/www.europesays.com\/es\/wp-json\/wp\/v2\/users\/2"}],"replies":[{"embeddable":true,"href":"https:\/\/www.europesays.com\/es\/wp-json\/wp\/v2\/comments?post=111616"}],"version-history":[{"count":0,"href":"https:\/\/www.europesays.com\/es\/wp-json\/wp\/v2\/posts\/111616\/revisions"}],"wp:featuredmedia":[{"embeddable":true,"href":"https:\/\/www.europesays.com\/es\/wp-json\/wp\/v2\/media\/111617"}],"wp:attachment":[{"href":"https:\/\/www.europesays.com\/es\/wp-json\/wp\/v2\/media?parent=111616"}],"wp:term":[{"taxonomy":"category","embeddable":true,"href":"https:\/\/www.europesays.com\/es\/wp-json\/wp\/v2\/categories?post=111616"},{"taxonomy":"post_tag","embeddable":true,"href":"https:\/\/www.europesays.com\/es\/wp-json\/wp\/v2\/tags?post=111616"}],"curies":[{"name":"wp","href":"https:\/\/api.w.org\/{rel}","templated":true}]}}