{"id":111618,"date":"2025-09-13T04:52:13","date_gmt":"2025-09-13T04:52:13","guid":{"rendered":"https:\/\/www.europesays.com\/es\/111618\/"},"modified":"2025-09-13T04:52:13","modified_gmt":"2025-09-13T04:52:13","slug":"shakira-se-convirtio-en-la-artista-mas-premiada-de-los-mtv-video-music-awards","status":"publish","type":"post","link":"https:\/\/www.europesays.com\/es\/111618\/","title":{"rendered":"Shakira se convirti\u00f3 en la artista m\u00e1s premiada de los MTV Video Music Awards"},"content":{"rendered":"<p><b>Shakira gan\u00f3 el premio a Mejor Video Latino (Best Latin) en los MTV Video Music Awards 2025 por su tema &#8216;Soltera&#8217;<\/b>, un reconocimiento que elev\u00f3 su cuenta a siete estatuillas en la historia de los VMA y la sit\u00faa, seg\u00fan registros de la ceremonia, como la artista latina con m\u00e1s galardones en estos premios.<\/p>\n<p>La ceremonia <b>se celebr\u00f3 el 7 de septiembre de 2025 en el UBS Arena de Elmont, Nueva York<\/b>, en una noche marcada por la presencia de artistas internacionales y varios homenajes. En la lista de ganadores de esa edici\u00f3n, Shakira aparece como la vencedora de la categor\u00eda latina.<\/p>\n<p class=\"c-cuerpo__media__txt\">Entre sus hitos figuran premios por video regionales en los a\u00f1os 2000 y 2002 Foto:Archivo particular<\/p>\n<p>La ganadora<b> no estuvo en el escenario de los VMA para recibir el premio en persona<\/b>: la artista cumpl\u00eda fechas de su gira mundial Las Mujeres Ya No Lloran World Tour en M\u00e9xico la misma noche de la ceremonia. <b>Esa coincidencia, dicen, habr\u00eda sido la raz\u00f3n por la que no asisti\u00f3 al UBS Arena.<\/b><\/p>\n<p>\u00bfQu\u00e9 significa este s\u00e9ptimo VMA para su carrera?<\/p>\n<p>La estatuilla de 2025 suma <b>una colecci\u00f3n de premios que la misma ceremonia ha venido registrando a lo largo de m\u00e1s de dos d\u00e9cadas<\/b>: desde galardones regionales en los primeros a\u00f1os hasta reconocimientos por colaboraciones y un premio honor\u00edfico por trayectoria.<\/p>\n<p>Esa acumulaci\u00f3n es la base para afirmar que, tras la ceremonia de 2025, <b>Shakira es la artista latina con m\u00e1s premios en la historia de los MTV Video Music Awards.<\/b><\/p>\n<p class=\"c-cuerpo__media__txt\">La canci\u00f3n premiada, \u2018Soltera\u2019, fue lanzada en 2024 Foto:Instagram @shakira<\/p>\n<p>La trayectoria de Shakira en los VMAs <b>se extiende m\u00e1s de 25 a\u00f1os y combina premios tempranos por la recepci\u00f3n internacional <\/b>de sus videos con reconocimientos por colaboraciones y por su carrera.<\/p>\n<p>Entre sus hitos figuran<b> premios por video regionales en los a\u00f1os 2000 y 2002, galardones t\u00e9cnicos y colaborativos en la d\u00e9cada siguiente, y el Michael Jackson Video Vanguard Award <\/b>(premio honor\u00edfico por trayectoria) que recibi\u00f3 en 2023. Con la victoria de 2025 por \u201cSoltera\u201d, la suma de estatuillas alcanza la cifra mencionada por la prensa.<\/p>\n<p>La canci\u00f3n premiada, \u2018Soltera\u2019, <b>fue lanzada en 2024 y se posicion\u00f3 en plataformas de streaming y en listas de reproducci\u00f3n internacionales<\/b>; el video fue el material que llev\u00f3 la candidatura y finalmente obtuvo el trofeo en la categor\u00eda latina.<b> El reconocimiento de MTV pone en la balanza tanto la recepci\u00f3n comercial de la canci\u00f3n como la valoraci\u00f3n del video por parte de la academia <\/b>y votaciones de la audiencia en las instancias que correspondan.<\/p>\n<p>Edici\u00f3n 2025 de los VMA<\/p>\n<p>La gala fue conducida por LL Cool J y, entre m\u00e1s cosas, <b>Lady Gaga fue reconocida como Artista del A\u00f1o en la ceremonia, y la velada incluy\u00f3 homenajes a figuras como Ozzy Osbourne y distinciones a artistas latinos en categor\u00edas y premios especiales.<\/b> La entrega se transmiti\u00f3 desde el UBS Arena y fue cubierta por medios internacionales que difundieron la n\u00f3mina de ganadores horas despu\u00e9s del evento.<\/p>\n<p class=\"c-cuerpo__media__txt\">la cantante ha mantenido la conexi\u00f3n con su p\u00fablico Foto:Instagram @shakira<\/p>\n<p>En 2025, <b>Shakira ha consolidado su influencia en la m\u00fasica internacional con su gira &#8216;Las Mujeres Ya No Lloran World Tour&#8217;, <\/b>que ha agotado estadios en Norteam\u00e9rica y Latinoam\u00e9rica, incluyendo M\u00e9xico, Colombia, Per\u00fa, Ecuador, Paraguay y Uruguay. <b>La artista ha vendido m\u00e1s de 1,6 millones de boletos y la recaudaci\u00f3n supera los 200 millones de d\u00f3lares, seg\u00fan medios especializados.<\/b><\/p>\n<p>A nivel discogr\u00e1fico, su \u00e1lbum hom\u00f3nimo ha tenido buena recepci\u00f3n cr\u00edtica y comercial, y temas como &#8216;Soltera&#8217; se han posicionado en plataformas digitales y listas internacionales, logrando su s\u00e9ptimo premio en los MTV Video Music Awards 2025.<\/p>\n<p>A pesar de algunas cancelaciones de conciertos en ciudades como Los \u00c1ngeles y Lima por motivos de salud o protestas, <b>la cantante ha mantenido la conexi\u00f3n con su p\u00fablico y continuar\u00e1 su gira en noviembre con presentaciones en varios pa\u00edses de Latinoam\u00e9rica<\/b>, reafirmando su presencia como una de las artistas latinas m\u00e1s influyentes del momento.<\/p>\n<p>M\u00c1S NOTICIAS:<\/p>\n<p><b>DANNA VALERIA FIGUEROA RUEDA<\/b><\/p>\n<p>REDACCI\u00d3N<b> ALCANCE <\/b>DIGITAL<\/p>\n","protected":false},"excerpt":{"rendered":"Shakira gan\u00f3 el premio a Mejor Video Latino (Best Latin) en los MTV Video Music Awards 2025 por&hellip;\n","protected":false},"author":2,"featured_media":111619,"comment_status":"","ping_status":"","sticky":false,"template":"","format":"standard","meta":{"footnotes":""},"categories":[170],"tags":[900,420,146,147,25,24,1783,184,185,7745,12504,23],"class_list":{"0":"post-111618","1":"post","2":"type-post","3":"status-publish","4":"format-standard","5":"has-post-thumbnail","7":"category-musica","8":"tag-convirtio","9":"tag-en","10":"tag-entertainment","11":"tag-entretenimiento","12":"tag-es","13":"tag-espana","14":"tag-la","15":"tag-music","16":"tag-musica","17":"tag-se","18":"tag-shakira","19":"tag-spain"},"share_on_mastodon":{"url":"","error":""},"_links":{"self":[{"href":"https:\/\/www.europesays.com\/es\/wp-json\/wp\/v2\/posts\/111618","targetHints":{"allow":["GET"]}}],"collection":[{"href":"https:\/\/www.europesays.com\/es\/wp-json\/wp\/v2\/posts"}],"about":[{"href":"https:\/\/www.europesays.com\/es\/wp-json\/wp\/v2\/types\/post"}],"author":[{"embeddable":true,"href":"https:\/\/www.europesays.com\/es\/wp-json\/wp\/v2\/users\/2"}],"replies":[{"embeddable":true,"href":"https:\/\/www.europesays.com\/es\/wp-json\/wp\/v2\/comments?post=111618"}],"version-history":[{"count":0,"href":"https:\/\/www.europesays.com\/es\/wp-json\/wp\/v2\/posts\/111618\/revisions"}],"wp:featuredmedia":[{"embeddable":true,"href":"https:\/\/www.europesays.com\/es\/wp-json\/wp\/v2\/media\/111619"}],"wp:attachment":[{"href":"https:\/\/www.europesays.com\/es\/wp-json\/wp\/v2\/media?parent=111618"}],"wp:term":[{"taxonomy":"category","embeddable":true,"href":"https:\/\/www.europesays.com\/es\/wp-json\/wp\/v2\/categories?post=111618"},{"taxonomy":"post_tag","embeddable":true,"href":"https:\/\/www.europesays.com\/es\/wp-json\/wp\/v2\/tags?post=111618"}],"curies":[{"name":"wp","href":"https:\/\/api.w.org\/{rel}","templated":true}]}}