{"id":111620,"date":"2025-09-13T04:53:10","date_gmt":"2025-09-13T04:53:10","guid":{"rendered":"https:\/\/www.europesays.com\/es\/111620\/"},"modified":"2025-09-13T04:53:10","modified_gmt":"2025-09-13T04:53:10","slug":"richard-zubelzu-cineasta-un-pueblo-sin-memoria-es-un-pueblo-sin-futuro","status":"publish","type":"post","link":"https:\/\/www.europesays.com\/es\/111620\/","title":{"rendered":"Richard Zubelzu, Cineasta: \u00abUn pueblo sin memoria es un pueblo sin futuro\u00bb"},"content":{"rendered":"<p> Tantas personas han querido descubrir lo que Richard Zubelzu narra en &#8216;Reinosa, 1987&#8217;, que de dos sesiones previstas en los Cines Embajadores, se pas\u00f3  &#8230; a cuatro ayer tarde. El documental, producido por Magda Calabrese, se mantendr\u00e1 en cartel la pr\u00f3xima semana, como una oportunidad de echar la vista atr\u00e1s y recordar <a href=\"https:\/\/www.eldiariomontanes.es\/fotos\/cantabria\/201703\/09\/sucesos-reinosa-212679394886-mm.html\" title=\"www.eldiariomontanes.es\" data-voc-vtm-id=\"in-text-traffic\" data-mrf-link=\"www.eldiariomontanes.es\" rel=\"nofollow noopener\" target=\"_blank\">lo que supusieron los acontecimientos de aquella primavera convulsa.<\/a><\/p>\n<p class=\"v-p\"><strong>-\u00bfQu\u00e9 le impuls\u00f3 a abordar este episodio concreto de la historia reciente?<\/strong><\/p>\n<p class=\"v-p\">-Para m\u00ed es muy importante, porque ten en cuenta que esto yo lo viv\u00ed con nueve a\u00f1itos. Me quedaba muy impresionado al verlo desde la ventana; me parec\u00eda como si fuese una guerra realmente. Mis padres viv\u00edan justo en la Calle Mayor, y ah\u00ed ve\u00edas las tanquetas disparando hacia los cristales. Una locura. Y por mi trayectoria es una cosa que siempre he querido contar. Es una historia que llevaba dentro y ten\u00eda que soltarla un poco. <\/p>\n<p class=\"v-p\"><strong>-Y lleg\u00f3 finalmente el momento, 38 a\u00f1os despu\u00e9s de aquellos hechos que marcaron la historia del municipio <\/strong><\/p>\n<p class=\"v-p\">-Se dieron las circunstancias, hace 3 a\u00f1os, de empezar la producci\u00f3n, y buscar documentaci\u00f3n. Habl\u00e9 con Miguel de las Cuevas, para el tema de archivo y \u00e9l me puso en contacto con \u00c1ngel Colina, que es el que hizo la famosa foto que se ve en el documental. TV3 tambi\u00e9n aport\u00f3 parte de su archivo documental, que es uno de los mayores de la \u00e9poca. Aunque ha sido un proceso muy laborioso, al final estamos muy contentos. Lo que yo quer\u00eda contar tambi\u00e9n era el por qu\u00e9 se lleg\u00f3 a esa situaci\u00f3n. <\/p>\n<p class=\"v-p\"><strong>-\u00bfQuer\u00eda dar respuesta a esa pregunta porque sent\u00eda que no se hab\u00eda explicado?<\/strong><\/p>\n<p class=\"v-p\">-En parte s\u00ed y porque no entend\u00eda por qu\u00e9 desde muchas instituciones no se contaba. El Gobierno municipal actual, es m\u00e1s abierto, pero el anterior como que lo quer\u00eda ocultar. De hecho, la placa que hay de Gonzalo Ruiz, el obrero fallecido, la puso la Pe\u00f1a Kant-tiber, que es una pe\u00f1a de f\u00fatbol. No me entraba en la cabeza. T\u00fa vas a Reinosa y hablas con gente de 35 a\u00f1os para atr\u00e1s sobre la primavera del 87 y te dicen que es una canci\u00f3n de La Fuga.<\/p>\n<p class=\"v-p\"><strong>-\u00bfC\u00f3mo se oculta un acontecimiento de por s\u00ed asociado a la historia de un lugar ?<\/strong><\/p>\n<p class=\"v-p\">-Nunca lo he entendido y todos mis amigos, los que colaboran en este trabajo, tampoco lo entend\u00edamos. De ah\u00ed poner en valor esa lucha obrera que hubo en Reinosa, porque un pueblo sin memoria es un pueblo sin futuro. Reinosa ha perdido 5.000 habitantes desde entonces y planteamos tambi\u00e9n preguntas que dejamos en el aire para que la gente piense \u00bfpor qu\u00e9? Porque no ha sido una reconversi\u00f3n industrial; es una desindustrializaci\u00f3n.<\/p>\n<p class=\"v-p\"><strong>-La memoria es un eje recurrente en su filmograf\u00eda. \u00bfC\u00f3mo dialoga este trabajo con los anteriores?<\/strong><\/p>\n<p class=\"v-p\">-La memoria y el tema social. Me gusta visibilizar las cosas que no suelen ser visibles. Tanto en tema LGTB, en el tema de la memoria democr\u00e1tica, medio ambiente&#8230; Y este es un una pata m\u00e1s, digamos, de toda mi trayectoria. Por lo que me dicen los cr\u00edticos, es mi mejor trabajo, posiblemente tambi\u00e9n por la madurez con la que he llegado. Era el momento id\u00f3neo para hacerlo.<\/p>\n<p class=\"v-p\"><strong>-\u00bfC\u00f3mo decidi\u00f3 el enfoque de la historia, entre la parte emocional, la period\u00edstica y la testimonial?<\/strong><\/p>\n<p class=\"v-p\">-En este documental se plante\u00f3, al principio, hacer una comparativa con la actualidad y c\u00f3mo est\u00e1n las f\u00e1bricas ahora. Pero era un jard\u00edn tan grande en el que nos met\u00edamos que cambiamos el paso. Creo que esa madurez tambi\u00e9n me ha llevado a profundizar un poco en el enfoque m\u00e1s emotivo, m\u00e1s que sintetizar o generar malas interpretaciones despu\u00e9s con el poso que deja el documental. <\/p>\n<p class=\"v-p\"><strong>-\u00bfEsa madurez le permiti\u00f3 saber cu\u00e1ndo renunciar?<\/strong><\/p>\n<p class=\"v-p\">-S\u00ed, sin duda. Tambi\u00e9n como hemos tenido muchos problemas de financiaci\u00f3n, que al final lo he financiado yo entero, te da el punto de reposar, y al volver a retomarlo, hac\u00edas cambios que no ten\u00edas previstos. Como comerte un buen cocido monta\u00f1\u00e9s bien reposadito o una comida r\u00e1pida en una hamburgueser\u00eda. Tener la paciencia adecuada y esa templanza ha beneficiado al trabajo final.<\/p>\n","protected":false},"excerpt":{"rendered":"Tantas personas han querido descubrir lo que Richard Zubelzu narra en &#8216;Reinosa, 1987&#8217;, que de dos sesiones previstas&hellip;\n","protected":false},"author":2,"featured_media":111621,"comment_status":"","ping_status":"","sticky":false,"template":"","format":"standard","meta":{"footnotes":""},"categories":[169],"tags":[177,146,147,25,24,176,2848,911,175,4899,23],"class_list":{"0":"post-111620","1":"post","2":"type-post","3":"status-publish","4":"format-standard","5":"has-post-thumbnail","7":"category-cine","8":"tag-cine","9":"tag-entertainment","10":"tag-entretenimiento","11":"tag-es","12":"tag-espana","13":"tag-film","14":"tag-futuro","15":"tag-memoria","16":"tag-movies","17":"tag-pueblo","18":"tag-spain"},"share_on_mastodon":{"url":"","error":""},"_links":{"self":[{"href":"https:\/\/www.europesays.com\/es\/wp-json\/wp\/v2\/posts\/111620","targetHints":{"allow":["GET"]}}],"collection":[{"href":"https:\/\/www.europesays.com\/es\/wp-json\/wp\/v2\/posts"}],"about":[{"href":"https:\/\/www.europesays.com\/es\/wp-json\/wp\/v2\/types\/post"}],"author":[{"embeddable":true,"href":"https:\/\/www.europesays.com\/es\/wp-json\/wp\/v2\/users\/2"}],"replies":[{"embeddable":true,"href":"https:\/\/www.europesays.com\/es\/wp-json\/wp\/v2\/comments?post=111620"}],"version-history":[{"count":0,"href":"https:\/\/www.europesays.com\/es\/wp-json\/wp\/v2\/posts\/111620\/revisions"}],"wp:featuredmedia":[{"embeddable":true,"href":"https:\/\/www.europesays.com\/es\/wp-json\/wp\/v2\/media\/111621"}],"wp:attachment":[{"href":"https:\/\/www.europesays.com\/es\/wp-json\/wp\/v2\/media?parent=111620"}],"wp:term":[{"taxonomy":"category","embeddable":true,"href":"https:\/\/www.europesays.com\/es\/wp-json\/wp\/v2\/categories?post=111620"},{"taxonomy":"post_tag","embeddable":true,"href":"https:\/\/www.europesays.com\/es\/wp-json\/wp\/v2\/tags?post=111620"}],"curies":[{"name":"wp","href":"https:\/\/api.w.org\/{rel}","templated":true}]}}