{"id":111622,"date":"2025-09-13T04:54:08","date_gmt":"2025-09-13T04:54:08","guid":{"rendered":"https:\/\/www.europesays.com\/es\/111622\/"},"modified":"2025-09-13T04:54:08","modified_gmt":"2025-09-13T04:54:08","slug":"maria-perez-la-diosa-de-la-marcha-consigue-esplendidamente-su-tercer-titulo-mundial-deportes","status":"publish","type":"post","link":"https:\/\/www.europesays.com\/es\/111622\/","title":{"rendered":"Mar\u00eda P\u00e9rez, la diosa de la marcha, consigue espl\u00e9ndidamente su tercer t\u00edtulo mundial | Deportes"},"content":{"rendered":"<p class=\"\"><a href=\"https:\/\/elpais.com\/deportes\/2025-05-18\/la-campeona-olimpica-maria-perez-vuelve-a-marchar-y-se-impone-en-los-35-kilometros-de-la-copa-de-europa.html\" target=\"_self\" rel=\"nofollow noopener\" title=\"https:\/\/elpais.com\/deportes\/2025-05-18\/la-campeona-olimpica-maria-perez-vuelve-a-marchar-y-se-impone-en-los-35-kilometros-de-la-copa-de-europa.html\">Sola entre todos compite Mar\u00eda P\u00e9rez,<\/a> que acelera entre hombres y mujeres, pone el piloto autom\u00e1tico feliz y se olvida del mundo marchando potente y r\u00edtmica, casi con una sonrisa en la boca empapada por la humedad de Tokio reci\u00e9n amanecido. <\/p>\n<p class=\"\">Va m\u00e1s r\u00e1pida que ninguna y hasta se divierte acosando con su ritmo durante un par de vueltas al brasile\u00f1o Caio Bonfim, el segundo clasificado entre los hombres. Ventajas del 35, que se disputa en pelot\u00f3n mixto, lo que permite relativizar la diferencia entre sexos. El ganador entre los hombres, el canadiense Evan Dunfee, ha empleado 2h 28m 29s en cubrir la distancia, a un ritmo de 4m 15s el kil\u00f3metro, mientras que la granadina de Orce consigue <a href=\"https:\/\/elpais.com\/deportes\/2023-08-20\/maria-perez-medalla-de-oro-en-los-20-kilometros-marcha-del-mundial-de-budapest.html\" target=\"_self\" rel=\"nofollow noopener\" title=\"https:\/\/elpais.com\/deportes\/2023-08-20\/maria-perez-medalla-de-oro-en-los-20-kilometros-marcha-del-mundial-de-budapest.html\">su tercer t\u00edtulo Mundial dos a\u00f1os despu\u00e9s de los dos de Budapest tardando poco de 10 minutos m\u00e1s (2h 39m 1s, a 4m 32s el kil\u00f3metro),<\/a> un crono que le habr\u00eda hecho terminar la 21\u00aa en la clasificaci\u00f3n masculina, lo que a ella no le importa. \u201cY tambi\u00e9n desdobl\u00e9 a dos nipones, \u00bfeh?\u201d, dice. \u201cPero cuando compito no pienso en ellos. Solo pienso en llegar. \u201cVoy siempre a mi bola, pero siempre pienso que no hay nadie mejor que yo, \u00bfno?\u201d, dice. \u201cY no me importa decirlo antes, como hoy, que una ha dicho, quiz\u00e1s no participe tal, y yo le digo, me da igual, os voy a ganar a todas\u201d. <\/p>\n<p class=\"\">Solo piensa en ganar, lo que hace con m\u00e1s facilidad que nunca despu\u00e9s de marcharse con su \u00edntima Antonella Palmisano pasado el kil\u00f3metro 20 del grupo en el que marchaba m\u00e1s mal que bien, aguantando pisotones de la china Peng Li que formaba consorcio a su lado con la ecuatoriana Milena Torres una vez descolgada para siempre la otra favorita, la peruana Kimberly Garc\u00eda, campeona mundial del 22. Se van juntas P\u00e9rez y Palmisano, casi del brazo, dos amigas de paseo; la italiana de Taranto, en la Lucania antigua del J\u00f3nico, haciendo ondear en su coleta la flor hermosa y pintona que le fabrica su mam\u00e1, la misma que luci\u00f3 cuando gan\u00f3 el oro ol\u00edmpico en Tokio 2021; P\u00e9rez, del \u00e1spero y duro Orce, de 29 a\u00f1os, cinco m\u00e1s joven que su compa\u00f1era, marcando el camino y, poco a poco, distanci\u00e1ndose. Te espero en la llegada, le dice, pues se siente plet\u00f3rica, necesita acelerar el ritmo, mostrar su bondad, sentirse admirada. Sola entre todos. Abriendo camino. Oye que hasta los espectadores japoneses que llenan el circuito trazado alrededor del estadio ol\u00edmpico corean su nombre. Lo entiende. Lo disfruta. \u201cYo donde voy soy siempre bien recibida\u201d, dice la joven que de ni\u00f1a trabaj\u00f3 en el campo, y tambi\u00e9n, para completar, sirviendo m\u00e1s tarde copas en los pubs del pueblo. \u201cEso quiere decir que algo bueno estoy haciendo, que soy un buen ejemplo para la sociedad en mi disciplina. Y eso es lo que me voy a llevar siempre\u201d.<\/p>\n<p class=\"\">Antes de llegar a Tokio, donde borr\u00f3 el recuerdo ol\u00edmpico de cuatro a\u00f1os antes, cuando termin\u00f3 cuarta, Mar\u00eda P\u00e9rez ya hab\u00eda ganado todo lo que se pod\u00eda ganar: campeona de Europa, dos veces campeona mundial, campeona ol\u00edmpica. Llegaba feliz y en paz consigo misma. Dispuesta a una carrera tranquila. Pero no ser\u00eda la que es, la campeona supercompetitiva que sacrifica toda su vida por el trabajo que le hace ser mejor, si no pensara en su interior que le faltaba algo. \u201cSoy una Mar\u00eda diferente porque lo tengo ya todo, pero sigo poni\u00e9ndome nerviosa. Mira que he estado todos los d\u00edas muy tranquila, pero anoche me tuve que tomar dos melatoninas, y sent\u00eda ya la sensaci\u00f3n de ansiedad de Budapest, y eso es lo que hace que todav\u00eda me enganche\u201d, dice. \u201cQuiz\u00e1s es porque sent\u00eda que solo me faltaba en la colecci\u00f3n un \u00e9xito entrando en un estadio ol\u00edmpico [en Berl\u00edn, donde el Europeo, en Budapest y en Par\u00eds, la marcha se celebr\u00f3 en el centro de la ciudad, lejos del estadio]. Yo ten\u00eda 18 a\u00f1os cuando vi a Miguel \u00c1ngel L\u00f3pez ganar el Mundial del 15 entrando en el estadio ol\u00edmpico de Pek\u00edn, y dije, joder, ojal\u00e1 alg\u00fan d\u00eda pueda conseguir lo que ha hecho \u00e9l\u2026 Los sue\u00f1os a veces se cumplen\u201d.<\/p>\n<p class=\"\">Entra sola en el estadio ol\u00edmpico, sale del oscuro t\u00fanel al resplandor de la luz nublada, afortunadamente, de Tokio, y no hay nadie delante ni detr\u00e1s. Son 300m de vuelta de honor, jugando con la bandera de Espa\u00f1a que agarra con las dos manos al cruzar la meta. Despu\u00e9s la suelta y no celebra. Solo espera. Cinco minutos m\u00e1s tarde ve entrar en el estadio a su amiga Palmisano. Se dirige a la l\u00ednea de meta y cuando la ve enfilar la \u00faltima recta la saluda inclin\u00e1ndose ceremoniosamente, a la japonesa, y cuando la cruza la abraza, y la intenta elevar en el aire. \u201cAy, d\u00e9jame, que estoy muerta\u201d, le suplica la italiana, que se derrumba en el suelo, donde se queda sentada. Mar\u00eda se inclina y casi amorosamente le desata los cordones de las zapatillas, y se levanta corriendo a por una botella de agua que comparte con su amiga. Recuerdan las promesas que se hicieron cuando compartieron cuatro semanas de entrenamiento en Livigno, en los Alpes, el pasado junio. Palmisano le dijo que solo compet\u00eda motivada por ella, por el ejemplo de Mar\u00eda, y por el deseo de llevar la flor tejida por su madre, y la granadina le confes\u00f3 que gracias a ella, a entrenarse con ella y con su marido y entrenador, Lorenzo Dessi, hab\u00eda mejorado. \u201cSoy la atleta que soy gracias a ella y a la manera como me han ense\u00f1ado ella y su equipo a preparar las cosas\u201d, dice P\u00e9rez. \u201cY es muy importante compartir los grande momentos con las personas importantes\u201d. Comparten y se felicitan. Se hab\u00edan prometido compartir el podio en Tokio. Lo han conseguido. Mar\u00eda P\u00e9rez vuelve a estar en paz. \u201cAlcanzar este estado es complicado\u201d, dice. \u201cY cuando lo encuentras solo te queda disfrutar\u201d.<\/p>\n<p class=\"\">Las otras dos espa\u00f1olas, Raquel Gonz\u00e1lez (sexta) y Cristina Montesinos (s\u00e9ptima) alcanzaron puesto de finalistas, lo que les garantiza una beca el pr\u00f3ximo a\u00f1o, as\u00ed como el gallego Daniel Chamosa, sexto y mejor espa\u00f1ol en el a\u00f1o de su debut en un Mundial a los 28. Hermano de la muy talentosa marchadora Ant\u00eda, dos a\u00f1os m\u00e1s joven, que participar\u00e1 en los 20 kil\u00f3metros, Daniel Chamosa ha superado enfermedades penosas (dos neumot\u00f3rax) y una insidiosa lesi\u00f3n de isquio antes de llamar con fuerza a la puerta de la elite. \u201cHasta hora solo ven\u00eda a los Mundiales como espectador, para animar a mi hermana. Ahora ya soy protagonista\u201d, dice el marchador de Pontevedra que sacrifica vivir en su Galicia, el mar, la brisa, los bosques, para vivir y entrenarse en la dura y \u00e1rida Guadix con Jacinto Garz\u00f3n, en el grupo justamente de Mar\u00eda P\u00e9rez.<\/p>\n<p class=\"\"><a href=\"https:\/\/elpais.com\/deportes\/juegos-olimpicos\/2024-08-06\/un-maraton-de-marcha-en-relevo-mixto-o-la-redencion-en-los-juegos-olimpicos-para-miguel-angel-lopez.html\" target=\"_self\" rel=\"nofollow noopener\" title=\"https:\/\/elpais.com\/deportes\/juegos-olimpicos\/2024-08-06\/un-maraton-de-marcha-en-relevo-mixto-o-la-redencion-en-los-juegos-olimpicos-para-miguel-angel-lopez.html\">Miguel \u00c1ngel L\u00f3pez, machacado por una humedad que le asfixiaba, fue 12\u00ba.<\/a><\/p>\n","protected":false},"excerpt":{"rendered":"Sola entre todos compite Mar\u00eda P\u00e9rez, que acelera entre hombres y mujeres, pone el piloto autom\u00e1tico feliz y&hellip;\n","protected":false},"author":2,"featured_media":111623,"comment_status":"","ping_status":"","sticky":false,"template":"","format":"standard","meta":{"footnotes":""},"categories":[93],"tags":[928,11485,1540,168,25,24,38010,38009,36442,26618,23,167],"class_list":{"0":"post-111622","1":"post","2":"type-post","3":"status-publish","4":"format-standard","5":"has-post-thumbnail","7":"category-deportes","8":"tag-atletas","9":"tag-atletismo","10":"tag-competiciones","11":"tag-deportes","12":"tag-es","13":"tag-espana","14":"tag-marcha-atletica","15":"tag-maria-perez","16":"tag-miguel-angel-lopez","17":"tag-mundiales-atletismo","18":"tag-spain","19":"tag-sports"},"share_on_mastodon":{"url":"","error":""},"_links":{"self":[{"href":"https:\/\/www.europesays.com\/es\/wp-json\/wp\/v2\/posts\/111622","targetHints":{"allow":["GET"]}}],"collection":[{"href":"https:\/\/www.europesays.com\/es\/wp-json\/wp\/v2\/posts"}],"about":[{"href":"https:\/\/www.europesays.com\/es\/wp-json\/wp\/v2\/types\/post"}],"author":[{"embeddable":true,"href":"https:\/\/www.europesays.com\/es\/wp-json\/wp\/v2\/users\/2"}],"replies":[{"embeddable":true,"href":"https:\/\/www.europesays.com\/es\/wp-json\/wp\/v2\/comments?post=111622"}],"version-history":[{"count":0,"href":"https:\/\/www.europesays.com\/es\/wp-json\/wp\/v2\/posts\/111622\/revisions"}],"wp:featuredmedia":[{"embeddable":true,"href":"https:\/\/www.europesays.com\/es\/wp-json\/wp\/v2\/media\/111623"}],"wp:attachment":[{"href":"https:\/\/www.europesays.com\/es\/wp-json\/wp\/v2\/media?parent=111622"}],"wp:term":[{"taxonomy":"category","embeddable":true,"href":"https:\/\/www.europesays.com\/es\/wp-json\/wp\/v2\/categories?post=111622"},{"taxonomy":"post_tag","embeddable":true,"href":"https:\/\/www.europesays.com\/es\/wp-json\/wp\/v2\/tags?post=111622"}],"curies":[{"name":"wp","href":"https:\/\/api.w.org\/{rel}","templated":true}]}}