{"id":111624,"date":"2025-09-13T04:55:07","date_gmt":"2025-09-13T04:55:07","guid":{"rendered":"https:\/\/www.europesays.com\/es\/111624\/"},"modified":"2025-09-13T04:55:07","modified_gmt":"2025-09-13T04:55:07","slug":"sus-sintomas-no-son-facilmente-reconocibles-como-los-del-infarto","status":"publish","type":"post","link":"https:\/\/www.europesays.com\/es\/111624\/","title":{"rendered":"\u00abSus s\u00edntomas no son f\u00e1cilmente reconocibles como los del infarto\u00bb"},"content":{"rendered":"<p>\t\t\t \t\t \t\t\t\t\t\t\tLa sepsis requiere\u00a0tratamiento hospitalario. <strong class=\"pd-l\">iStock  <\/strong><\/p>\n<p>\t\t\t\t\t\tEste cuadro puede ser ocasionado por infecciones frecuentes y se calcula que en Espa\u00f1a causa 17.000\u00a0muertes anuales<br \/>\n\t\t\t\t\t\t<strong>13 sep 2025<\/strong> . Actualizado a las 05:00 h.\t\t\t\t\t\t<\/p>\n<p>\n                Newsletter<br \/>\n                Salud, bienestar y nutrici\u00f3n\n            <\/p>\n<p class=\"first-paragraph txt\">Este s\u00e1bado 13 de septiembre se celebra el <strong>D\u00eda Mundial de la <a class=\"link-txt\" href=\"https:\/\/www.lavozdegalicia.es\/noticia\/lavozdelasalud\/enfermedades\/2022\/09\/12\/dia-mundial-sepsis-infeccion-riesgo-convertirse-sepsis\/00031662992525278819638.htm\" rel=\"nofollow noopener\" target=\"_blank\">Sepsis<\/a><\/strong>, un cuadro grave que requiere atenci\u00f3n urgente y una de las<strong> causas de muerte<\/strong> m\u00e1s frecuentes en todo el mundo. Provoca <a class=\"link-txt\" href=\"https:\/\/www.lavozdegalicia.es\/noticia\/lavozdelasalud\/enfermedades\/2024\/05\/20\/sepsis-proceso-infeccioso-presidenta-extremadura-ingresada-uci\/00031716206284124131885.htm\" rel=\"nofollow noopener\" target=\"_blank\">once millones de fallecimientos anuales a nivel mundia<\/a>l, seg\u00fan datos de la Organizaci\u00f3n Mundial de la Salud (OMS) del a\u00f1o 2024. Se trata de una complicaci\u00f3n que puede ocurrir al contraer infecciones prevalentes. En Espa\u00f1a, los diagn\u00f3sticos de sepsis han aumentado un 60 % entre el 2016 y el 2022, seg\u00fan un informe de la <strong>Sociedad Espa\u00f1ola de Medicina Intensiva, Cr\u00edtica y Unidades Coronarias (Semicyuc)<\/strong>. Cada a\u00f1o fallecen 17.000 personas a causa de la sepsis, una cifra m\u00e1s alta que la de pacientes que mueren anualmente de c\u00e1ncer de mama o colon.<\/p>\n<p class=\"txt\">Pero pese a su elevada prevalencia y a su <strong>gravedad<\/strong>, la sepsis sigue siendo un problema de salud poco conocido. \u00abProduce fallo de \u00f3rganos y eso pone en riesgo la supervivencia del paciente. Es muy importante de cara al pron\u00f3stico la identificaci\u00f3n lo antes posible del problema. Cuanto antes se comienza el tratamiento, m\u00e1s probabilidades de \u00e9xito vamos a tener y menor riesgo de mortalidad\u00bb, <a class=\"link-txt\" href=\"https:\/\/www.lavozdegalicia.es\/noticia\/lavozdelasalud\/enfermedades\/2022\/09\/12\/dia-mundial-sepsis-infeccion-riesgo-convertirse-sepsis\/00031662992525278819638.htm\" rel=\"nofollow noopener\" target=\"_blank\">explica en este art\u00edculo<\/a> el doctor Juan Gonz\u00e1lez del Castillo, coordinador del Grupo de infecciones en urgencias de la Sociedad Espa\u00f1ola de Medicina de Urgencias y Emergencias (Semes).<\/p>\n<p>\t\t\t\t\t\t \t\t\t\t\t\t\t\t\t\t\t\t\t\t\t\t\t\t\t\t\t\t\t\u00bfQu\u00e9 es el shock s\u00e9ptico?<\/p>\n<p class=\"txt\">Cuando la sepsis afecta al funcionamiento de los <strong>\u00f3rganos<\/strong>, se produce un shock s\u00e9ptico. En estos casos, puede haber \u00abun fracaso en \u00f3rganos principales como el ri\u00f1\u00f3n o el coraz\u00f3n\u00bb, detalla el doctor Juan Carlos Montalv\u00e1, de la Sociedad Espa\u00f1ola de M\u00e9dicos de Atenci\u00f3n Primaria (Semergen).<\/p>\n<p class=\"txt\">Cuando se desarrolla el <a class=\"link-txt\" href=\"https:\/\/www.lavozdegalicia.es\/noticia\/lavozdelasalud\/enfermedades\/2024\/05\/20\/sepsis-proceso-infeccioso-presidenta-extremadura-ingresada-uci\/00031716206284124131885.htm\" rel=\"nofollow noopener\" target=\"_blank\"><strong>shock s\u00e9ptico<\/strong><\/a>, muchas veces, el tratamiento con antibi\u00f3ticos resulta insuficiente, ya que se ha perdido esa funcionalidad org\u00e1nica y no hay un flujo sangu\u00edneo adecuado hacia los \u00f3rganos vitales. Esto es lo que desencadena, hasta en un 30 % de los pacientes, la muerte. Sin embargo, el doctor Borja Suberviola, m\u00e9dico intensivista y coordinador del Grupo de Trabajo de Enfermedades Infecciosas y Sepsis de la Semicyuc, asegura que el shock s\u00e9ptico \u00abes un cuadro grave pero tratable y, en la mayor parte de casos, recuperable. Se requiere para ello de una identificaci\u00f3n r\u00e1pida y un tratamiento adecuado y completo\u00bb.<\/p>\n<p class=\"txt\">\n<p>\t\t\t\t\t\t\t\t\t\t\t\t&#13;<br \/>\n\t\t\t\t\t\t\t\t&#13;<br \/>\n&#13;<br \/>\n&#13;<\/p>\n<p>\t\t\t&#13;<br \/>\n\t&#13;<\/p>\n<p>\t\t\t<a href=\"https:\/\/www.lavozdegalicia.es\/noticia\/lavozdelasalud\/enfermedades\/2022\/09\/12\/dia-mundial-sepsis-infeccion-riesgo-convertirse-sepsis\/00031662992525278819638.htm\" data-analytics=\"link-embed\" rel=\"nofollow noopener\" target=\"_blank\">D\u00eda Mundial de la Sepsis: \u00abCualquier infecci\u00f3n tiene riesgo de convertirse en sepsis\u00bb<\/a><\/p>\n<p class=\"a-min-author\">\n<p>\t\t\t\t\t\t\t\t\t\t\t<a href=\"https:\/\/www.lavozdegalicia.es\/firmas\/laura-ines-miyara\" rel=\"nofollow noopener\" target=\"_blank\"> \tLaura Miyara<\/a><\/p>\n<p>\t&#13;<br \/>\n\t&#13;<br \/>\n&#13;<\/p>\n<p>\u00bfPor qu\u00e9 la sepsis tiene una mortalidad elevada?<\/p>\n<p class=\"txt\">El doctor Suberviola explica que la <strong>mortalidad<\/strong> en la sepsis se debe a la suma de varios factores. Entre ellos, destaca \u00ablas caracter\u00edsticas del paciente, las del microorganismo que ha provocado la infecci\u00f3n, el estado de gravedad que presente el individuo antes de recibir atenci\u00f3n y la adecuaci\u00f3n y precocidad del tratamiento que reciba\u00bb. La suma de todos estos elementos permite comprender la vulnerabilidad de una persona ante el desarrollo de este cuadro.<\/p>\n<p>\t\t\t\t           \t\t\t\t\t\t\t\t\t\t\t\t\t\t\t\t\t\t\t\t\t\u00bfCualquier persona puede sufrir una sepsis?<\/p>\n<p class=\"txt\">Todas las personas han padecido diferentes <a class=\"link-txt\" href=\"https:\/\/www.lavozdegalicia.es\/noticia\/lavozdelasalud\/enfermedades\/2025\/09\/11\/meningitis-enfermedad-encias-parasitos-estomacales-infecciones-pueden-transmitirse-beso\/00031757605267164376441.htm\" rel=\"nofollow noopener\" target=\"_blank\"><strong>infecciones<\/strong> <\/a>a lo largo de la vida, pero \u00bfqu\u00e9 determina que estas puedan derivar en una sepsis? El doctor Suberviola apunta que \u00abexisten factores que facilitan su aparici\u00f3n y que el paciente sufra cuadros de mayor gravedad. La edad, la existencia de enfermedades previas, especialmente aquellas que alteran el sistema inmunitario, el haberse sometido a procedimientos o intervenciones agresivas o estar recibiendo tratamientos inmunosupresores son elementos facilitadores\u00bb. Las personas mayores de 65 a\u00f1os, aquellas con enfermedad renal o diabetes, las mujeres embarazadas y los ni\u00f1os menores de un a\u00f1o son algunos de los principales <strong>grupos de riesgo.<\/strong><\/p>\n<p>\t\t\t\t\t\t \t\t\t\t\t\t\t\t\t\t\t\t\t\t\t\t\t\t\t\t\t\t\t\u00bfC\u00f3mo se diagnostica la sepsis?<\/p>\n<p class=\"txt\">Uno de los motivos por los que es dif\u00edcil detectar un caso de sepsis de manera r\u00e1pida es que sus s\u00edntomas son muy variables. \u00abNo son s\u00edntomas f\u00e1cilmente reconocibles como los del ictus o el infarto y esto provoca que, en ocasiones, su diagn\u00f3stico se retrase, provocando el\u00a0empeoramiento del paciente y su <strong>pron\u00f3stico<\/strong>\u00bb, se\u00f1ala Suberviola.<\/p>\n<p class=\"txt\">Para realizar el <strong>diagn\u00f3stico<\/strong>, los m\u00e9dicos suelen pedir una serie de pruebas para tratar de identificar la infecci\u00f3n oculta. Las anal\u00edticas de sangre son las m\u00e1s frecuentes, ya que periten determinar signos de la sepsis como un funcionamiento an\u00f3malo del h\u00edgado o de los ri\u00f1ones, una menor oxigenaci\u00f3n de los tejidos o desequilibrios de electrolitos.<\/p>\n<p>\t\t\t\t\t\t \t\t\t\t\t\t\t\t\t\t\t\t\t\t\t\t\t\t\t\t\t\t\t\u00bfCu\u00e1les son sus s\u00edntomas?<\/p>\n<p class=\"txt\">Los <strong>s\u00edntomas<\/strong> principales de una sepsis, adem\u00e1s de una fiebre que no desaparece, tienen que ver con alteraciones en el coraz\u00f3n y el sistema respiratorio. \u00abUna respiraci\u00f3n y una frecuencia card\u00edaca un poco m\u00e1s r\u00e1pida, dificultad para respirar, confusi\u00f3n, desorientaci\u00f3n, dolor, flojera mayor de lo normal, fiebre, escalofr\u00edos, una distermia intensa con una piel sudorosa. Todo eso puede asociarse a una disminuci\u00f3n de las defensas\u00bb, indica Montalv\u00e1.<\/p>\n<p class=\"txt\">Adem\u00e1s de estas se\u00f1ales, la sepsis puede causar uno o m\u00e1s de estos s\u00edntomas:<\/p>\n<ul>\n<li>Respiraci\u00f3n y frecuencia card\u00edaca r\u00e1pida<\/li>\n<li>Dificultad para respirar<\/li>\n<li>Confusi\u00f3n o desorientaci\u00f3n<\/li>\n<li>Dolor o molestia extrema<\/li>\n<li>Fiebre, escalofr\u00edos o sensaci\u00f3n de mucho fr\u00edo<\/li>\n<li>Piel h\u00fameda o sudorosa<\/li>\n<\/ul>\n<p>\u00bfC\u00f3mo funciona el c\u00f3digo sepsis?<\/p>\n<p class=\"txt\">La sepsis <strong>es una enfermedad tiempo sensible<\/strong>, lo que quiere decir que el diagn\u00f3stico tiene que hacerse de forma r\u00e1pida y oportuna para impedir que la infecci\u00f3n vaya a m\u00e1s y el fallo org\u00e1nico sea mayor. Para facilitar ese diagn\u00f3stico temprano, existen protocolos de atenci\u00f3n a este cuadro en los servicios sanitarios de las distintas comunidades aut\u00f3nomas que se denominan C\u00f3digo sepsis.<\/p>\n<p class=\"txt\">Este c\u00f3digo se sustenta en un plan de atenci\u00f3n a la sepsis que protocoliza la actuaci\u00f3n cl\u00ednica, ordena y normaliza los procesos, y en el que el tiempo marca de forma decisiva la actuaci\u00f3n m\u00e9dica. Las caracter\u00edsticas de la sepsis, con s\u00edntomas y signos menos espec\u00edficos que otras patolog\u00edas tiempo dependientes, y trat\u00e1ndose de s\u00edntomas que adem\u00e1s suelen ser m\u00e1s dispersos en el tiempo, dificulta el diagn\u00f3stico temprano, que permite un tratamiento m\u00e1s eficaz y puede salvar vidas.<\/p>\n<p class=\"txt\">\n<p>\t\t\t\t\t\t\t\t\t\t\t\t&#13;<br \/>\n\t\t\t\t\t\t\t\t&#13;<br \/>\n&#13;<br \/>\n&#13;<\/p>\n<p>\t\t\t&#13;<br \/>\n\t&#13;<\/p>\n<p>\t\t\t<a href=\"https:\/\/www.lavozdegalicia.es\/noticia\/lavozdelasalud\/enfermedades\/2022\/09\/12\/jordi-sanchon-paciente-sepsis-tenia-haber-muerto-saben-medicos\/00031662985606502812151.htm\" data-analytics=\"link-embed\" rel=\"nofollow noopener\" target=\"_blank\">Jordi Sanch\u00f3n, paciente de sepsis: \u00abYo ten\u00eda que haber muerto, el porqu\u00e9 estoy aqu\u00ed no lo saben ni los m\u00e9dicos\u00bb<\/a><\/p>\n<p class=\"a-min-author\">\n<p>\t\t\t\t\t\t\t\t\t\t\t<a href=\"https:\/\/www.lavozdegalicia.es\/firmas\/laura-ines-miyara\" rel=\"nofollow noopener\" target=\"_blank\"> \tLaura Miyara<\/a><\/p>\n<p>\t&#13;<br \/>\n\t&#13;<br \/>\n&#13;<\/p>\n<p>\u00bfSe puede contraer sepsis fuera del hospital?<\/p>\n<p class=\"txt\">La sepsis es consecuencia de una infecci\u00f3n, por lo que el riesgo de desarrollarla puede aumentar en contextos en los que haya unas probabilidades mayores de contraer infecciones. En este sentido, Suberviola explica que \u00abexisten infecciones comunitarias, que se contraen fuera del hospital, y otras que son hospitalarias. Por eso hay sepsis en ambos \u00e1mbitos. Lo que distingue unas y otras suele ser el microorganismo que provoca la infecci\u00f3n\u00bb.<\/p>\n<p class=\"txt\">Por otra parte, se\u00f1ala que un individuo que se encuentra hospitalizado, \u00abal tener un problema de salud que provoca que est\u00e9 ingresado, pueda ser un paciente m\u00e1s fr\u00e1gil y, por ello, <strong>susceptible<\/strong> a presentar la sepsis. Sin embargo, el diagn\u00f3stico y el tratamiento de la sepsis no var\u00eda significativamente en ambos casos\u00bb.\u00a0<\/p>\n<p>\t\t\t\t           \t\t\t\t\t\t\t\t\t\t\t\t\t\t\t\t\t\t\t\t\t\u00bfCu\u00e1l es el tratamiento?<\/p>\n<p class=\"txt\">Iniciar la intervenci\u00f3n de manera r\u00e1pida es clave para el pron\u00f3stico de la sepsis. Lo fundamental es iniciar lo antes posible un tratamiento <strong>antibi\u00f3tico<\/strong>, si es posible en la primera hora o las primeras tres horas. Luego, hay un tratamiento de soporte hemodin\u00e1mico para mejorar la perfusi\u00f3n (o irrigaci\u00f3n) de los \u00f3rganos, bien con drogas, o con sueroterapia. Adem\u00e1s, hay que extraer los cultivos lo antes posible y controlar el foco infeccioso. Hay pacientes que requieren un drenaje del focos, si hay un absceso, por ejemplo, cuanto antes se drene, mejor. Y luego, espec\u00edficamente, para el da\u00f1o de \u00f3rgano, hay otros tratamientos\u00bb, detalla Gonz\u00e1lez.<\/p>\n<p class=\"txt\">En casos graves, es posible que algunos pacientes necesiten di\u00e1lisis renal o un tubo de respiraci\u00f3n. Algunas personas necesitan cirug\u00eda para eliminar el tejido da\u00f1ado por la infecci\u00f3n.<\/p>\n<p>\t\t\t\t\t\t \t\t\t\t\t\t\t\t\t\t\t           \t\t        \t\t\t           \t\t\t\t\t\t\t\t\t\t\t\t\t\t\t\t\t\t\t\t\t\u00bfHay bacterias resistentes al tratamiento?<\/p>\n<p class=\"txt\">La <a class=\"link-txt\" href=\"https:\/\/www.lavozdegalicia.es\/noticia\/lavozdelasalud\/enfermedades\/2022\/11\/17\/jose-luis-martinez-microbiologo-csic-ante-mayor-parte-bacterias-existian-seis-antibioticos-quedan-dos\/00031668707370926336439.htm\" rel=\"nofollow noopener\" target=\"_blank\"><strong>resistencia bacteriana<\/strong> <\/a>a los antibi\u00f3ticos es un problema que ha incrementado en los \u00faltimos a\u00f1os y que preocupa especialmente en el \u00e1mbito hospitalario. Sin embargo, el doctor Suberviola asegura que \u00abesto no quiere decir que las infecciones provocadas por estas bacterias sean intratables, sino que estos casos hay que identificarlos lo m\u00e1s r\u00e1pidamente posible para poder emplear otros antibi\u00f3ticos que s\u00ed sean efectivos\u00bb.<\/p>\n<p>\t\t\t\t\t\t \t\t\t\t\t\t\t\t\t\t\t\t\t\t\t\t\t\t\t\t\t\t\t\u00bfSe puede prevenir la sepsis?<\/p>\n<p class=\"txt\">Para evitar el desarrollo de una sepsis, es fundamental actuar r\u00e1pidamente ante cualquier sospecha de infecci\u00f3n, en particular, ante la presencia de una temperatura corporal elevada que no desciende. \u00abCualquier infecci\u00f3n que se asocie a fiebre durante m\u00e1s de 24 horas tiene riesgo de convertirse en una sepsis. Por lo tanto, en cuanto una persona tiene un cuadro catarral, v\u00edrico, o una sensaci\u00f3n de molestia urinaria o complicaciones, sudoraci\u00f3n o febr\u00edcula, que no se espere a ver qu\u00e9 pasa. Vale la pena que <strong>en 24 o 48 horas visite a su m\u00e9dico<\/strong> de cabecera. Que se acerque al hospital y lo valoren es la mejor forma de prevenir la sepsis. Sobre todo, si ya tienes establecidos problemas renales o cardiovascular\u00bb, indica Montalv\u00e1.<\/p>\n<p>\t\t\t\t\t\tLaura In\u00e9s Miyara<\/p>\n<p>\t\t\t\t\t\t\t\t\t\t\t\t\t\t\t\tRedactora de La Voz de La Salud, periodista y escritora de Rosario, Argentina. Estudi\u00e9 Licenciatura en Comunicaci\u00f3n Social en la Universidad Nacional de Rosario y en el 2019 me traslad\u00e9 a Espa\u00f1a gracias a una beca para realizar el M\u00e1ster en Produci\u00f3n Xornal\u00edstica e Audiovisual de La Voz de Galicia. Mi misi\u00f3n es difundir y promover la salud mental, luchando contra la estigmatizaci\u00f3n de los trastornos y la psicoterapia, y creando recursos de f\u00e1cil acceso para aliviar a las personas en momentos dif\u00edciles.\n\t\t\t\t\t\t\t\t\t<\/p>\n<p>\t\t\t\t\t\t\t\t\tRedactora de La Voz de La Salud, periodista y escritora de Rosario, Argentina. Estudi\u00e9 Licenciatura en Comunicaci\u00f3n Social en la Universidad Nacional de Rosario y en el 2019 me traslad\u00e9 a Espa\u00f1a gracias a una beca para realizar el M\u00e1ster en Produci\u00f3n Xornal\u00edstica e Audiovisual de La Voz de Galicia. Mi misi\u00f3n es difundir y promover la salud mental, luchando contra la estigmatizaci\u00f3n de los trastornos y la psicoterapia, y creando recursos de f\u00e1cil acceso para aliviar a las personas en momentos dif\u00edciles.<\/p>\n<p>&#13;<br \/>\n\tArchivado en:&#13;<br \/>\n\t\t\t\t\t<a href=\"https:\/\/www.lavozdegalicia.es\/temas\/antibiotico\/\" target=\"_blank\" class=\"mg-l\" rel=\"nofollow noopener\">Antibi\u00f3tico<\/a>&#13;<br \/>\n\t\t\t\t\t<a href=\"https:\/\/www.lavozdegalicia.es\/temas\/fiebre\/\" target=\"_blank\" class=\"mg-l\" rel=\"nofollow noopener\">Fiebre<\/a>&#13;<br \/>\n\t&#13;<\/p>\n","protected":false},"excerpt":{"rendered":"La sepsis requiere\u00a0tratamiento hospitalario. iStock Este cuadro puede ser ocasionado por infecciones frecuentes y se calcula que en&hellip;\n","protected":false},"author":2,"featured_media":111625,"comment_status":"","ping_status":"","sticky":false,"template":"","format":"standard","meta":{"footnotes":""},"categories":[92],"tags":[3417,25,24,7751,165,166,23],"class_list":{"0":"post-111624","1":"post","2":"type-post","3":"status-publish","4":"format-standard","5":"has-post-thumbnail","7":"category-salud","8":"tag-antibiotico","9":"tag-es","10":"tag-espana","11":"tag-fiebre","12":"tag-health","13":"tag-salud","14":"tag-spain"},"share_on_mastodon":{"url":"","error":""},"_links":{"self":[{"href":"https:\/\/www.europesays.com\/es\/wp-json\/wp\/v2\/posts\/111624","targetHints":{"allow":["GET"]}}],"collection":[{"href":"https:\/\/www.europesays.com\/es\/wp-json\/wp\/v2\/posts"}],"about":[{"href":"https:\/\/www.europesays.com\/es\/wp-json\/wp\/v2\/types\/post"}],"author":[{"embeddable":true,"href":"https:\/\/www.europesays.com\/es\/wp-json\/wp\/v2\/users\/2"}],"replies":[{"embeddable":true,"href":"https:\/\/www.europesays.com\/es\/wp-json\/wp\/v2\/comments?post=111624"}],"version-history":[{"count":0,"href":"https:\/\/www.europesays.com\/es\/wp-json\/wp\/v2\/posts\/111624\/revisions"}],"wp:featuredmedia":[{"embeddable":true,"href":"https:\/\/www.europesays.com\/es\/wp-json\/wp\/v2\/media\/111625"}],"wp:attachment":[{"href":"https:\/\/www.europesays.com\/es\/wp-json\/wp\/v2\/media?parent=111624"}],"wp:term":[{"taxonomy":"category","embeddable":true,"href":"https:\/\/www.europesays.com\/es\/wp-json\/wp\/v2\/categories?post=111624"},{"taxonomy":"post_tag","embeddable":true,"href":"https:\/\/www.europesays.com\/es\/wp-json\/wp\/v2\/tags?post=111624"}],"curies":[{"name":"wp","href":"https:\/\/api.w.org\/{rel}","templated":true}]}}