{"id":111626,"date":"2025-09-13T04:56:17","date_gmt":"2025-09-13T04:56:17","guid":{"rendered":"https:\/\/www.europesays.com\/es\/111626\/"},"modified":"2025-09-13T04:56:17","modified_gmt":"2025-09-13T04:56:17","slug":"un-concierto-historico-que-podra-verse-en-tiempo-real","status":"publish","type":"post","link":"https:\/\/www.europesays.com\/es\/111626\/","title":{"rendered":"un concierto hist\u00f3rico que podr\u00e1 verse en tiempo real"},"content":{"rendered":"<p id=\"esXsmSDM9C\" data-wc=\"55\">Este pr\u00f3ximo s\u00e1bado 13 de septiembre, la Plaza de San Pedro de Roma se convertir\u00e1 en el escenario de un concierto sin precedentes. En el coraz\u00f3n del Vaticano se reunir\u00e1n artistas de la talla de <strong>Andrea Bocelli<\/strong>, <strong>John Legend<\/strong> o <strong>Karol G<\/strong> con un objetivo com\u00fan: <strong>unir al mundo entero a trav\u00e9s de la m\u00fasica<\/strong>.<\/p>\n<p> <img src=\"https:\/\/www.europesays.com\/es\/wp-content\/uploads\/2025\/09\/3b44a2d0f5da-jubileekeyart16x9-min-1024x576-1.jpg\"   width=\"1024\" height=\"576\" loading=\"lazy\" decoding=\"async\" alt=\"Cartel del evento 'Grace for the world'\" fetchpriority=\"auto\" class=\"image ho-image\"\/>Cartel del evento &#8216;Grace for the world&#8217;<\/p>\n<p id=\"e0B5sMDyUIR\" data-wc=\"79\">El evento se llama <strong>&#8216;Grace for the World&#8217;<\/strong> y la programaci\u00f3n cuenta con artistas internacionales que suman varios premios Grammy, como <strong>Pharrell Williams<\/strong> con el <strong>Coro Gospel Voices of Fire<\/strong>, <strong>John Legend<\/strong>, <strong>Jennifer Hudson<\/strong>, <strong>BamBam<\/strong>, <strong>Teddy Swims<\/strong>, <strong>Ang\u00e9lique Kidjo<\/strong>, <strong>Andrea Bocelli<\/strong> y <strong>Karol G<\/strong>. Un cartel \u00fanico con una gran variedad de g\u00e9neros, a la que tambi\u00e9n se suma la m\u00fasica cl\u00e1sica, a trav\u00e9s del reconocido <strong>Coro de la Di\u00f3cesis de Roma<\/strong> bajo la batuta del <strong>Maestro Marco Frisina<\/strong>.<\/p>\n<p> <img src=\"https:\/\/www.europesays.com\/es\/wp-content\/uploads\/2025\/09\/066885ca7d3c-fotojet-7-1024x683.jpg\"   width=\"1024\" height=\"683\" loading=\"lazy\" decoding=\"async\" alt=\"Pharrell Williams, John Legend, Jennifer Hudson, BamBam, Teddy Swims, Ang\u00e9lique Kidjo, Andrea Bocelli y Karol G\" fetchpriority=\"auto\" class=\"image ho-image\"\/>Pharrell Williams, John Legend, Jennifer Hudson, BamBam, Teddy Swims, Ang\u00e9lique Kidjo, Andrea Bocelli y Karol G<\/p>\n<p id=\"eY18rGiReR\" data-wc=\"65\">Esta celebraci\u00f3n hist\u00f3rica <strong>marca el A\u00f1o Jubilar 2025<\/strong> y la clausura del Encuentro Mundial sobre la Fraternidad Humana, extendiendo un mensaje de unidad y humanidad por encima de culturas y fronteras.. El concierto estar\u00e1 iluminado por un impresionante espect\u00e1culo de luz y drones de <strong>Nova Sky Stories<\/strong>, inspirado en las obras maestras de la Capilla Sixtina: una fusi\u00f3n sin precedentes de tecnolog\u00eda y arte sacro.<\/p>\n<p id=\"eHYeVbfMmwv\" data-wc=\"39\">Pero lo que hace excepcional este evento es que, si no te va bien acudir a la capital de Italia, puedes verlo c\u00f3modamente desde el sof\u00e1 de tu casa <strong>e<\/strong><strong>n\u00a0streaming<\/strong> a trav\u00e9s de Disney+, Hulu y ABC News.\u00a0<\/p>\n<p> <img src=\"https:\/\/www.europesays.com\/es\/wp-content\/uploads\/2025\/09\/647863e8e5b2-2g35pa6.jpg\"   width=\"1024\" height=\"635\" loading=\"lazy\" decoding=\"async\" alt=\"Atardecer en El Vaticano, Roma\" fetchpriority=\"auto\" class=\"image ho-image\"\/>\u00a9 Noppasin Wongchum \/ Alamy Stock Photo<\/p>\n<p id=\"eTt3hU5_SC\" data-wc=\"53\">No es la primera vez que Andrea Bocelli canta<strong>\u00a0en la Ciudad del Vaticano.\u00a0<\/strong>En octubre de 2022, interpret\u00f3 \u201cAve Maria\u201d en la Plaza de San Pedro como parte de un evento llamado \u201cFollow Me: The Life of St. Peter\u201d. Para los dem\u00e1s artistas, en cambio, ser\u00e1 su debut en este espacio sagrado.\u00a0<\/p>\n<p> <img src=\"https:\/\/www.europesays.com\/es\/wp-content\/uploads\/2025\/09\/c3ef3941e3b2-sipccpf250421037.jpg\"   width=\"1024\" height=\"681\" loading=\"lazy\" decoding=\"async\" alt=\"Andrea Bocelli recibi\u00f3 un c\u00e1lido abrazo del Papa Francisco \" fetchpriority=\"auto\" class=\"image ho-image\"\/>\u00a9 The Grosby GroupAndrea Bocelli recibi\u00f3 un c\u00e1lido abrazo del Papa Francisco <\/p>\n<p> <img src=\"https:\/\/www.europesays.com\/es\/wp-content\/uploads\/2025\/09\/7ce71c601a6a-gettyimages-2184844772.jpg\"   width=\"1024\" height=\"682\" loading=\"lazy\" decoding=\"async\" alt=\"Karol G lanzar\u00e1 'Tropicoqueta' el 20 de junio.\" fetchpriority=\"auto\" class=\"image ho-image\"\/>\u00a9 Getty ImagesKarol G en los Latin Grammy<br \/>\nFecha y hora del concierto<\/p>\n<p id=\"eKsDkbLdClK\" data-wc=\"84\">Para los que tengan la fortuna de poder desplazarse hasta Roma, la apertura de puertas ser\u00e1 a las 18:00h y el encuentro en la Plaza de San Pedro a las 20:00h, pero <strong>los conciertos no empezar\u00e1n hasta las 21:00h<\/strong>. Ser\u00e1 el s\u00e1bado 13 de septiembre cuando se podr\u00e1 ver a Pharrell Williams, Andrea Bocelli o Karol G hacer historia en el Vaticano. Bajo el cielo nocturno, este acontecimiento \u00fanico concentrar\u00e1 arte, m\u00fasica y espiritualidad en una profunda celebraci\u00f3n de la fraternidad y la creatividad.\u00a0<\/p>\n","protected":false},"excerpt":{"rendered":"Este pr\u00f3ximo s\u00e1bado 13 de septiembre, la Plaza de San Pedro de Roma se convertir\u00e1 en el escenario&hellip;\n","protected":false},"author":2,"featured_media":111627,"comment_status":"","ping_status":"","sticky":false,"template":"","format":"standard","meta":{"footnotes":""},"categories":[91],"tags":[517,146,147,25,24,38012,38011,400,23,403],"class_list":{"0":"post-111626","1":"post","2":"type-post","3":"status-publish","4":"format-standard","5":"has-post-thumbnail","7":"category-entretenimiento","8":"tag-actualidad","9":"tag-entertainment","10":"tag-entretenimiento","11":"tag-es","12":"tag-espana","13":"tag-john-legend","14":"tag-karol-g","15":"tag-papa-leon-xiv","16":"tag-spain","17":"tag-vaticano"},"share_on_mastodon":{"url":"","error":""},"_links":{"self":[{"href":"https:\/\/www.europesays.com\/es\/wp-json\/wp\/v2\/posts\/111626","targetHints":{"allow":["GET"]}}],"collection":[{"href":"https:\/\/www.europesays.com\/es\/wp-json\/wp\/v2\/posts"}],"about":[{"href":"https:\/\/www.europesays.com\/es\/wp-json\/wp\/v2\/types\/post"}],"author":[{"embeddable":true,"href":"https:\/\/www.europesays.com\/es\/wp-json\/wp\/v2\/users\/2"}],"replies":[{"embeddable":true,"href":"https:\/\/www.europesays.com\/es\/wp-json\/wp\/v2\/comments?post=111626"}],"version-history":[{"count":0,"href":"https:\/\/www.europesays.com\/es\/wp-json\/wp\/v2\/posts\/111626\/revisions"}],"wp:featuredmedia":[{"embeddable":true,"href":"https:\/\/www.europesays.com\/es\/wp-json\/wp\/v2\/media\/111627"}],"wp:attachment":[{"href":"https:\/\/www.europesays.com\/es\/wp-json\/wp\/v2\/media?parent=111626"}],"wp:term":[{"taxonomy":"category","embeddable":true,"href":"https:\/\/www.europesays.com\/es\/wp-json\/wp\/v2\/categories?post=111626"},{"taxonomy":"post_tag","embeddable":true,"href":"https:\/\/www.europesays.com\/es\/wp-json\/wp\/v2\/tags?post=111626"}],"curies":[{"name":"wp","href":"https:\/\/api.w.org\/{rel}","templated":true}]}}