{"id":111630,"date":"2025-09-13T04:58:08","date_gmt":"2025-09-13T04:58:08","guid":{"rendered":"https:\/\/www.europesays.com\/es\/111630\/"},"modified":"2025-09-13T04:58:08","modified_gmt":"2025-09-13T04:58:08","slug":"sp-mejora-la-calificacion-de-espana-por-su-fuerte-crecimiento-economico-economia","status":"publish","type":"post","link":"https:\/\/www.europesays.com\/es\/111630\/","title":{"rendered":"S&#038;P mejora la calificaci\u00f3n de Espa\u00f1a por su fuerte crecimiento econ\u00f3mico | Econom\u00eda"},"content":{"rendered":"<p class=\"\">La agencia de calificaci\u00f3n crediticia <a href=\"https:\/\/cincodias.elpais.com\/economia\/2025-03-14\/sp-mantiene-el-rating-de-espana-pero-avisa-del-riesgo-de-la-guerra-arancelaria.html\" target=\"_self\" rel=\"nofollow noopener\" title=\"https:\/\/cincodias.elpais.com\/economia\/2025-03-14\/sp-mantiene-el-rating-de-espana-pero-avisa-del-riesgo-de-la-guerra-arancelaria.html\">S&amp;P Global Ratings<\/a> ha mejorado este viernes la nota que concede a Espa\u00f1a. De esta forma, ha elevado la calificaci\u00f3n de la deuda soberana del pa\u00eds desde A hasta A+, con perspectiva estable debido al fuerte crecimiento econ\u00f3mico, la baja exposici\u00f3n de las exportaciones a los aranceles de Estados Unidos, la reducci\u00f3n de la deuda exterior y el impacto positivo de la inmigraci\u00f3n en el empleo. <\/p>\n<p class=\"\">Esta revisi\u00f3n positiva supone un mensaje de confianza hacia la econom\u00eda espa\u00f1ola por la capacidad del pa\u00eds para <a href=\"https:\/\/elpais.com\/economia\/2025-08-20\/las-primas-de-riesgo-europeas-entierran-la-crisis-de-deuda-16-anos-despues.html\" target=\"_self\" rel=\"nofollow noopener\" title=\"https:\/\/elpais.com\/economia\/2025-08-20\/las-primas-de-riesgo-europeas-entierran-la-crisis-de-deuda-16-anos-despues.html\">hacer frente a sus obligaciones financieras<\/a>. Tambi\u00e9n refuerza la capacidad de Espa\u00f1a para financiarse en los mercados en mejores condiciones. No obstante, la agencia tambi\u00e9n advierte de los retos que persisten, como la elevada deuda p\u00fablica, situada en torno al 100% del PIB, y la fragilidad pol\u00edtica, que limita la capacidad de avanzar en reformas estructurales y consolidaci\u00f3n fiscal.<\/p>\n<p class=\"\">Seg\u00fan el informe de S&amp;P, uno de los motivos de la mejora responde <a href=\"https:\/\/elpais.com\/economia\/2025-08-10\/asi-logro-espana-convertirse-en-la-economia-avanzada-de-mas-rapido-crecimiento.html\" target=\"_self\" rel=\"nofollow noopener\" title=\"https:\/\/elpais.com\/economia\/2025-08-10\/asi-logro-espana-convertirse-en-la-economia-avanzada-de-mas-rapido-crecimiento.html\">al buen ritmo de la econom\u00eda<\/a>. Para 2025 prev\u00e9 un crecimiento del 2,6%, casi tres veces m\u00e1s que la media de la zona euro. Este avance se apoya en la creaci\u00f3n de empleo impulsada por la inversi\u00f3n y la llegada de inmigrantes, sobre todo de Am\u00e9rica Latina. Esa combinaci\u00f3n permitir\u00eda sostener tanto el consumo como la demanda interna.<\/p>\n<p class=\"\">Igualmente, S&amp;P destaca la limitada exposici\u00f3n de Espa\u00f1a a las <a href=\"https:\/\/elpais.com\/economia\/2025-07-28\/como-afecta-a-espana-el-acuerdo-arancelario-alcanzado-entre-la-ue-y-ee-uu.html\" target=\"_self\" rel=\"nofollow noopener\" title=\"https:\/\/elpais.com\/economia\/2025-07-28\/como-afecta-a-espana-el-acuerdo-arancelario-alcanzado-entre-la-ue-y-ee-uu.html\">tensiones comerciales con Estados Unidos<\/a>. Seg\u00fan la agencia, tan solo un 5% de las exportaciones tienen como destino el mercado norteamericano, lo que reduce el impacto directo de los aranceles aprobados por Washington en el marco de la guerra comercial.<\/p>\n<p class=\"\">La agencia tambi\u00e9n destaca que Espa\u00f1a ha reducido en la \u00faltima d\u00e9cada su dependencia del endeudamiento exterior. Familias y empresas han rebajado significativamente sus deudas con el extranjero, lo que da al pa\u00eds una mayor resistencia frente a posibles turbulencias financieras. Adem\u00e1s, Espa\u00f1a est\u00e1 diversificando su econom\u00eda. Aunque el turismo sigue siendo un pilar, cada vez pesan m\u00e1s las exportaciones de servicios de mayor valor a\u00f1adido, como la tecnolog\u00eda, el transporte o la consultor\u00eda. Estos sectores representan ya m\u00e1s de la mitad de las exportaciones de servicios, cuando antes de la pandemia eran solo una cuarta parte.<\/p>\n<p class=\"\">El punto d\u00e9bil de la econom\u00eda contin\u00faa siendo la situaci\u00f3n de las <a href=\"https:\/\/elpais.com\/economia\/2025-08-18\/la-deuda-publica-marca-un-nuevo-record-en-junio-de-169-billones-pero-su-peso-sobre-el-pib-sigue-bajando.html\" target=\"_self\" rel=\"nofollow noopener\" title=\"https:\/\/elpais.com\/economia\/2025-08-18\/la-deuda-publica-marca-un-nuevo-record-en-junio-de-169-billones-pero-su-peso-sobre-el-pib-sigue-bajando.html\">cuentas p\u00fablicas.<\/a> Aunque el d\u00e9ficit se redujo al 3,2% del PIB en 2024, el nivel de deuda apenas bajar\u00e1 en los pr\u00f3ximos a\u00f1os, seg\u00fan la agencia, y seguir\u00e1 siendo elevado en comparaci\u00f3n con otros pa\u00edses europeos. La ausencia de presupuestos desde 2023 y la necesidad de apoyos parlamentarios para cada medida limitan, adem\u00e1s, la capacidad de aplicar una pol\u00edtica fiscal m\u00e1s ambiciosa.<\/p>\n<p class=\"\">Con la perspectiva estable, S&amp;P cree que lo m\u00e1s probable es que la nota no cambie en los pr\u00f3ximos a\u00f1os, salvo que se den dos escenarios extremos: una reducci\u00f3n de la deuda p\u00fablica m\u00e1s r\u00e1pida de lo previsto, que llevar\u00eda a una mejora de la calificaci\u00f3n, o un deterioro de las cuentas p\u00fablicas y del super\u00e1vit exterior, que obligar\u00eda a una rebaja.<\/p>\n<p class=\"\">El ministro de Econom\u00eda, Comercio y Empresa, Carlos Cuerpo, ha se\u00f1alado que la mejora de la nota de la deuda de Espa\u00f1a es una buena noticia. \u201cEsta mejora en la calificaci\u00f3n es el reflejo de la fortaleza de nuestra econom\u00eda\u201d, ha indicado en un v\u00eddeo publicado en la red social X.<\/p>\n<p class=\"\">A nivel pr\u00e1ctico, una mejora en la calificaci\u00f3n crediticia se traduce en mayor confianza internacional y habitualmente conlleva en menores costes de financiaci\u00f3n para el Estado. Si el Tesoro logra colocar deuda a tipos m\u00e1s bajos, porque la confianza en Espa\u00f1a es mayor, el Estado ahorra en intereses que hay que pagar por esa deuda. Y eso supone liberar recursos para otras partidas del gasto p\u00fablico.<\/p>\n","protected":false},"excerpt":{"rendered":"La agencia de calificaci\u00f3n crediticia S&amp;P Global Ratings ha mejorado este viernes la nota que concede a Espa\u00f1a.&hellip;\n","protected":false},"author":2,"featured_media":111631,"comment_status":"","ping_status":"","sticky":false,"template":"","format":"standard","meta":{"footnotes":""},"categories":[80],"tags":[38013,4135,82,32279,25014,95,94,5509,25,24,1841,21589,3509,23],"class_list":{"0":"post-111630","1":"post","2":"type-post","3":"status-publish","4":"format-standard","5":"has-post-thumbnail","7":"category-economia","8":"tag-agencias-calificacion","9":"tag-aranceles","10":"tag-business","11":"tag-deficit-publico","12":"tag-deuda-publica","13":"tag-economia","14":"tag-economy","15":"tag-empleo","16":"tag-es","17":"tag-espana","18":"tag-mercados-financieros","19":"tag-presupuestos-generales-estado","20":"tag-sp-500","21":"tag-spain"},"share_on_mastodon":{"url":"","error":""},"_links":{"self":[{"href":"https:\/\/www.europesays.com\/es\/wp-json\/wp\/v2\/posts\/111630","targetHints":{"allow":["GET"]}}],"collection":[{"href":"https:\/\/www.europesays.com\/es\/wp-json\/wp\/v2\/posts"}],"about":[{"href":"https:\/\/www.europesays.com\/es\/wp-json\/wp\/v2\/types\/post"}],"author":[{"embeddable":true,"href":"https:\/\/www.europesays.com\/es\/wp-json\/wp\/v2\/users\/2"}],"replies":[{"embeddable":true,"href":"https:\/\/www.europesays.com\/es\/wp-json\/wp\/v2\/comments?post=111630"}],"version-history":[{"count":0,"href":"https:\/\/www.europesays.com\/es\/wp-json\/wp\/v2\/posts\/111630\/revisions"}],"wp:featuredmedia":[{"embeddable":true,"href":"https:\/\/www.europesays.com\/es\/wp-json\/wp\/v2\/media\/111631"}],"wp:attachment":[{"href":"https:\/\/www.europesays.com\/es\/wp-json\/wp\/v2\/media?parent=111630"}],"wp:term":[{"taxonomy":"category","embeddable":true,"href":"https:\/\/www.europesays.com\/es\/wp-json\/wp\/v2\/categories?post=111630"},{"taxonomy":"post_tag","embeddable":true,"href":"https:\/\/www.europesays.com\/es\/wp-json\/wp\/v2\/tags?post=111630"}],"curies":[{"name":"wp","href":"https:\/\/api.w.org\/{rel}","templated":true}]}}