{"id":111638,"date":"2025-09-13T05:02:09","date_gmt":"2025-09-13T05:02:09","guid":{"rendered":"https:\/\/www.europesays.com\/es\/111638\/"},"modified":"2025-09-13T05:02:09","modified_gmt":"2025-09-13T05:02:09","slug":"simon-viera-convocado-a-la-preseleccion-argentina-de-handball-para-el-4-naciones-en-buenos-aires-el-marplatense","status":"publish","type":"post","link":"https:\/\/www.europesays.com\/es\/111638\/","title":{"rendered":"Sim\u00f3n Viera, convocado a la Preselecci\u00f3n argentina de handball para el 4 Naciones en Buenos Aires \u2013 El Marplatense"},"content":{"rendered":"<p>El handball marplatense vive un momento hist\u00f3rico: Sim\u00f3n Viera, jugador de <strong>Once Unidos<\/strong>, fue incluido en la <strong>prelista de Los Gladiadores<\/strong> para disputar el <strong>Cuatro Naciones 2025<\/strong>, que se llevar\u00e1 a cabo en Buenos Aires.<\/p>\n<p>Ads<\/p>\n<p>La convocatoria representa un hito para el joven marplatense, que se suma a un plantel con figuras consagradas como <strong>Diego Simonet<\/strong> y <strong>Lucas Moscariello<\/strong>, entre otros, y que buscar\u00e1 prepararse de la mejor manera para los pr\u00f3ximos compromisos internacionales.<\/p>\n<p>El torneo, que se jugar\u00e1 en el pa\u00eds, tendr\u00e1 la particularidad de un <strong>\u201cSupercl\u00e1sico\u201d sudamericano entre Argentina y Brasil<\/strong>, adem\u00e1s de la presencia de otras potencias que dar\u00e1n nivel a la competencia.<\/p>\n<p>Ads<\/p>\n<p>La <strong>Confederaci\u00f3n Argentina de Handball<\/strong> dio a conocer la prelista de convocados donde aparecen 23 nombres, con Viera como una de las grandes sorpresas. Para el jugador de Once Unidos, esta citaci\u00f3n significa un reconocimiento al crecimiento que ha tenido en los \u00faltimos a\u00f1os en el plano nacional luego de disputar un Mundial y que lo lleva desde nuestra ciudad, jugando en la Asociaci\u00f3n Atl\u00e1ntica de Balonmano (Asabal); a los m\u00e1ximos planos internacionales.\u00a0<\/p>\n<p>Puede interesarte<\/p>\n<p>De esta manera, Mar del Plata vuelve a decir presente en la \u00e9lite del handball argentino, con un representante que buscar\u00e1 ganarse un lugar definitivo en la lista final de Los Gladiadores, tratando de aprovechar una gran oportunidad.\u00a0<\/p>\n<p>Ads\ud83d\udccb Prelista de Los Gladiadores para el 4 Naciones 2025<\/p>\n<ul>\n<li>Juan Bar<\/li>\n<li>Agust\u00edn Forlino<\/li>\n<li><strong>Sim\u00f3n Viera (Once Unidos, Mar del Plata)<\/strong><\/li>\n<li>Nicol\u00e1s Rodr\u00edguez<\/li>\n<li>Francisco Lombardi<\/li>\n<li>Federico Gim\u00e9nez<\/li>\n<li>Lautaro Robledo<\/li>\n<li>Facundo Cangiani<\/li>\n<li>Tob\u00edas Torossian<\/li>\n<li>Pedro Mart\u00ednez<\/li>\n<li>Mart\u00edn Jung<\/li>\n<li>Nicol\u00e1s Bono<\/li>\n<li>Juan Gull<\/li>\n<li>Santiago Barcel\u00f3<\/li>\n<li>Diego Simonet<\/li>\n<li>Tom\u00e1s Ca\u00f1ete<\/li>\n<li>Gerardo Gorriti<\/li>\n<li>Juli\u00e1n Souto Cueto<\/li>\n<li>Juan Saco<\/li>\n<li>Mat\u00edas Beorlegui<\/li>\n<li>Lucas Moscariello<\/li>\n<\/ul>\n<p>Ads<\/p>\n","protected":false},"excerpt":{"rendered":"El handball marplatense vive un momento hist\u00f3rico: Sim\u00f3n Viera, jugador de Once Unidos, fue incluido en la prelista&hellip;\n","protected":false},"author":2,"featured_media":111639,"comment_status":"","ping_status":"","sticky":false,"template":"","format":"standard","meta":{"footnotes":""},"categories":[278],"tags":[376,168,25,24,375,38014,21911,23,167],"class_list":{"0":"post-111638","1":"post","2":"type-post","3":"status-publish","4":"format-standard","5":"has-post-thumbnail","7":"category-balonmano","8":"tag-balonmano","9":"tag-deportes","10":"tag-es","11":"tag-espana","12":"tag-handball","13":"tag-los-gladiadores","14":"tag-simon-viera","15":"tag-spain","16":"tag-sports"},"share_on_mastodon":{"url":"","error":""},"_links":{"self":[{"href":"https:\/\/www.europesays.com\/es\/wp-json\/wp\/v2\/posts\/111638","targetHints":{"allow":["GET"]}}],"collection":[{"href":"https:\/\/www.europesays.com\/es\/wp-json\/wp\/v2\/posts"}],"about":[{"href":"https:\/\/www.europesays.com\/es\/wp-json\/wp\/v2\/types\/post"}],"author":[{"embeddable":true,"href":"https:\/\/www.europesays.com\/es\/wp-json\/wp\/v2\/users\/2"}],"replies":[{"embeddable":true,"href":"https:\/\/www.europesays.com\/es\/wp-json\/wp\/v2\/comments?post=111638"}],"version-history":[{"count":0,"href":"https:\/\/www.europesays.com\/es\/wp-json\/wp\/v2\/posts\/111638\/revisions"}],"wp:featuredmedia":[{"embeddable":true,"href":"https:\/\/www.europesays.com\/es\/wp-json\/wp\/v2\/media\/111639"}],"wp:attachment":[{"href":"https:\/\/www.europesays.com\/es\/wp-json\/wp\/v2\/media?parent=111638"}],"wp:term":[{"taxonomy":"category","embeddable":true,"href":"https:\/\/www.europesays.com\/es\/wp-json\/wp\/v2\/categories?post=111638"},{"taxonomy":"post_tag","embeddable":true,"href":"https:\/\/www.europesays.com\/es\/wp-json\/wp\/v2\/tags?post=111638"}],"curies":[{"name":"wp","href":"https:\/\/api.w.org\/{rel}","templated":true}]}}