{"id":111642,"date":"2025-09-13T05:07:08","date_gmt":"2025-09-13T05:07:08","guid":{"rendered":"https:\/\/www.europesays.com\/es\/111642\/"},"modified":"2025-09-13T05:07:08","modified_gmt":"2025-09-13T05:07:08","slug":"rapido-y-sin-incidentes-asi-ha-sido-el-paso-del-peloton-por-salamanca-la-gaceta-de-salamanca","status":"publish","type":"post","link":"https:\/\/www.europesays.com\/es\/111642\/","title":{"rendered":"R\u00e1pido y sin incidentes: as\u00ed ha sido el paso del pelot\u00f3n por Salamanca &#8211; La Gaceta de Salamanca"},"content":{"rendered":"<ol>\n<li><a href=\"https:\/\/news.google.com\/rss\/articles\/CBMiqwFBVV95cUxQUm9seGtFbWdBMGNEWW96SEZIMWFiZ2xfdmNJOTA1Y016WU5PVzdZQ2VyaV96Z0ZIOWswRVJENUVzQktYbFFJSDRBQTdJU2swM2E3VzZCc1dVX0tqNXdOV0NmOEZtc0pYZlNjeDBPN1RLQWwxUC1taEM3Vms2cHVyRlYwVTB2NWZTNndVaTJ0LUtxb05vYUJ2b2VBRzBEQldLNHppbGNTYnJCMFXSAbABQVVfeXFMUEU5MXdDRlpFVWRjOURxNFg2Y0UxWnNJMW5GVWJETGI2OE1oQzN4amNFR0tmMTJGV29KaHpuRV93ZXBoVExucXBJTG43UUJTRXllWHdGT2QzSzROU1NUVVAydncteDlxQVc1MTIyOFZoekZaRFlJN3FuNUNNRkZ0X3BwZVhJWnR1TEhKTl9qMUtleW5HaGtGejBBdTQ3cEdmRUdYWExEcXlpRnRjUDVGYmQ?oc=5\" target=\"_blank\" rel=\"nofollow noopener\">R\u00e1pido y sin incidentes: as\u00ed ha sido el paso del pelot\u00f3n por Salamanca<\/a>&nbsp;&nbsp;La Gaceta de Salamanca<\/li>\n<li><a href=\"https:\/\/news.google.com\/rss\/articles\/CBMiqwFBVV95cUxPbjBPWGV0YmtkNmdyR3VKMnRWLU83Z3dlQm9DbVM1VHVKdHU5YkFHbWxjZ25GRjJ5TDdJQjFhY0tKODQwM1RCLUZUSHdkVlh2aUotUi13RGJ2eFBwNWJwUXFEc2ViaFFIYU1DeC1rY1VBc2hJSEVsUFpsUU01dnRoN3ZrYnJqTkZVVlF6R1BzeV81R1FRV0xrTnJjN0duQlZhSVVGbzZFMjdRd3c?oc=5\" target=\"_blank\" rel=\"nofollow noopener\">Castilla y Le\u00f3n Informativos<\/a>&nbsp;&nbsp;RTVE.es<\/li>\n<li><a href=\"https:\/\/news.google.com\/rss\/articles\/CBMivgFBVV95cUxOYWZvNzhuSW1MRDdjMGQ0NTlpZllUbWVaUmRlenJjWWdVQnFnRDRZMDhlbVY1NzFseC00bkFFa2JYQ3hEc3VQSXhVNml5WjkwUHdCLVVOV2lBMUVfUzN2RkZDZmFZY3pKSGc4Y0Z6NmVBeXBFSC1iZE45SVQ1OEEtQWNyQUQySUhXTklocW0ta3R3SGMyUEdUQnp6dW9DSGVxSGhQb21CR2VCVmZIVXY1VzRrQ2ZDWWpyT1lzaGFR?oc=5\" target=\"_blank\" rel=\"nofollow noopener\">Un centenar de personas protestan contra Israel en el paso de La Vuelta por Salamanca<\/a>&nbsp;&nbsp;elDiario.es<\/li>\n<li><a href=\"https:\/\/news.google.com\/rss\/articles\/CBMixgFBVV95cUxNY0Z2dWJqZFhzaVNnMndyaHlvRm9vU2lUNk5pYjFrRm5hYnFhOWxLeUVEc1BjZE5qX2cydjRHck5VNnBVLXlma1RKQk12NGo1RV9OZ3dMRUpVNnNObWZaREFVVjUxVklIeUw1dUgwSWJLVmdYTmNOel9GdGRvbFI5dXRicUZBSGY3Z3luZGZROFM1YkpFWWdyU1N3aFFZSThnN082RWo4Si1uMlQ2dmhRTWIxbEstUE83dE9hTDdvTHU5Sm41dXfSAcsBQVVfeXFMTzhyR3FYcGNPWm9ob0l2ek5FNmN3Q0hxX0dDV0ZFOGZseWVmdVV5c1dyclE2NHZfUm14VF9QYjBpemZkbzNQOXFncEI4N2ljWV90cFVRQnVNTUlvZ0x0MWtVem1kM3huc1phOUx6M1JTVlM0WTl0b09vV1NFZ2laNFYxS0VYSE9iWW8weGYtaGZ5TTRGamF3bk1FM2I3ZV9nSkdTQUJoM0FGbGlEcUtWaUZjS3lNVVpzbm1jbTBvRG9vcVBZRHVNMURpeG8?oc=5\" target=\"_blank\" rel=\"nofollow noopener\">La Vuelta a Espa\u00f1a 2025: horario, cortes de tr\u00e1fico y de acceso en Guijuelo por la etapa 19<\/a>&nbsp;&nbsp;El Confidencial<\/li>\n<li><a href=\"https:\/\/news.google.com\/rss\/articles\/CBMi5gJBVV95cUxQVThTNWJwbUFJd09GakZjM3ZBT1c3RTVKbm9RY1l1UmFRR2Mzc3RqVW5uRFQ4SUhGWU5vNUpESDdPZzg5U0JxRFlqVDhMRjVvd0dUaUtuVi1HZElHWElROTduem5fUHdVQmw2MS1mYXdqRGR5cldDNHBpNHJVYzJZUjdpdFBBck5QZEZBdndJempNWm95M2M2THRkLVJhU0NzSDhmb0NKeExqTUdIaExZTEl1X0p0T1A4azZEaHhqc2tnWEl1ZWQ4V2d4b0dxQmFid3BLdUJOU1FOUlVSOXVUS0V5bWtjOFpGRTNGblZxRVRCZjg2Z19tVzg5MVpqQ1FqRXFwc2syMWlvMGRldWo2bV9ub0p5cGdudUlEbS1obHgzb2tPcVhKZGxQdkdodjh0bXlFTXFlLUdBQ2ZYMUhQcHBzelhMTVoyRTFtdzVBa2c5Vmw1dzNLNXE1WGUzWnBZTzVVcGtR0gHmAkFVX3lxTFB4X3d1Sms2QkNyMjdmMHBhcEdVU1JvbnU3bDR3ZFNoeUxOS29JbDhBM2RIWUluQTc1TTVKSUUtbV94LXhhRmhiVXc2UUFXbkI0bnJfVzA5ME9xc2o3dXNRQ2hfcDF2NXRId3dFY2pTTF9RNExuRDFrVlo4UVNncTVXZGNldWlYN0V4LWI5TlJYVGpxWUd6MjNTcGsxcUFpZWczRjlWSEJlX2NHcXlITVZmeGJVX1h3ZWlNWVQ2WWFPNmt3QnE1dDMydnBTUkV5N3QwdElyVE9UeHNUVl9yQnd1VzJpUTJGRmVSVG80ZGp6U0hRbnk0WjlQMmNDb3FnWkJHSnFuNlN4MG01NDVEc1BFd0NsOGZBc0pxb21Cb1ExZmZfT1RkWU1MU3pZUUMzV09obWtBMThCellnazdaYnoxMnZkcERGcnpueTBTeFpSdGp1c2Y5RUVtTm5wMlI3OFpqUUpUNWc?oc=5\" target=\"_blank\" rel=\"nofollow noopener\">Podemos Salamanca llama a manifestaciones a favor de Palestina respetuosas con los ciclistas de la Vuelta a Es<\/a>&nbsp;&nbsp;Onda Cero<\/li>\n<\/ol>\n","protected":false},"excerpt":{"rendered":"R\u00e1pido y sin incidentes: as\u00ed ha sido el paso del pelot\u00f3n por Salamanca&nbsp;&nbsp;La Gaceta de Salamanca Castilla y&hellip;\n","protected":false},"author":2,"featured_media":111643,"comment_status":"","ping_status":"","sticky":false,"template":"","format":"standard","meta":{"footnotes":""},"categories":[273],"tags":[313,312,168,25,24,4191,4690,3614,23,167],"class_list":{"0":"post-111642","1":"post","2":"type-post","3":"status-publish","4":"format-standard","5":"has-post-thumbnail","7":"category-ciclismo","8":"tag-ciclismo","9":"tag-cycling","10":"tag-deportes","11":"tag-es","12":"tag-espana","13":"tag-paso","14":"tag-peloton","15":"tag-salamanca","16":"tag-spain","17":"tag-sports"},"share_on_mastodon":{"url":"","error":""},"_links":{"self":[{"href":"https:\/\/www.europesays.com\/es\/wp-json\/wp\/v2\/posts\/111642","targetHints":{"allow":["GET"]}}],"collection":[{"href":"https:\/\/www.europesays.com\/es\/wp-json\/wp\/v2\/posts"}],"about":[{"href":"https:\/\/www.europesays.com\/es\/wp-json\/wp\/v2\/types\/post"}],"author":[{"embeddable":true,"href":"https:\/\/www.europesays.com\/es\/wp-json\/wp\/v2\/users\/2"}],"replies":[{"embeddable":true,"href":"https:\/\/www.europesays.com\/es\/wp-json\/wp\/v2\/comments?post=111642"}],"version-history":[{"count":0,"href":"https:\/\/www.europesays.com\/es\/wp-json\/wp\/v2\/posts\/111642\/revisions"}],"wp:featuredmedia":[{"embeddable":true,"href":"https:\/\/www.europesays.com\/es\/wp-json\/wp\/v2\/media\/111643"}],"wp:attachment":[{"href":"https:\/\/www.europesays.com\/es\/wp-json\/wp\/v2\/media?parent=111642"}],"wp:term":[{"taxonomy":"category","embeddable":true,"href":"https:\/\/www.europesays.com\/es\/wp-json\/wp\/v2\/categories?post=111642"},{"taxonomy":"post_tag","embeddable":true,"href":"https:\/\/www.europesays.com\/es\/wp-json\/wp\/v2\/tags?post=111642"}],"curies":[{"name":"wp","href":"https:\/\/api.w.org\/{rel}","templated":true}]}}