{"id":111648,"date":"2025-09-13T05:11:09","date_gmt":"2025-09-13T05:11:09","guid":{"rendered":"https:\/\/www.europesays.com\/es\/111648\/"},"modified":"2025-09-13T05:11:09","modified_gmt":"2025-09-13T05:11:09","slug":"nueva-pareja-del-actor-miguel-angel-silvestre-y-nerea-rodriguez-el-bombazo-sentimental-que-sigue-fluyendo","status":"publish","type":"post","link":"https:\/\/www.europesays.com\/es\/111648\/","title":{"rendered":"NUEVA PAREJA DEL ACTOR | Miguel \u00c1ngel Silvestre y Nerea Rodr\u00edguez, el bombazo sentimental que sigue fluyendo"},"content":{"rendered":"<p class=\"ft-text\">Lo que m\u00e1s <a class=\"ft-link ft-link--decoration\" href=\"https:\/\/www.elperiodicomediterraneo.com\/deportes\/2025\/01\/15\/exclusiva-mamarazzis-renovacion-manchester-city-113419041.html\" rel=\"nofollow noopener\" target=\"_blank\"><strong>nos gusta a las\u00a0Mamarazzis<\/strong><\/a>\u00a0<a class=\"ft-link ft-link--decoration\" href=\"https:\/\/www.elperiodicomediterraneo.com\/vida-y-estilo\/gente\/2022\/08\/20\/primicia-mamarazzis-pique-besa-publico-73722420.html\" rel=\"nofollow noopener\" target=\"_blank\">son esas parejas que aparecen cuando menos lo esperamos<\/a> y nos dejan con la boca abierta. Este verano no ha sido diferente: dos historias de amor (o de \u201calgo\u201d que todav\u00eda no sabemos c\u00f3mo llamar) que nacieron entre <a class=\"ft-link ft-link--decoration\" href=\"https:\/\/www.elperiodicomediterraneo.com\/tags\/playas\/\" target=\"_blank\" rel=\"nofollow noopener\">playas<\/a>, <a class=\"ft-link ft-link--decoration\" href=\"https:\/\/www.elperiodicomediterraneo.com\/tags\/fiestas\/\" target=\"_blank\" rel=\"nofollow noopener\">fiestas<\/a>, hoteles y encuentros discretos, tienen todas las papeletas para convertirse en protagonistas de portadas y titulares durante los pr\u00f3ximos d\u00edas. Muy distintas entre s\u00ed, pero con un punto en com\u00fan: ahora mismo acaparan todo el foco medi\u00e1tico y tienen\u00a0<strong>a los paparazzi de medio pa\u00eds pendientes<\/strong>\u00a0de poder realizar el reportaje definitivo.<\/p>\n<p>Un encuentro en Ibiza<\/p>\n<p class=\"ft-text\">La primera es la formada por el castellonense\u00a0<a class=\"ft-link ft-link--decoration\" href=\"https:\/\/www.elperiodicomediterraneo.com\/tags\/miguel-angel-silvestre\/\" rel=\"nofollow noopener\" target=\"_blank\"><strong>Miguel \u00c1ngel Silvestre<\/strong><\/a><strong> y <\/strong><a class=\"ft-link ft-link--decoration\" href=\"https:\/\/www.elperiodicomediterraneo.com\/ocio\/tv\/2024\/12\/12\/nuevo-giro-gran-hermano-inesperada-112565025.html\" rel=\"nofollow noopener\" target=\"_blank\"><strong>Nerea Rodr\u00edguez, de &#8216;Operaci\u00f3n Triunfo&#8217;<\/strong><\/a><strong>.<\/strong>\u00a0Lo cont\u00e1bamos esta semana en el p\u00f3dcast de El Peri\u00f3dico de <a class=\"ft-link ft-link--decoration\" href=\"https:\/\/www.elperiodicomediterraneo.com\/tags\/catalunya\/\" target=\"_blank\" rel=\"nofollow noopener\">Catalu\u00f1a<\/a>, del mismo grupo editorial que <a class=\"ft-link ft-link--decoration\" href=\"https:\/\/www.elperiodicomediterraneo.com\/\" target=\"_blank\" rel=\"nofollow noopener\"><strong>el peri\u00f3dico Mediterr\u00e1neo<\/strong><\/a><strong> <\/strong>y que quede claro: de haber habido fotos, habr\u00eda sido uno de los bombazos mejor pagados del verano. Lo suyo empez\u00f3 con un flirteo cocido a fuego lento durante muchos meses. Su atracci\u00f3n quedaba en nada porque ambos ten\u00edan pareja y se limitaban a\u00a0<strong>intercambios v\u00eda <\/strong><a class=\"ft-link ft-link--decoration\" href=\"https:\/\/www.elperiodicomediterraneo.com\/tags\/whatsapp\/\" target=\"_blank\" rel=\"nofollow noopener\"><strong>WhatsApp<\/strong><\/a>\u00a0que manten\u00edan viva la llama. Nunca era el momento de dejar rienda suelta a sus deseos. Hasta que este verano,\u00a0<strong>solteros y libres, se encontraron en el Soho Farmhouse de Ibiza.\u00a0<\/strong>Les import\u00f3 m\u00e1s bien poco que los all\u00ed presentes les vieran besarse. Y esa ha sido su t\u00f3nica desde entonces.<\/p>\n<p>Una relaci\u00f3n sin etiquetas<\/p>\n<p class=\"ft-text\">Su atracci\u00f3n no qued\u00f3 en un d\u00eda en la isla. Se ha trasladado a\u00a0<a class=\"ft-link ft-link--decoration\" href=\"https:\/\/www.elperiodicomediterraneo.com\/tags\/madrid-2\/\" target=\"_blank\" rel=\"nofollow noopener\"><strong>Madrid<\/strong><\/a>\u00a0donde tambi\u00e9n han tenido encuentros secretos. Secretos para la mayor\u00eda, menos para nosotras que hemos sido\u00a0<strong>detalladamente informadas<\/strong>. Se les ha podido ver en m\u00e1s de una ocasi\u00f3n disfrutando de las fiestas de la noche madrile\u00f1a. No son pareja oficial, pero tampoco quieren cortar la historia.<strong>\u00a0Se gustan, se ven y no se esconden demasiado.\u00a0<\/strong>Amigos cercanos ya sab\u00edan de lo suyo, y hasta ten\u00edan ganas que trascendiera porque no pod\u00edan m\u00e1s con el secreto. Eso s\u00ed, ahora <strong>Nerea <\/strong>est\u00e1 volcada en\u00a0&#8216;Bailando con las Estrellas&#8217; (<a class=\"ft-link ft-link--decoration\" href=\"https:\/\/www.elperiodicomediterraneo.com\/tags\/telecinco\/\" target=\"_blank\" rel=\"nofollow noopener\">Telecinco<\/a>), con ensayos que le dejan poco margen para el ocio. La pregunta es si Silvestre, tan aficionado a\u00a0<strong>colgar fotos intensas en <\/strong><a class=\"ft-link ft-link--decoration\" href=\"https:\/\/www.elperiodicomediterraneo.com\/tags\/instagram\/\" target=\"_blank\" rel=\"nofollow noopener\"><strong>Instagram<\/strong><\/a><strong>,<\/strong>\u00a0se animar\u00e1 a darle apoyo p\u00fablico. Porque una simple captura de la pantalla de su televisor mientras Nerea baila a modo de story ser\u00eda el colof\u00f3n definitivo, la confirmaci\u00f3n que nos gustar\u00eda.<\/p>\n<p>El otro romance inesperado<\/p>\n<p class=\"ft-text\">Con Miguel \u00c1ngel y Nerea podemos sacar pecho,\u00a0<strong>la exclusiva de sus primeros encuentros es nuestra.\u00a0<\/strong>Con la segunda pareja, la\u00a0formada por\u00a0<a class=\"ft-link ft-link--decoration\" href=\"https:\/\/www.elperiodicomediterraneo.com\/vida-y-estilo\/gente\/2025\/09\/11\/nicki-nicole-voz-argentina-seduce-lamine-yamal-121100202.html\" rel=\"nofollow noopener\" target=\"_blank\"><strong>Nicki Nicole y Lamine Yamal<\/strong><\/a>, debemos bajar un poco la cabeza. Admitimos sin complejos que no apost\u00e1bamos un euro a que fuera cierto. La cantante <a class=\"ft-link ft-link--decoration\" href=\"https:\/\/www.elperiodicomediterraneo.com\/tags\/argentina\/\" target=\"_blank\" rel=\"nofollow noopener\">argentina<\/a> ha estado esta semana en <a class=\"ft-link ft-link--decoration\" href=\"https:\/\/www.elperiodicomediterraneo.com\/tags\/barcelona\/\" target=\"_blank\" rel=\"nofollow noopener\">Barcelona<\/a> para\u00a0un evento de Desigual\u00a0y ha aprovechado para pasar unos d\u00edas con el jugador del <a class=\"ft-link ft-link--decoration\" href=\"https:\/\/www.elperiodicomediterraneo.com\/tags\/fc-barcelona\/\" target=\"_blank\" rel=\"nofollow noopener\">Bar\u00e7a<\/a>, alojados en un hotel de la ciudad. Y aunque en <a class=\"ft-link ft-link--decoration\" href=\"https:\/\/www.elperiodicomediterraneo.com\/tags\/redes-sociales\/\" target=\"_blank\" rel=\"nofollow noopener\">redes sociales<\/a> solo se atrevieron a dejar dos migajas \u2014<strong>una foto rar\u00edsima de Lamine con la cara de Nicki, indescifrable como un jerogl\u00edfico<\/strong>, y otra de ambos confesando que estaban viendo\u00a0&#8216;La que se avecina&#8217;\u2014 lo importante es que han disipado los rumores de que todo era una estrategia para<strong>\u00a0contentar a Hansi Flick<\/strong>\u00a0y promocionarla a ella. De eso nada. La tiktoker y periodista\u00a0<strong>N\u00faria Mar\u00edn<\/strong>\u00a0confirmaba en sus redes, con informaci\u00f3n de primera mano, que lo de esta pareja es real. Con 18 y 25 a\u00f1os, estos d\u00edas no han sido de grandes exclusivas ni de fiestas salvajes, sino de\u00a0<strong>sof\u00e1, manta y, suponemos que, entre otras cosas, muchas risas.<\/strong>\u00a0Nosotras dud\u00e1bamos, pero parece que esta relaci\u00f3n ya ha cogido carrerilla. Pues nada, que viva el amor.<\/p>\n","protected":false},"excerpt":{"rendered":"Lo que m\u00e1s nos gusta a las\u00a0Mamarazzis\u00a0son esas parejas que aparecen cuando menos lo esperamos y nos dejan&hellip;\n","protected":false},"author":2,"featured_media":111649,"comment_status":"","ping_status":"","sticky":false,"template":"","format":"standard","meta":{"footnotes":""},"categories":[174],"tags":[2594,255,146,147,25,24,256,43,3057,4098,38017,1509,795,2477,722,416,38016,23,1793,10748],"class_list":{"0":"post-111648","1":"post","2":"type-post","3":"status-publish","4":"format-standard","5":"has-post-thumbnail","7":"category-famosos","8":"tag-angel","9":"tag-celebrities","10":"tag-entertainment","11":"tag-entretenimiento","12":"tag-es","13":"tag-espana","14":"tag-famosos","15":"tag-fiestas","16":"tag-gran-hermano","17":"tag-miguel","18":"tag-miguel-angel-silvestre","19":"tag-nerea","20":"tag-nueva","21":"tag-pareja","22":"tag-parejas","23":"tag-rodriguez","24":"tag-silvestre","25":"tag-spain","26":"tag-verano","27":"tag-viva"},"share_on_mastodon":{"url":"","error":""},"_links":{"self":[{"href":"https:\/\/www.europesays.com\/es\/wp-json\/wp\/v2\/posts\/111648","targetHints":{"allow":["GET"]}}],"collection":[{"href":"https:\/\/www.europesays.com\/es\/wp-json\/wp\/v2\/posts"}],"about":[{"href":"https:\/\/www.europesays.com\/es\/wp-json\/wp\/v2\/types\/post"}],"author":[{"embeddable":true,"href":"https:\/\/www.europesays.com\/es\/wp-json\/wp\/v2\/users\/2"}],"replies":[{"embeddable":true,"href":"https:\/\/www.europesays.com\/es\/wp-json\/wp\/v2\/comments?post=111648"}],"version-history":[{"count":0,"href":"https:\/\/www.europesays.com\/es\/wp-json\/wp\/v2\/posts\/111648\/revisions"}],"wp:featuredmedia":[{"embeddable":true,"href":"https:\/\/www.europesays.com\/es\/wp-json\/wp\/v2\/media\/111649"}],"wp:attachment":[{"href":"https:\/\/www.europesays.com\/es\/wp-json\/wp\/v2\/media?parent=111648"}],"wp:term":[{"taxonomy":"category","embeddable":true,"href":"https:\/\/www.europesays.com\/es\/wp-json\/wp\/v2\/categories?post=111648"},{"taxonomy":"post_tag","embeddable":true,"href":"https:\/\/www.europesays.com\/es\/wp-json\/wp\/v2\/tags?post=111648"}],"curies":[{"name":"wp","href":"https:\/\/api.w.org\/{rel}","templated":true}]}}