{"id":111652,"date":"2025-09-13T05:14:06","date_gmt":"2025-09-13T05:14:06","guid":{"rendered":"https:\/\/www.europesays.com\/es\/111652\/"},"modified":"2025-09-13T05:14:06","modified_gmt":"2025-09-13T05:14:06","slug":"tve-quiere-mas-tertulias-politicas-y-se-prepara-para-invadir-tambien-la-noche-de-los-sabados","status":"publish","type":"post","link":"https:\/\/www.europesays.com\/es\/111652\/","title":{"rendered":"TVE quiere m\u00e1s tertulias pol\u00edticas y se prepara para invadir tambi\u00e9n la noche de los s\u00e1bados"},"content":{"rendered":"<p>Televisi\u00f3n Espa\u00f1ola (TVE) sigue buscando huecos en su parrilla para sus tertulias de actualidad pol\u00edtica. Seg\u00fan ha podido saber <a href=\"https:\/\/theobjective.com\/\" rel=\"nofollow noopener\" target=\"_blank\">THE OBJECTIVE<\/a>,<strong> el equipo de la p\u00fablica baraja opciones para dar el salto a las noches de los s\u00e1bados y situar en prime time un programa de infoentretenimiento, <\/strong>calcado a Ma\u00f1aneros 360 de Javier Ruiz, Malas lenguas de Jes\u00fas Cintora o el nuevo Directo al grano, que se estrenar\u00e1 este lunes al mando de Marta Flich y Gonzalo Mir\u00f3.<\/p>\n<p>La orden del presidente de RTVE, Jos\u00e9 Pablo L\u00f3pez, es que los diferentes canales de la televisi\u00f3n p\u00fablica<strong> se conviertan no solo en un referente informativo, sino tambi\u00e9n de debates y tertulias.<\/strong> Un objetivo que ya ha conseguido en la parrilla de lunes a viernes (con hasta <a href=\"https:\/\/theobjective.com\/medios\/2025-09-03\/tve-infoentretenimiento-servicio-moncloa\/\" rel=\"nofollow noopener\" target=\"_blank\">doce horas<\/a> de infoentretenimiento), pero que todav\u00eda no se traslada a los fines de semana. Una parrilla con elevado tono pol\u00edtico que sus detractores no dudan en calificar como un altavoz del Gobierno y de sus sat\u00e9lites medi\u00e1ticos.<\/p>\n<p>Incluso hay quien se atreve a decir dentro de la cadena p\u00fablica que este nuevo programa nace por la necesidad de <a href=\"https:\/\/theobjective.com\/etiqueta\/la-moncloa\/\" rel=\"nofollow noopener\" target=\"_blank\">La Moncloa<\/a> de llevar la bronca pol\u00edtica a los fines de semana, <strong>aunque con un tono m\u00e1s anal\u00edtico para reforzar los mensajes que ya difunden de lunes a viernes.<\/strong> De hecho, el an\u00e1lisis que se hace en el oficialismo es que falta un programa de estas caracter\u00edsticas el s\u00e1bado por la noche, cuando gran parte de la poblaci\u00f3n -y potenciales votantes- est\u00e1n viendo la televisi\u00f3n.<\/p>\n<p>Actualidad en TVE<\/p>\n<p>El plan pasa por poner en antena un formato que pueda competir contra La Sexta noche, <strong>que tras doce a\u00f1os en el aire se ha consolidado como referente de actualidad para los fines de semana. <\/strong>En estos momentos, La 1 emite despu\u00e9s de Informe Semanal  una pel\u00edcula (igual que los domingos) y todo se quedar\u00e1 as\u00ed hasta que se logre dar con la nueva f\u00f3rmula de actualidad que pueda sustituir estos contenidos. El programa de <a href=\"https:\/\/theobjective.com\/etiqueta\/la-sexta\/\" rel=\"nofollow noopener\" target=\"_blank\">La Sexta<\/a> empieza a las 21.45 y dura hasta las 2.30 de la ma\u00f1ana, por lo que los expertos de la p\u00fablica creen que un espacio de debate podr\u00eda encajar perfectamente en un t\u00e1ndem con el hist\u00f3rico programa de an\u00e1lisis de la p\u00fablica.<\/p>\n<p>En esta l\u00ednea, el equipo de programaci\u00f3n lleva varias semanas sondeando posibilidades, contactando con productoras de confianza y analizando opciones. <strong>La clave -consideran- es dar con \u00e9l o los presentadores adecuados que tengan gran cercan\u00eda con el progresismo medi\u00e1tico<\/strong>. Y a partir de ah\u00ed quieren construir un espacio sin sorpresas: con mesa de actualidad, tertulias y mucha opini\u00f3n de colaboradores cercanos a la izquierda y otros de derechas, pero que no critiquen demasiado al Gobierno.<\/p>\n<p>Del mismo modo, se quiere abrir una ventana para que los ministros del Gobierno puedan opinar y reproducir sus mensajes durante los fines de semana,<strong> para contraponerlos a los que sus cr\u00edticos podr\u00edan emitir en La Sexta Noche o en las ediciones de fin de semana de otros medios.<\/strong> Ya pasa en Ma\u00f1aneros 360 y Malas lenguas, donde pol\u00edticos socialistas como \u00d3scar L\u00f3pez comparecen regularmente y no precisamente para hablar de sus carteras, sino que para opinar constantemente de la guerra pol\u00edtica habitual.<\/p>\n<p>Ma\u00f1aneros 360<\/p>\n<p>En TVE no quieren dar pasos en falso.<strong> Son conscientes de que asentar un formato de estas caracter\u00edsticas un s\u00e1bado por la noche no es f\u00e1cil<\/strong>. Y de hecho, se han realizado algunos experimentos. Todos fallidos. El m\u00e1s reciente fue la emisi\u00f3n de dos especiales de Ma\u00f1aneros 360, con <a href=\"https:\/\/theobjective.com\/etiqueta\/javier-ruiz\/\" rel=\"nofollow noopener\" target=\"_blank\">Javier Ruiz <\/a>al frente, que se emitieron a mediados de junio (los d\u00edas 14 y 21), aunque con discretos resultados de audiencia: un 7% de cuota de pantalla y 556.000 seguidores en su primera emisi\u00f3n y un 5,4% y 356.000 fieles a la segunda.<\/p>\n<p>La idea es volver con un formato similar, quiz\u00e1 antes de que termine el a\u00f1o. Este diario ya ha publicado que la apuesta de TVE esta temporada pasa por salpicar de pol\u00edtica e infoentretenimento toda su parrilla. Los datos recopilados por<a href=\"https:\/\/theobjective.com\/\" rel=\"nofollow noopener\" target=\"_blank\"> este diario<\/a>\u00a0indican que cuando la nueva programaci\u00f3n est\u00e9 a pleno rendimiento, la pol\u00edtica<strong> <\/strong>estar\u00e1 presente en al menos 12 horas diarias (de 17 que hay de emisi\u00f3n h\u00e1bil) de las cadenas de la corporaci\u00f3n p\u00fablica.<\/p>\n<p>\u2018Infoentretenimiento\u2019<\/p>\n<p>Desde las 7.50 horas se suceder\u00e1n\u00a0<strong>La Ma\u00f1ana<\/strong>\u00a0de Silvia Intxaurrondo;\u00a0<strong>Ma\u00f1aneros 360\u00a0de Javier Ruiz; el Telediario 1;\u00a0Directo al grano\u00a0de\u00a0Marta Flich y Gonzalo Mir\u00f3<\/strong>; Malas lenguas\u00a0de Jes\u00fas Cintora en doble emisi\u00f3n en La 2 y La 1; el Telediario 2, con Pepa Bueno; y\u00a0La revuelta\u00a0de David Broncano. Y quien quiera seguir enganchado podr\u00e1 pasar al 24 Horas para sintonizar\u00a0La noche\u00a0de Xabier Fortes. Solo se salvan los informativos territoriales,\u00a0La promesa, Valle salvaje,\u00a0Aqu\u00ed la tierra\u00a0y el\u00a0prime time\u00a0diario.<\/p>\n<p>Pero al parecer no es suficiente. Las urgencias de Moncloa son muchas y los medios cercanos se han reducido en el comienzo del curso tras la <a href=\"https:\/\/theobjective.com\/medios\/2025-09-10\/alarma-moncloa-sanchismo-mediatico-rtve\/\" rel=\"nofollow noopener\" target=\"_blank\">espantada del grupo Prisa<\/a>. Para el Gobierno es vital recuperar la iniciativa medi\u00e1tica, y para ello RTVE se est\u00e1 quedando como la \u00fanica opci\u00f3n para apoyar el discurso oficial y servir de altavoz a los analistas y tertulianos cercanos al Ejecutivo. <strong>La siguiente estaci\u00f3n ser\u00e1 el s\u00e1bado por la noche.<\/strong><\/p>\n","protected":false},"excerpt":{"rendered":"Televisi\u00f3n Espa\u00f1ola (TVE) sigue buscando huecos en su parrilla para sus tertulias de actualidad pol\u00edtica. Seg\u00fan ha podido&hellip;\n","protected":false},"author":2,"featured_media":31694,"comment_status":"","ping_status":"","sticky":false,"template":"","format":"standard","meta":{"footnotes":""},"categories":[171],"tags":[33061,146,147,25,24,14695,38018,5966,2151,518,23,214,3156],"class_list":{"0":"post-111652","1":"post","2":"type-post","3":"status-publish","4":"format-standard","5":"has-post-thumbnail","7":"category-tv","8":"tag-consejo-de-rtve","9":"tag-entertainment","10":"tag-entretenimiento","11":"tag-es","12":"tag-espana","13":"tag-javier-ruiz","14":"tag-la-moncloa","15":"tag-pedro-su00e1nchez","16":"tag-periodismo","17":"tag-rtve","18":"tag-spain","19":"tag-tv","20":"tag-tve"},"share_on_mastodon":{"url":"","error":""},"_links":{"self":[{"href":"https:\/\/www.europesays.com\/es\/wp-json\/wp\/v2\/posts\/111652","targetHints":{"allow":["GET"]}}],"collection":[{"href":"https:\/\/www.europesays.com\/es\/wp-json\/wp\/v2\/posts"}],"about":[{"href":"https:\/\/www.europesays.com\/es\/wp-json\/wp\/v2\/types\/post"}],"author":[{"embeddable":true,"href":"https:\/\/www.europesays.com\/es\/wp-json\/wp\/v2\/users\/2"}],"replies":[{"embeddable":true,"href":"https:\/\/www.europesays.com\/es\/wp-json\/wp\/v2\/comments?post=111652"}],"version-history":[{"count":0,"href":"https:\/\/www.europesays.com\/es\/wp-json\/wp\/v2\/posts\/111652\/revisions"}],"wp:featuredmedia":[{"embeddable":true,"href":"https:\/\/www.europesays.com\/es\/wp-json\/wp\/v2\/media\/31694"}],"wp:attachment":[{"href":"https:\/\/www.europesays.com\/es\/wp-json\/wp\/v2\/media?parent=111652"}],"wp:term":[{"taxonomy":"category","embeddable":true,"href":"https:\/\/www.europesays.com\/es\/wp-json\/wp\/v2\/categories?post=111652"},{"taxonomy":"post_tag","embeddable":true,"href":"https:\/\/www.europesays.com\/es\/wp-json\/wp\/v2\/tags?post=111652"}],"curies":[{"name":"wp","href":"https:\/\/api.w.org\/{rel}","templated":true}]}}