{"id":111653,"date":"2025-09-13T05:15:14","date_gmt":"2025-09-13T05:15:14","guid":{"rendered":"https:\/\/www.europesays.com\/es\/111653\/"},"modified":"2025-09-13T05:15:14","modified_gmt":"2025-09-13T05:15:14","slug":"del-k-pop-a-la-comida-coreana-madrid-acoge-la-primera-exposicion-inmersiva-en-espana-dedicada-a-la-cultura-oriental","status":"publish","type":"post","link":"https:\/\/www.europesays.com\/es\/111653\/","title":{"rendered":"Del K-Pop a la comida coreana, Madrid acoge la primera exposici\u00f3n inmersiva en Espa\u00f1a dedicada a la cultura oriental"},"content":{"rendered":"<p><strong>Conciertos<\/strong> repletos de fans, <strong>festivales<\/strong>, <strong>restaurantes<\/strong> que ofrecen todo tipo de delicias orientales&#8230; La <strong>cultura coreana<\/strong>\u00a0crece cada vez con m\u00e1s fuerza en la capital, y qu\u00e9 mejor que celebrarlo con un evento para todos los p\u00fablicos en uno de los espacios culturales m\u00e1s conocidos de Madrid. Este viaje <strong>inmersivo<\/strong> transformar\u00e1 as\u00ed la ciudad en un escaparate de la cultura asi\u00e1tica.<\/p>\n<p><img decoding=\"async\" id=\"2ea7be2d-228f-3e11-c036-1723dc84fd0c\" class=\"photo lazy inline\" loading=\"lazy\" data-component=\"lazy-embed\" src=\"https:\/\/www.europesays.com\/es\/wp-content\/uploads\/2025\/09\/1757740510_567_image.webp.webp\" alt=\"K-EXPO\" data-caption=\"\" data-credit=\"K-EXPO\" data-width-class=\"\" data-image-id=\"106318583\"\/>&#13;<br \/>\nK-EXPO&#13;<\/p>\n<p>Lo mejor de la cultura coreana aterriza en Madrid<\/p>\n<p>Distribuido en varias plantas tem\u00e1ticas, el <a href=\"https:\/\/www.timeout.es\/madrid\/es\/que-hacer\/circulo-de-bellas-artes\" rel=\"nofollow noopener\" target=\"_blank\">C\u00edrculo de Bellas Artes<\/a> se convertir\u00e1 en una\u00a0experiencia vibrante y multisensorial para aquellos que quieran descubrir m\u00e1s sobre la <strong>cultura coreana<\/strong>, o sean ya grandes amantes de lo oriental.\u00a0As\u00ed,\u00a0entre los d\u00edas\u00a0<strong>28 y 30 de septiembre<\/strong>, Madrid celebrar\u00e1 &#8216;<strong>2025 K-EXPO SPAIN: All About K-Style<\/strong>&#8216;, primera edici\u00f3n del evento nacional y la quinta del mundo, tras pasar por pa\u00edses como Tailandia, Indonesia, Francia y Canad\u00e1.<\/p>\n<p>La\u00a0exposici\u00f3n ofrecer\u00e1 un viaje inmersivo a trav\u00e9s del popular mundo del <strong>K-POP<\/strong>, <strong>K-Beauty<\/strong>, <strong>K-Food<\/strong> y <strong>K-GAME<\/strong>, repartidos en varias plantas del CBA. En la segunda planta, os podr\u00e9is encontrar con el centro creativo del evento, &#8216;<strong>K-Content &amp; Entertainment<\/strong>&#8216;, que contar\u00e1 con la zona &#8216;K-PC Caf\u00e9&#8217;, que busca recrear la cultura de los caf\u00e9s de PC de Se\u00fal; la zona &#8216;<strong>K-Webtoon<\/strong>&#8216;, destacando c\u00f3mics y &#8216;webtoons&#8217; que han ganado popularidad mundial; la zona &#8216;<strong>K-Animation<\/strong>&#8216;, donde podr\u00e9is encontrar animaciones y\u00a0populares personajes; la zona &#8216;<strong>K-Music<\/strong>&#8216;, que ofrece una\u00a0experiencia inmersiva de la cultura de las salas de canto de Corea, y la zona &#8216;<strong>K-Heritage<\/strong>&#8216;, que presenta &#8216;MU:DS&#8217;, la marca de productos de la Fundaci\u00f3n Nacional de Museos de Corea, junto con una zona fotogr\u00e1fica tem\u00e1tica que combina pinturas populares coreanas tradicionales con contenido moderno.<\/p>\n<p><img decoding=\"async\" id=\"ed909c93-c6b5-0582-3ccc-7e0ad2b3bbef\" class=\"photo lazy inline\" loading=\"lazy\" data-component=\"lazy-embed\" src=\"https:\/\/www.europesays.com\/es\/wp-content\/uploads\/2025\/09\/1757740512_903_image.webp.webp\" alt=\"K-EXPO\" data-caption=\"\" data-credit=\"K-EXPO\" data-width-class=\"\" data-image-id=\"106318584\"\/>&#13;<br \/>\nK-EXPO&#13;<\/p>\n<p>Por otra parte, la cuarta planta est\u00e1 dise\u00f1ada como una exposici\u00f3n al estilo mercado, con una zona &#8216;<strong>K-Beauty<\/strong>&#8216;, donde descubrir los secretos de la belleza coreana, y la zona &#8216;<strong>K-Food<\/strong>&#8216;, donde degustar aut\u00e9ntica cocina coreana. En la zona &#8216;<strong>K-Tour<\/strong>&#8216;, organizada por la Organizaci\u00f3n de Turismo de Corea, podr\u00e9is disfrutar de actividades interactivas, concursos y una amplia gama de productos tur\u00edsticos coreanos. En el escenario tamvi\u00e9n se presentar\u00e1n espect\u00e1culos de maquillaje y demostraciones de cocina, junto a la &#8216;<strong>K-Party<\/strong>&#8216;, donde sabores y estilos coreanos se unen a la cultura espa\u00f1ola.<\/p>\n<p>Finalmente, en la quinta planta podr\u00e9is encontrar una gama de <strong>experiencias<\/strong> de medios digitales, como &#8216;Live Sketch&#8217;, un programa de arte multimedia interactivo, o &#8216;Stepin&#8217;, una plataforma de baile de K-Pop basada en inteligencia artificial.<\/p>\n<p><img decoding=\"async\" id=\"1c026bd8-1616-3b76-fe6f-07e3b2c6919a\" class=\"photo lazy inline\" loading=\"lazy\" data-component=\"lazy-embed\" src=\"https:\/\/www.europesays.com\/es\/wp-content\/uploads\/2025\/09\/1757740514_628_image.webp.webp\" alt=\"K-EXPO\" data-caption=\"\" data-credit=\"K-EXPO\" data-width-class=\"\" data-image-id=\"106318585\"\/>&#13;<br \/>\nK-EXPO&#13;<\/p>\n<p>Los mejores restaurantes coreanos de Madrid<\/p>\n<p>El primer paso para descubrir una cultura es adentrarse en su cocina. Si quieres saber m\u00e1s sobre la gastronom\u00eda coreana, en Madrid pod\u00e9is encontrar <a href=\"https:\/\/www.timeout.es\/madrid\/es\/restaurantes\/mejores-restaurantes-coreanos-la-cocina-asiatica-que-tienes-que-probar\" rel=\"nofollow noopener\" target=\"_blank\">restaurantes<\/a>\u00a0como Pury, Na Num, Casa Pei +,\u00a0Kim&#8217;s Barbacoa Coreana,\u00a0Chikinmos,\u00a0Sarang Bang,\u00a0Maru, Miso, Seoul, Dimibang, Midang, Ssomek o Mama Uma.<\/p>\n<p><strong>NO TE LO PIERDAS: <a href=\"https:\/\/www.timeout.es\/madrid\/es\/que-hacer\/que-hacer-en-madrid-septiembre\" rel=\"nofollow noopener\" target=\"_blank\">Qu\u00e9 hacer en Madrid en septiembre<\/a><\/strong><br \/>\n<strong>\u00bfBuscas m\u00e1s planes? \u00a1Inscr\u00edbete en nuestra\u00a0<a href=\"https:\/\/www.timeout.es\/madrid\/es\/newsletter?cid=mad~editorial~acquisition~newsletter~contentlink\" target=\"_blank\" data-saferedirecturl=\"https:\/\/www.google.com\/url?q=https:\/\/www.timeout.es\/madrid\/es\/newsletter?cid%3Dmad~editorial~acquisition~newsletter~contentlink&amp;source=gmail&amp;ust=1715088232784000&amp;usg=AOvVaw1l0Ah0eZexOJldYPoJn4E1\" rel=\"nofollow noopener\">newsletter<\/a>\u00a0y no te pierdas ninguno!<\/strong><\/p>\n","protected":false},"excerpt":{"rendered":"Conciertos repletos de fans, festivales, restaurantes que ofrecen todo tipo de delicias orientales&#8230; La cultura coreana\u00a0crece cada vez&hellip;\n","protected":false},"author":2,"featured_media":111654,"comment_status":"","ping_status":"","sticky":false,"template":"","format":"standard","meta":{"footnotes":""},"categories":[170],"tags":[229,29923,28718,146,147,25,24,29929,38019,184,185,28720,23,38020,28711,23423,28713,28717,28709,38021,28719],"class_list":{"0":"post-111653","1":"post","2":"type-post","3":"status-publish","4":"format-standard","5":"has-post-thumbnail","7":"category-musica","8":"tag-arte","9":"tag-calendario-de-festividades-otono","10":"tag-categorias-arte","11":"tag-entertainment","12":"tag-entretenimiento","13":"tag-es","14":"tag-espana","15":"tag-familiar-good-for-apto-para-ninos","16":"tag-madrid-centro","17":"tag-music","18":"tag-musica","19":"tag-noticias-arte","20":"tag-spain","21":"tag-tema-actividades-para-el-tiempo-libre","22":"tag-tema-good-for-going-with-friends","23":"tag-tema-good-for-locals","24":"tag-tema-good-for-para-llevar-a-tus-padres","25":"tag-tema-good-for-salida-en-grupo","26":"tag-tema-good-for-salir-solo","27":"tag-tipo-de-actividad-actividades-gastronomicas","28":"tag-tipo-de-actividad-exposiciones-arte-y-museos"},"share_on_mastodon":{"url":"","error":""},"_links":{"self":[{"href":"https:\/\/www.europesays.com\/es\/wp-json\/wp\/v2\/posts\/111653","targetHints":{"allow":["GET"]}}],"collection":[{"href":"https:\/\/www.europesays.com\/es\/wp-json\/wp\/v2\/posts"}],"about":[{"href":"https:\/\/www.europesays.com\/es\/wp-json\/wp\/v2\/types\/post"}],"author":[{"embeddable":true,"href":"https:\/\/www.europesays.com\/es\/wp-json\/wp\/v2\/users\/2"}],"replies":[{"embeddable":true,"href":"https:\/\/www.europesays.com\/es\/wp-json\/wp\/v2\/comments?post=111653"}],"version-history":[{"count":0,"href":"https:\/\/www.europesays.com\/es\/wp-json\/wp\/v2\/posts\/111653\/revisions"}],"wp:featuredmedia":[{"embeddable":true,"href":"https:\/\/www.europesays.com\/es\/wp-json\/wp\/v2\/media\/111654"}],"wp:attachment":[{"href":"https:\/\/www.europesays.com\/es\/wp-json\/wp\/v2\/media?parent=111653"}],"wp:term":[{"taxonomy":"category","embeddable":true,"href":"https:\/\/www.europesays.com\/es\/wp-json\/wp\/v2\/categories?post=111653"},{"taxonomy":"post_tag","embeddable":true,"href":"https:\/\/www.europesays.com\/es\/wp-json\/wp\/v2\/tags?post=111653"}],"curies":[{"name":"wp","href":"https:\/\/api.w.org\/{rel}","templated":true}]}}