{"id":111684,"date":"2025-09-13T05:38:12","date_gmt":"2025-09-13T05:38:12","guid":{"rendered":"https:\/\/www.europesays.com\/es\/111684\/"},"modified":"2025-09-13T05:38:12","modified_gmt":"2025-09-13T05:38:12","slug":"las-imagenes-de-la-gala-latin-grammy-celebra-andalucia-es-musica","status":"publish","type":"post","link":"https:\/\/www.europesays.com\/es\/111684\/","title":{"rendered":"Las im\u00e1genes de la gala Latin Grammy Celebra: Andaluc\u00eda es M\u00fasica"},"content":{"rendered":"<p class=\"h3\">Latin GRAMMY\u00ae<\/p>\n<p>                        Actualizado:<br \/>\n                        11\/09\/2025 15:32<\/p>\n<p>                    <a href=\"https:\/\/www.elcorreoweb.es\/sevilla\/2025\/09\/11\/fotogaleria-imagenes-gala-latin-grammy-121468358.html#foto=1\" class=\"button swiper-button-next\" id=\"swiperButtonNext\" rel=\"nofollow noopener\" target=\"_blank\">Ver galer\u00eda &gt;<\/a><\/p>\n<p class=\"h3\">\n                                            Sevilla se convirti\u00f3 este mi\u00e9rcoles en el escenario internacional de la m\u00fasica latina gracias a la gala organizada por la Academia Latina de la Grabaci\u00f3n titulada Latin Grammy Celebra: Andaluc\u00eda es M\u00fasica. Decenas de artistas rindieron tributo al legado musical andaluz, con el flamenco como eje conductor de este homenaje al patrimonio art\u00edstico de nuestra tierra.\n                                    <\/p>\n<p><a class=\"swiper-imagen\" href=\"https:\/\/www.elcorreoweb.es\/sevilla\/2025\/09\/11\/fotogaleria-imagenes-gala-latin-grammy-121468358.html#foto=2\" rel=\"nofollow noopener\" target=\"_blank\"><\/p>\n<p>                    <img loading=\"lazy\" decoding=\"async\" class=\"lazy-place\" src=\"data:image\/png;base64,iVBORw0KGgoAAAANSUhEUgAAAAEAAAABCAQAAAC1HAwCAAAAC0lEQVR42mNkYAAAAAYAAjCB0C8AAAAASUVORK5CYII=\" alt=\" \" height=\"1600\" width=\"2400\" style=\" max-height: calc(100vh - 58px); height: 0; padding-top: 67%; \"\/><\/p>\n<p><\/a><br \/>\n                    Fotogaler\u00eda | Las im\u00e1genes de la gala Latin Grammy Celebra: Andaluc\u00eda es M\u00fasica<\/p>\n<p class=\"swiper-slide__author\">Latin GRAMMY\u00ae<\/p>\n<p class=\"swiper-slide__description\">\n                                                                        Sevilla se convirti\u00f3 este mi\u00e9rcoles en el escenario internacional de la m\u00fasica latina gracias a la gala organizada por la Academia Latina de la Grabaci\u00f3n titulada Latin Grammy Celebra: Andaluc\u00eda es M\u00fasica. Decenas de artistas rindieron tributo al legado musical andaluz, con el flamenco como eje conductor de este homenaje al patrimonio art\u00edstico de nuestra tierra.\n                                            <\/p>\n<p><a class=\"swiper-imagen\" href=\"https:\/\/www.elcorreoweb.es\/sevilla\/2025\/09\/11\/fotogaleria-imagenes-gala-latin-grammy-121468358.html#foto=3\" rel=\"nofollow noopener\" target=\"_blank\"><\/p>\n<p>                    <img loading=\"lazy\" decoding=\"async\" class=\"lazy-place\" src=\"data:image\/png;base64,iVBORw0KGgoAAAANSUhEUgAAAAEAAAABCAQAAAC1HAwCAAAAC0lEQVR42mNkYAAAAAYAAjCB0C8AAAAASUVORK5CYII=\" alt=\" \" height=\"1600\" width=\"2400\" style=\" max-height: calc(100vh - 58px); height: 0; padding-top: 67%; \"\/><\/p>\n<p><\/a><br \/>\n                    Fotogaler\u00eda | Las im\u00e1genes de la gala Latin Grammy Celebra: Andaluc\u00eda es M\u00fasica<\/p>\n<p class=\"swiper-slide__author\">Latin GRAMMY\u00ae<\/p>\n<p class=\"swiper-slide__description\">\n                                                                        Sevilla se convirti\u00f3 este mi\u00e9rcoles en el escenario internacional de la m\u00fasica latina gracias a la gala organizada por la Academia Latina de la Grabaci\u00f3n titulada Latin Grammy Celebra: Andaluc\u00eda es M\u00fasica. Decenas de artistas rindieron tributo al legado musical andaluz, con el flamenco como eje conductor de este homenaje al patrimonio art\u00edstico de nuestra tierra.\n                                            <\/p>\n<p><a class=\"swiper-imagen\" href=\"https:\/\/www.elcorreoweb.es\/sevilla\/2025\/09\/11\/fotogaleria-imagenes-gala-latin-grammy-121468358.html#foto=4\" rel=\"nofollow noopener\" target=\"_blank\"><\/p>\n<p>                    <img loading=\"lazy\" decoding=\"async\" class=\"lazy-place\" src=\"data:image\/png;base64,iVBORw0KGgoAAAANSUhEUgAAAAEAAAABCAQAAAC1HAwCAAAAC0lEQVR42mNkYAAAAAYAAjCB0C8AAAAASUVORK5CYII=\" alt=\" \" height=\"1600\" width=\"2400\" style=\" max-height: calc(100vh - 58px); height: 0; padding-top: 67%; \"\/><\/p>\n<p><\/a><br \/>\n                    Fotogaler\u00eda | Las im\u00e1genes de la gala Latin Grammy Celebra: Andaluc\u00eda es M\u00fasica<\/p>\n<p class=\"swiper-slide__author\">Latin GRAMMY\u00ae<\/p>\n<p class=\"swiper-slide__description\">\n                                                                        Sevilla se convirti\u00f3 este mi\u00e9rcoles en el escenario internacional de la m\u00fasica latina gracias a la gala organizada por la Academia Latina de la Grabaci\u00f3n titulada Latin Grammy Celebra: Andaluc\u00eda es M\u00fasica. Decenas de artistas rindieron tributo al legado musical andaluz, con el flamenco como eje conductor de este homenaje al patrimonio art\u00edstico de nuestra tierra.\n                                            <\/p>\n<p><a class=\"swiper-imagen\" href=\"https:\/\/www.elcorreoweb.es\/sevilla\/2025\/09\/11\/fotogaleria-imagenes-gala-latin-grammy-121468358.html#foto=5\" rel=\"nofollow noopener\" target=\"_blank\"><\/p>\n<p>                    <img loading=\"lazy\" decoding=\"async\" class=\"lazy-place\" src=\"data:image\/png;base64,iVBORw0KGgoAAAANSUhEUgAAAAEAAAABCAQAAAC1HAwCAAAAC0lEQVR42mNkYAAAAAYAAjCB0C8AAAAASUVORK5CYII=\" alt=\" \" height=\"1600\" width=\"2400\" style=\" max-height: calc(100vh - 58px); height: 0; padding-top: 67%; \"\/><\/p>\n<p><\/a><br \/>\n                    Fotogaler\u00eda | Las im\u00e1genes de la gala Latin Grammy Celebra: Andaluc\u00eda es M\u00fasica<\/p>\n<p class=\"swiper-slide__author\">Latin GRAMMY\u00ae<\/p>\n<p class=\"swiper-slide__description\">\n                                                                        Sevilla se convirti\u00f3 este mi\u00e9rcoles en el escenario internacional de la m\u00fasica latina gracias a la gala organizada por la Academia Latina de la Grabaci\u00f3n titulada Latin Grammy Celebra: Andaluc\u00eda es M\u00fasica. Decenas de artistas rindieron tributo al legado musical andaluz, con el flamenco como eje conductor de este homenaje al patrimonio art\u00edstico de nuestra tierra.\n                                            <\/p>\n<p><a class=\"swiper-imagen\" href=\"https:\/\/www.elcorreoweb.es\/sevilla\/2025\/09\/11\/fotogaleria-imagenes-gala-latin-grammy-121468358.html#foto=6\" rel=\"nofollow noopener\" target=\"_blank\"><\/p>\n<p>                    <img loading=\"lazy\" decoding=\"async\" class=\"lazy-place\" src=\"data:image\/png;base64,iVBORw0KGgoAAAANSUhEUgAAAAEAAAABCAQAAAC1HAwCAAAAC0lEQVR42mNkYAAAAAYAAjCB0C8AAAAASUVORK5CYII=\" alt=\" \" height=\"1599\" width=\"2400\" style=\" max-height: calc(100vh - 58px); height: 0; padding-top: 67%; \"\/><\/p>\n<p><\/a><br \/>\n                    Fotogaler\u00eda | Las im\u00e1genes de la gala Latin Grammy Celebra: Andaluc\u00eda es M\u00fasica<\/p>\n<p class=\"swiper-slide__author\">Latin GRAMMY\u00ae<\/p>\n<p class=\"swiper-slide__description\">\n                                                                        Sevilla se convirti\u00f3 este mi\u00e9rcoles en el escenario internacional de la m\u00fasica latina gracias a la gala organizada por la Academia Latina de la Grabaci\u00f3n titulada Latin Grammy Celebra: Andaluc\u00eda es M\u00fasica. Decenas de artistas rindieron tributo al legado musical andaluz, con el flamenco como eje conductor de este homenaje al patrimonio art\u00edstico de nuestra tierra.\n                                            <\/p>\n<p><a class=\"swiper-imagen\" href=\"https:\/\/www.elcorreoweb.es\/sevilla\/2025\/09\/11\/fotogaleria-imagenes-gala-latin-grammy-121468358.html#foto=7\" rel=\"nofollow noopener\" target=\"_blank\"><\/p>\n<p>                    <img loading=\"lazy\" decoding=\"async\" class=\"lazy-place\" src=\"data:image\/png;base64,iVBORw0KGgoAAAANSUhEUgAAAAEAAAABCAQAAAC1HAwCAAAAC0lEQVR42mNkYAAAAAYAAjCB0C8AAAAASUVORK5CYII=\" alt=\" \" height=\"1600\" width=\"2400\" style=\" max-height: calc(100vh - 58px); height: 0; padding-top: 67%; \"\/><\/p>\n<p><\/a><br \/>\n                    Fotogaler\u00eda | Las im\u00e1genes de la gala Latin Grammy Celebra: Andaluc\u00eda es M\u00fasica<\/p>\n<p class=\"swiper-slide__author\">Latin GRAMMY\u00ae<\/p>\n<p class=\"swiper-slide__description\">\n                                                                        Sevilla se convirti\u00f3 este mi\u00e9rcoles en el escenario internacional de la m\u00fasica latina gracias a la gala organizada por la Academia Latina de la Grabaci\u00f3n titulada Latin Grammy Celebra: Andaluc\u00eda es M\u00fasica. Decenas de artistas rindieron tributo al legado musical andaluz, con el flamenco como eje conductor de este homenaje al patrimonio art\u00edstico de nuestra tierra.\n                                            <\/p>\n<p><a class=\"swiper-imagen\" href=\"https:\/\/www.elcorreoweb.es\/sevilla\/2025\/09\/11\/fotogaleria-imagenes-gala-latin-grammy-121468358.html#foto=8\" rel=\"nofollow noopener\" target=\"_blank\"><\/p>\n<p>                    <img loading=\"lazy\" decoding=\"async\" class=\"lazy-place\" src=\"data:image\/png;base64,iVBORw0KGgoAAAANSUhEUgAAAAEAAAABCAQAAAC1HAwCAAAAC0lEQVR42mNkYAAAAAYAAjCB0C8AAAAASUVORK5CYII=\" alt=\" \" height=\"1600\" width=\"2400\" style=\" max-height: calc(100vh - 58px); height: 0; padding-top: 67%; \"\/><\/p>\n<p><\/a><br \/>\n                    Fotogaler\u00eda | Las im\u00e1genes de la gala Latin Grammy Celebra: Andaluc\u00eda es M\u00fasica<\/p>\n<p class=\"swiper-slide__author\">Latin GRAMMY\u00ae<\/p>\n<p class=\"swiper-slide__description\">\n                                                                        Sevilla se convirti\u00f3 este mi\u00e9rcoles en el escenario internacional de la m\u00fasica latina gracias a la gala organizada por la Academia Latina de la Grabaci\u00f3n titulada Latin Grammy Celebra: Andaluc\u00eda es M\u00fasica. Decenas de artistas rindieron tributo al legado musical andaluz, con el flamenco como eje conductor de este homenaje al patrimonio art\u00edstico de nuestra tierra.\n                                            <\/p>\n<p><a class=\"swiper-imagen\" href=\"https:\/\/www.elcorreoweb.es\/sevilla\/2025\/09\/11\/fotogaleria-imagenes-gala-latin-grammy-121468358.html#foto=9\" rel=\"nofollow noopener\" target=\"_blank\"><\/p>\n<p>                    <img loading=\"lazy\" decoding=\"async\" class=\"lazy-place\" src=\"data:image\/png;base64,iVBORw0KGgoAAAANSUhEUgAAAAEAAAABCAQAAAC1HAwCAAAAC0lEQVR42mNkYAAAAAYAAjCB0C8AAAAASUVORK5CYII=\" alt=\" \" height=\"1600\" width=\"2400\" style=\" max-height: calc(100vh - 58px); height: 0; padding-top: 67%; \"\/><\/p>\n<p><\/a><br \/>\n                    Fotogaler\u00eda | Las im\u00e1genes de la gala Latin Grammy Celebra: Andaluc\u00eda es M\u00fasica<\/p>\n<p class=\"swiper-slide__author\">Latin GRAMMY\u00ae<\/p>\n<p class=\"swiper-slide__description\">\n                                                                        Sevilla se convirti\u00f3 este mi\u00e9rcoles en el escenario internacional de la m\u00fasica latina gracias a la gala organizada por la Academia Latina de la Grabaci\u00f3n titulada Latin Grammy Celebra: Andaluc\u00eda es M\u00fasica. Decenas de artistas rindieron tributo al legado musical andaluz, con el flamenco como eje conductor de este homenaje al patrimonio art\u00edstico de nuestra tierra.\n                                            <\/p>\n<p><a class=\"swiper-imagen\" href=\"https:\/\/www.elcorreoweb.es\/sevilla\/2025\/09\/11\/fotogaleria-imagenes-gala-latin-grammy-121468358.html#foto=10\" rel=\"nofollow noopener\" target=\"_blank\"><\/p>\n<p>                    <img loading=\"lazy\" decoding=\"async\" class=\"lazy-place\" src=\"data:image\/png;base64,iVBORw0KGgoAAAANSUhEUgAAAAEAAAABCAQAAAC1HAwCAAAAC0lEQVR42mNkYAAAAAYAAjCB0C8AAAAASUVORK5CYII=\" alt=\" \" height=\"1599\" width=\"2400\" style=\" max-height: calc(100vh - 58px); height: 0; padding-top: 67%; \"\/><\/p>\n<p><\/a><br \/>\n                    Fotogaler\u00eda | Las im\u00e1genes de la gala Latin Grammy Celebra: Andaluc\u00eda es M\u00fasica<\/p>\n<p class=\"swiper-slide__author\">Latin GRAMMY\u00ae<\/p>\n<p class=\"swiper-slide__description\">\n                                                                        Sevilla se convirti\u00f3 este mi\u00e9rcoles en el escenario internacional de la m\u00fasica latina gracias a la gala organizada por la Academia Latina de la Grabaci\u00f3n titulada Latin Grammy Celebra: Andaluc\u00eda es M\u00fasica. Decenas de artistas rindieron tributo al legado musical andaluz, con el flamenco como eje conductor de este homenaje al patrimonio art\u00edstico de nuestra tierra.\n                                            <\/p>\n<p><a class=\"swiper-imagen\" href=\"https:\/\/www.elcorreoweb.es\/sevilla\/2025\/09\/11\/fotogaleria-imagenes-gala-latin-grammy-121468358.html#foto=11\" rel=\"nofollow noopener\" target=\"_blank\"><\/p>\n<p>                    <img loading=\"lazy\" decoding=\"async\" class=\"lazy-place\" src=\"data:image\/png;base64,iVBORw0KGgoAAAANSUhEUgAAAAEAAAABCAQAAAC1HAwCAAAAC0lEQVR42mNkYAAAAAYAAjCB0C8AAAAASUVORK5CYII=\" alt=\" \" height=\"1599\" width=\"2400\" style=\" max-height: calc(100vh - 58px); height: 0; padding-top: 67%; \"\/><\/p>\n<p><\/a><br \/>\n                    Fotogaler\u00eda | Las im\u00e1genes de la gala Latin Grammy Celebra: Andaluc\u00eda es M\u00fasica<\/p>\n<p class=\"swiper-slide__author\">Latin GRAMMY\u00ae<\/p>\n<p class=\"swiper-slide__description\">\n                                                                        Sevilla se convirti\u00f3 este mi\u00e9rcoles en el escenario internacional de la m\u00fasica latina gracias a la gala organizada por la Academia Latina de la Grabaci\u00f3n titulada Latin Grammy Celebra: Andaluc\u00eda es M\u00fasica. Decenas de artistas rindieron tributo al legado musical andaluz, con el flamenco como eje conductor de este homenaje al patrimonio art\u00edstico de nuestra tierra.\n                                            <\/p>\n<p><a class=\"swiper-imagen\" href=\"https:\/\/www.elcorreoweb.es\/sevilla\/2025\/09\/11\/fotogaleria-imagenes-gala-latin-grammy-121468358.html#foto=12\" rel=\"nofollow noopener\" target=\"_blank\"><\/p>\n<p>                    <img loading=\"lazy\" decoding=\"async\" class=\"lazy-place\" src=\"data:image\/png;base64,iVBORw0KGgoAAAANSUhEUgAAAAEAAAABCAQAAAC1HAwCAAAAC0lEQVR42mNkYAAAAAYAAjCB0C8AAAAASUVORK5CYII=\" alt=\" \" height=\"1599\" width=\"2400\" style=\" max-height: calc(100vh - 58px); height: 0; padding-top: 67%; \"\/><\/p>\n<p><\/a><br \/>\n                    Fotogaler\u00eda | Las im\u00e1genes de la gala Latin Grammy Celebra: Andaluc\u00eda es M\u00fasica<\/p>\n<p class=\"swiper-slide__author\">Latin GRAMMY\u00ae<\/p>\n<p class=\"swiper-slide__description\">\n                                                                        Sevilla se convirti\u00f3 este mi\u00e9rcoles en el escenario internacional de la m\u00fasica latina gracias a la gala organizada por la Academia Latina de la Grabaci\u00f3n titulada Latin Grammy Celebra: Andaluc\u00eda es M\u00fasica. Decenas de artistas rindieron tributo al legado musical andaluz, con el flamenco como eje conductor de este homenaje al patrimonio art\u00edstico de nuestra tierra.\n                                            <\/p>\n<p><a class=\"swiper-imagen\" href=\"https:\/\/www.elcorreoweb.es\/sevilla\/2025\/09\/11\/fotogaleria-imagenes-gala-latin-grammy-121468358.html#foto=13\" rel=\"nofollow noopener\" target=\"_blank\"><\/p>\n<p>                    <img loading=\"lazy\" decoding=\"async\" class=\"lazy-place\" src=\"data:image\/png;base64,iVBORw0KGgoAAAANSUhEUgAAAAEAAAABCAQAAAC1HAwCAAAAC0lEQVR42mNkYAAAAAYAAjCB0C8AAAAASUVORK5CYII=\" alt=\" \" height=\"1600\" width=\"2400\" style=\" max-height: calc(100vh - 58px); height: 0; padding-top: 67%; \"\/><\/p>\n<p><\/a><br \/>\n                    Fotogaler\u00eda | Las im\u00e1genes de la gala Latin Grammy Celebra: Andaluc\u00eda es M\u00fasica<\/p>\n<p class=\"swiper-slide__author\">Latin GRAMMY\u00ae<\/p>\n<p class=\"swiper-slide__description\">\n                                                                        Sevilla se convirti\u00f3 este mi\u00e9rcoles en el escenario internacional de la m\u00fasica latina gracias a la gala organizada por la Academia Latina de la Grabaci\u00f3n titulada Latin Grammy Celebra: Andaluc\u00eda es M\u00fasica. Decenas de artistas rindieron tributo al legado musical andaluz, con el flamenco como eje conductor de este homenaje al patrimonio art\u00edstico de nuestra tierra.\n                                            <\/p>\n<p><a class=\"swiper-imagen\" href=\"https:\/\/www.elcorreoweb.es\/sevilla\/2025\/09\/11\/fotogaleria-imagenes-gala-latin-grammy-121468358.html#foto=14\" rel=\"nofollow noopener\" target=\"_blank\"><\/p>\n<p>                    <img loading=\"lazy\" decoding=\"async\" class=\"lazy-place\" src=\"data:image\/png;base64,iVBORw0KGgoAAAANSUhEUgAAAAEAAAABCAQAAAC1HAwCAAAAC0lEQVR42mNkYAAAAAYAAjCB0C8AAAAASUVORK5CYII=\" alt=\" \" height=\"1600\" width=\"2400\" style=\" max-height: calc(100vh - 58px); height: 0; padding-top: 67%; \"\/><\/p>\n<p><\/a><br \/>\n                    Fotogaler\u00eda | Las im\u00e1genes de la gala Latin Grammy Celebra: Andaluc\u00eda es M\u00fasica<\/p>\n<p class=\"swiper-slide__author\">Latin GRAMMY\u00ae<\/p>\n<p class=\"swiper-slide__description\">\n                                                                        Sevilla se convirti\u00f3 este mi\u00e9rcoles en el escenario internacional de la m\u00fasica latina gracias a la gala organizada por la Academia Latina de la Grabaci\u00f3n titulada Latin Grammy Celebra: Andaluc\u00eda es M\u00fasica. Decenas de artistas rindieron tributo al legado musical andaluz, con el flamenco como eje conductor de este homenaje al patrimonio art\u00edstico de nuestra tierra.\n                                            <\/p>\n<p><a class=\"swiper-imagen\" href=\"https:\/\/www.elcorreoweb.es\/sevilla\/2025\/09\/11\/fotogaleria-imagenes-gala-latin-grammy-121468358.html#foto=15\" rel=\"nofollow noopener\" target=\"_blank\"><\/p>\n<p>                    <img loading=\"lazy\" decoding=\"async\" class=\"lazy-place\" src=\"data:image\/png;base64,iVBORw0KGgoAAAANSUhEUgAAAAEAAAABCAQAAAC1HAwCAAAAC0lEQVR42mNkYAAAAAYAAjCB0C8AAAAASUVORK5CYII=\" alt=\" \" height=\"1600\" width=\"2400\" style=\" max-height: calc(100vh - 58px); height: 0; padding-top: 67%; \"\/><\/p>\n<p><\/a><br \/>\n                    Fotogaler\u00eda | Las im\u00e1genes de la gala Latin Grammy Celebra: Andaluc\u00eda es M\u00fasica<\/p>\n<p class=\"swiper-slide__author\">Latin GRAMMY\u00ae<\/p>\n<p class=\"swiper-slide__description\">\n                                                                        Sevilla se convirti\u00f3 este mi\u00e9rcoles en el escenario internacional de la m\u00fasica latina gracias a la gala organizada por la Academia Latina de la Grabaci\u00f3n titulada Latin Grammy Celebra: Andaluc\u00eda es M\u00fasica. Decenas de artistas rindieron tributo al legado musical andaluz, con el flamenco como eje conductor de este homenaje al patrimonio art\u00edstico de nuestra tierra.\n                                            <\/p>\n<p><a class=\"swiper-imagen\" href=\"https:\/\/www.elcorreoweb.es\/sevilla\/2025\/09\/11\/fotogaleria-imagenes-gala-latin-grammy-121468358.html#foto=16\" rel=\"nofollow noopener\" target=\"_blank\"><\/p>\n<p>                    <img loading=\"lazy\" decoding=\"async\" class=\"lazy-place\" src=\"data:image\/png;base64,iVBORw0KGgoAAAANSUhEUgAAAAEAAAABCAQAAAC1HAwCAAAAC0lEQVR42mNkYAAAAAYAAjCB0C8AAAAASUVORK5CYII=\" alt=\" \" height=\"1600\" width=\"2400\" style=\" max-height: calc(100vh - 58px); height: 0; padding-top: 67%; \"\/><\/p>\n<p><\/a><br \/>\n                    Fotogaler\u00eda | Las im\u00e1genes de la gala Latin Grammy Celebra: Andaluc\u00eda es M\u00fasica<\/p>\n<p class=\"swiper-slide__author\">Latin GRAMMY\u00ae<\/p>\n<p class=\"swiper-slide__description\">\n                                                                        Sevilla se convirti\u00f3 este mi\u00e9rcoles en el escenario internacional de la m\u00fasica latina gracias a la gala organizada por la Academia Latina de la Grabaci\u00f3n titulada Latin Grammy Celebra: Andaluc\u00eda es M\u00fasica. Decenas de artistas rindieron tributo al legado musical andaluz, con el flamenco como eje conductor de este homenaje al patrimonio art\u00edstico de nuestra tierra.\n                                            <\/p>\n<p><a class=\"swiper-imagen\" href=\"https:\/\/www.elcorreoweb.es\/sevilla\/2025\/09\/11\/fotogaleria-imagenes-gala-latin-grammy-121468358.html#foto=17\" rel=\"nofollow noopener\" target=\"_blank\"><\/p>\n<p>                    <img loading=\"lazy\" decoding=\"async\" class=\"lazy-place\" src=\"data:image\/png;base64,iVBORw0KGgoAAAANSUhEUgAAAAEAAAABCAQAAAC1HAwCAAAAC0lEQVR42mNkYAAAAAYAAjCB0C8AAAAASUVORK5CYII=\" alt=\" \" height=\"1599\" width=\"2400\" style=\" max-height: calc(100vh - 58px); height: 0; padding-top: 67%; \"\/><\/p>\n<p><\/a><br \/>\n                    Fotogaler\u00eda | Las im\u00e1genes de la gala Latin Grammy Celebra: Andaluc\u00eda es M\u00fasica<\/p>\n<p class=\"swiper-slide__author\">Latin GRAMMY\u00ae<\/p>\n<p class=\"swiper-slide__description\">\n                                                                        Sevilla se convirti\u00f3 este mi\u00e9rcoles en el escenario internacional de la m\u00fasica latina gracias a la gala organizada por la Academia Latina de la Grabaci\u00f3n titulada Latin Grammy Celebra: Andaluc\u00eda es M\u00fasica. Decenas de artistas rindieron tributo al legado musical andaluz, con el flamenco como eje conductor de este homenaje al patrimonio art\u00edstico de nuestra tierra.\n                                            <\/p>\n<p><a class=\"swiper-imagen\" href=\"https:\/\/www.elcorreoweb.es\/sevilla\/2025\/09\/11\/fotogaleria-imagenes-gala-latin-grammy-121468358.html#foto=18\" rel=\"nofollow noopener\" target=\"_blank\"><\/p>\n<p>                    <img loading=\"lazy\" decoding=\"async\" class=\"lazy-place\" src=\"data:image\/png;base64,iVBORw0KGgoAAAANSUhEUgAAAAEAAAABCAQAAAC1HAwCAAAAC0lEQVR42mNkYAAAAAYAAjCB0C8AAAAASUVORK5CYII=\" alt=\" \" height=\"1599\" width=\"2400\" style=\" max-height: calc(100vh - 58px); height: 0; padding-top: 67%; \"\/><\/p>\n<p><\/a><br \/>\n                    Fotogaler\u00eda | Las im\u00e1genes de la gala Latin Grammy Celebra: Andaluc\u00eda es M\u00fasica<\/p>\n<p class=\"swiper-slide__author\">Latin GRAMMY\u00ae<\/p>\n<p class=\"swiper-slide__description\">\n                                                                        Sevilla se convirti\u00f3 este mi\u00e9rcoles en el escenario internacional de la m\u00fasica latina gracias a la gala organizada por la Academia Latina de la Grabaci\u00f3n titulada Latin Grammy Celebra: Andaluc\u00eda es M\u00fasica. Decenas de artistas rindieron tributo al legado musical andaluz, con el flamenco como eje conductor de este homenaje al patrimonio art\u00edstico de nuestra tierra.\n                                            <\/p>\n<p><a class=\"swiper-imagen\" href=\"https:\/\/www.elcorreoweb.es\/sevilla\/2025\/09\/11\/fotogaleria-imagenes-gala-latin-grammy-121468358.html#foto=19\" rel=\"nofollow noopener\" target=\"_blank\"><\/p>\n<p>                    <img loading=\"lazy\" decoding=\"async\" class=\"lazy-place\" src=\"data:image\/png;base64,iVBORw0KGgoAAAANSUhEUgAAAAEAAAABCAQAAAC1HAwCAAAAC0lEQVR42mNkYAAAAAYAAjCB0C8AAAAASUVORK5CYII=\" alt=\" \" height=\"1600\" width=\"2400\" style=\" max-height: calc(100vh - 58px); height: 0; padding-top: 67%; \"\/><\/p>\n<p><\/a><br \/>\n                    Fotogaler\u00eda | Las im\u00e1genes de la gala Latin Grammy Celebra: Andaluc\u00eda es M\u00fasica<\/p>\n<p class=\"swiper-slide__author\">Latin GRAMMY\u00ae<\/p>\n<p class=\"swiper-slide__description\">\n                                                                        Sevilla se convirti\u00f3 este mi\u00e9rcoles en el escenario internacional de la m\u00fasica latina gracias a la gala organizada por la Academia Latina de la Grabaci\u00f3n titulada Latin Grammy Celebra: Andaluc\u00eda es M\u00fasica. Decenas de artistas rindieron tributo al legado musical andaluz, con el flamenco como eje conductor de este homenaje al patrimonio art\u00edstico de nuestra tierra.\n                                            <\/p>\n<p><a class=\"swiper-imagen\" href=\"https:\/\/www.elcorreoweb.es\/sevilla\/2025\/09\/11\/fotogaleria-imagenes-gala-latin-grammy-121468358.html#foto=20\" rel=\"nofollow noopener\" target=\"_blank\"><\/p>\n<p>                    <img loading=\"lazy\" decoding=\"async\" class=\"lazy-place\" src=\"data:image\/png;base64,iVBORw0KGgoAAAANSUhEUgAAAAEAAAABCAQAAAC1HAwCAAAAC0lEQVR42mNkYAAAAAYAAjCB0C8AAAAASUVORK5CYII=\" alt=\" \" height=\"1600\" width=\"2400\" style=\" max-height: calc(100vh - 58px); height: 0; padding-top: 67%; \"\/><\/p>\n<p><\/a><br \/>\n                    Fotogaler\u00eda | Las im\u00e1genes de la gala Latin Grammy Celebra: Andaluc\u00eda es M\u00fasica<\/p>\n<p class=\"swiper-slide__author\">Latin GRAMMY\u00ae<\/p>\n<p class=\"swiper-slide__description\">\n                                                                        Sevilla se convirti\u00f3 este mi\u00e9rcoles en el escenario internacional de la m\u00fasica latina gracias a la gala organizada por la Academia Latina de la Grabaci\u00f3n titulada Latin Grammy Celebra: Andaluc\u00eda es M\u00fasica. Decenas de artistas rindieron tributo al legado musical andaluz, con el flamenco como eje conductor de este homenaje al patrimonio art\u00edstico de nuestra tierra.\n                                            <\/p>\n<p><a class=\"swiper-imagen\" href=\"https:\/\/www.elcorreoweb.es\/sevilla\/2025\/09\/11\/fotogaleria-imagenes-gala-latin-grammy-121468358.html#foto=21\" rel=\"nofollow noopener\" target=\"_blank\"><\/p>\n<p>                    <img loading=\"lazy\" decoding=\"async\" class=\"lazy-place\" src=\"data:image\/png;base64,iVBORw0KGgoAAAANSUhEUgAAAAEAAAABCAQAAAC1HAwCAAAAC0lEQVR42mNkYAAAAAYAAjCB0C8AAAAASUVORK5CYII=\" alt=\" \" height=\"1600\" width=\"2400\" style=\" max-height: calc(100vh - 58px); height: 0; padding-top: 67%; \"\/><\/p>\n<p><\/a><br \/>\n                    Fotogaler\u00eda | Las im\u00e1genes de la gala Latin Grammy Celebra: Andaluc\u00eda es M\u00fasica<\/p>\n<p class=\"swiper-slide__author\">Latin GRAMMY\u00ae<\/p>\n<p class=\"swiper-slide__description\">\n                                                                        Sevilla se convirti\u00f3 este mi\u00e9rcoles en el escenario internacional de la m\u00fasica latina gracias a la gala organizada por la Academia Latina de la Grabaci\u00f3n titulada Latin Grammy Celebra: Andaluc\u00eda es M\u00fasica. Decenas de artistas rindieron tributo al legado musical andaluz, con el flamenco como eje conductor de este homenaje al patrimonio art\u00edstico de nuestra tierra.\n                                            <\/p>\n<p><a class=\"swiper-imagen\" href=\"https:\/\/www.elcorreoweb.es\/sevilla\/2025\/09\/11\/fotogaleria-imagenes-gala-latin-grammy-121468358.html#foto=22\" rel=\"nofollow noopener\" target=\"_blank\"><\/p>\n<p>                    <img loading=\"lazy\" decoding=\"async\" class=\"lazy-place\" src=\"data:image\/png;base64,iVBORw0KGgoAAAANSUhEUgAAAAEAAAABCAQAAAC1HAwCAAAAC0lEQVR42mNkYAAAAAYAAjCB0C8AAAAASUVORK5CYII=\" alt=\" \" height=\"1600\" width=\"2400\" style=\" max-height: calc(100vh - 58px); height: 0; padding-top: 67%; \"\/><\/p>\n<p><\/a><br \/>\n                    Fotogaler\u00eda | Las im\u00e1genes de la gala Latin Grammy Celebra: Andaluc\u00eda es M\u00fasica<\/p>\n<p class=\"swiper-slide__author\">Latin GRAMMY\u00ae<\/p>\n<p class=\"swiper-slide__description\">\n                                                                        Sevilla se convirti\u00f3 este mi\u00e9rcoles en el escenario internacional de la m\u00fasica latina gracias a la gala organizada por la Academia Latina de la Grabaci\u00f3n titulada Latin Grammy Celebra: Andaluc\u00eda es M\u00fasica. Decenas de artistas rindieron tributo al legado musical andaluz, con el flamenco como eje conductor de este homenaje al patrimonio art\u00edstico de nuestra tierra.\n                                            <\/p>\n<p><a class=\"swiper-imagen\" href=\"https:\/\/www.elcorreoweb.es\/sevilla\/2025\/09\/11\/fotogaleria-imagenes-gala-latin-grammy-121468358.html#foto=23\" rel=\"nofollow noopener\" target=\"_blank\"><\/p>\n<p>                    <img loading=\"lazy\" decoding=\"async\" class=\"lazy-place\" src=\"data:image\/png;base64,iVBORw0KGgoAAAANSUhEUgAAAAEAAAABCAQAAAC1HAwCAAAAC0lEQVR42mNkYAAAAAYAAjCB0C8AAAAASUVORK5CYII=\" alt=\" \" height=\"1600\" width=\"2400\" style=\" max-height: calc(100vh - 58px); height: 0; padding-top: 67%; \"\/><\/p>\n<p><\/a><br \/>\n                    Fotogaler\u00eda | Las im\u00e1genes de la gala Latin Grammy Celebra: Andaluc\u00eda es M\u00fasica<\/p>\n<p class=\"swiper-slide__author\">Latin GRAMMY\u00ae<\/p>\n<p class=\"swiper-slide__description\">\n                                                                        Sevilla se convirti\u00f3 este mi\u00e9rcoles en el escenario internacional de la m\u00fasica latina gracias a la gala organizada por la Academia Latina de la Grabaci\u00f3n titulada Latin Grammy Celebra: Andaluc\u00eda es M\u00fasica. Decenas de artistas rindieron tributo al legado musical andaluz, con el flamenco como eje conductor de este homenaje al patrimonio art\u00edstico de nuestra tierra.\n                                            <\/p>\n<p><a class=\"swiper-imagen\" href=\"https:\/\/www.elcorreoweb.es\/sevilla\/2025\/09\/11\/fotogaleria-imagenes-gala-latin-grammy-121468358.html\" rel=\"nofollow noopener\" target=\"_blank\"><\/p>\n<p>                    <img loading=\"lazy\" decoding=\"async\" class=\"lazy-place\" src=\"data:image\/png;base64,iVBORw0KGgoAAAANSUhEUgAAAAEAAAABCAQAAAC1HAwCAAAAC0lEQVR42mNkYAAAAAYAAjCB0C8AAAAASUVORK5CYII=\" alt=\" \" height=\"1600\" width=\"2400\" style=\" max-height: calc(100vh - 58px); height: 0; padding-top: 67%; \"\/><\/p>\n<p><\/a><br \/>\n                    Fotogaler\u00eda | Las im\u00e1genes de la gala Latin Grammy Celebra: Andaluc\u00eda es M\u00fasica<\/p>\n<p class=\"swiper-slide__author\">Latin GRAMMY\u00ae<\/p>\n<p class=\"swiper-slide__description\">\n                                                                        Sevilla se convirti\u00f3 este mi\u00e9rcoles en el escenario internacional de la m\u00fasica latina gracias a la gala organizada por la Academia Latina de la Grabaci\u00f3n titulada Latin Grammy Celebra: Andaluc\u00eda es M\u00fasica. Decenas de artistas rindieron tributo al legado musical andaluz, con el flamenco como eje conductor de este homenaje al patrimonio art\u00edstico de nuestra tierra.\n                                            <\/p>\n","protected":false},"excerpt":{"rendered":"Latin GRAMMY\u00ae Actualizado: 11\/09\/2025 15:32 Ver galer\u00eda &gt; Sevilla se convirti\u00f3 este mi\u00e9rcoles en el escenario internacional de&hellip;\n","protected":false},"author":2,"featured_media":111685,"comment_status":"","ping_status":"","sticky":false,"template":"","format":"standard","meta":{"footnotes":""},"categories":[170],"tags":[146,147,25,24,38026,1649,2791,1641,6950,184,185,1171,23],"class_list":{"0":"post-111684","1":"post","2":"type-post","3":"status-publish","4":"format-standard","5":"has-post-thumbnail","7":"category-musica","8":"tag-entertainment","9":"tag-entretenimiento","10":"tag-es","11":"tag-espana","12":"tag-fotogaleria","13":"tag-gala","14":"tag-grammy","15":"tag-imagenes","16":"tag-latin","17":"tag-music","18":"tag-musica","19":"tag-sevilla","20":"tag-spain"},"share_on_mastodon":{"url":"","error":""},"_links":{"self":[{"href":"https:\/\/www.europesays.com\/es\/wp-json\/wp\/v2\/posts\/111684","targetHints":{"allow":["GET"]}}],"collection":[{"href":"https:\/\/www.europesays.com\/es\/wp-json\/wp\/v2\/posts"}],"about":[{"href":"https:\/\/www.europesays.com\/es\/wp-json\/wp\/v2\/types\/post"}],"author":[{"embeddable":true,"href":"https:\/\/www.europesays.com\/es\/wp-json\/wp\/v2\/users\/2"}],"replies":[{"embeddable":true,"href":"https:\/\/www.europesays.com\/es\/wp-json\/wp\/v2\/comments?post=111684"}],"version-history":[{"count":0,"href":"https:\/\/www.europesays.com\/es\/wp-json\/wp\/v2\/posts\/111684\/revisions"}],"wp:featuredmedia":[{"embeddable":true,"href":"https:\/\/www.europesays.com\/es\/wp-json\/wp\/v2\/media\/111685"}],"wp:attachment":[{"href":"https:\/\/www.europesays.com\/es\/wp-json\/wp\/v2\/media?parent=111684"}],"wp:term":[{"taxonomy":"category","embeddable":true,"href":"https:\/\/www.europesays.com\/es\/wp-json\/wp\/v2\/categories?post=111684"},{"taxonomy":"post_tag","embeddable":true,"href":"https:\/\/www.europesays.com\/es\/wp-json\/wp\/v2\/tags?post=111684"}],"curies":[{"name":"wp","href":"https:\/\/api.w.org\/{rel}","templated":true}]}}