{"id":111698,"date":"2025-09-13T05:46:08","date_gmt":"2025-09-13T05:46:08","guid":{"rendered":"https:\/\/www.europesays.com\/es\/111698\/"},"modified":"2025-09-13T05:46:08","modified_gmt":"2025-09-13T05:46:08","slug":"el-inmortalista-que-seduce-a-milei-busca-adeptos-en-espana-prometiendo-la-vida-eterna-en-2045-espana","status":"publish","type":"post","link":"https:\/\/www.europesays.com\/es\/111698\/","title":{"rendered":"El \u201cinmortalista\u201d que seduce a Milei busca adeptos en Espa\u00f1a prometiendo la vida eterna en 2045 | Espa\u00f1a"},"content":{"rendered":"<p class=\"\">\u201cInspirador\u201d, \u201cimpresionante\u201d. Javier Milei no ahorra elogios para su \u201cquerid\u00edsimo amigo\u201d, del que cita una frase que el jefe del Estado argentino no ha olvidado: \u201cNosotros vamos a ver la muerte de la muerte\u201d. Es 16 de agosto de 2025 en Buenos Aires y Milei da su discurso de recepci\u00f3n del premio Antorcha de la Libertad de la organizaci\u00f3n Liberty Internacional. En el auditorio, junto a Karina Milei, hermana del presidente, aplaude el aludido, el alabado por Milei, Jos\u00e9 Luis Cordeiro, autoproclamado \u201cinmortalista\u201d y \u201cvisionario del futuro\u201d, un hombre de 63 a\u00f1os, caraque\u00f1o hijo de espa\u00f1oles, que se considera tan venezolano como espa\u00f1ol y que de hecho act\u00faa para convertir Madrid en el epicentro de su movimiento y en la principal plataforma de su mensaje. \u00bfQu\u00e9 mensaje? Que no vamos a morir, que viviremos para siempre. No los hijos o los nietos de quienes hoy habitan la Tierra, sino todos los humanos que lleguen vivos a 2045 y as\u00ed lo deseen. Se trata de un mensaje que provoca en Milei algo m\u00e1s que fascinaci\u00f3n, seg\u00fan Cordeiro: \u201c\u00c9l [Milei] es inmortalista. Cree que pronto vamos a poder curar el envejecimiento y evitar la muerte\u201d, afirm\u00f3 en <a href=\"https:\/\/www.youtube.com\/watch?v=mko9QZb7G3k\" rel=\"nofollow noopener\" target=\"_blank\">una entrevista<\/a> difundida en febrero.<\/p>\n<p class=\"\">Las cosas han cambiado a mal para Milei desde aquel discurso de hace menos de dos meses. <a href=\"https:\/\/elpais.com\/argentina\/2025-08-22\/audios-allanamientos-y-un-alto-cargo-despedido-un-caso-de-corrupcion-acecha-a-milei-y-su-hermana.html\" rel=\"nofollow noopener\" target=\"_blank\">Un caso de corrupci\u00f3n acecha tanto al presidente como a su hermana<\/a> y un varapalo electoral en Buenos Aires ha abierto <a href=\"https:\/\/elpais.com\/argentina\/2025-09-09\/milei-obligado-a-recalcular-tras-el-varapalo-electoral-en-buenos-aires.html\" rel=\"nofollow noopener\" target=\"_blank\">una crisis en la derecha argentina<\/a>. Entre sus primeras consecuencias, una afecta a Espa\u00f1a: Milei <a href=\"https:\/\/elpais.com\/argentina\/2025-09-09\/milei-suspende-su-viaje-a-espana-tras-la-derrota-electoral-en-buenos-aires.html\" rel=\"nofollow noopener\" target=\"_blank\">ha suspendido su asistencia al festival de Vox este fin de semana<\/a>. Con la que est\u00e1 cayendo en la pol\u00edtica argentina, no parec\u00eda momento de cruzar el Atl\u00e1ntico para un acto de partido. <\/p>\n<p class=\"\">Con el suelo movi\u00e9ndose bajo sus pies, Milei puede al menos dar algo por seguro: el apoyo de Cordeiro, que lleva \u2014cuenta\u2014 veinte a\u00f1os consider\u00e1ndolo \u201cun genio\u201d. Es un apoyo proporcional al respaldo que Milei ha dado al \u201cvisionario\u201d hispano-venezolano, que ahora trata de atraer a su principal proyecto en Madrid a la presidenta auton\u00f3mica, Isabel D\u00edaz Ayuso, y al alcalde de la capital, Jos\u00e9 Luis Mart\u00ednez-Almeida, ambos del PP.<\/p>\n<p class=\"\">Pero, \u00bfqui\u00e9n es <a href=\"https:\/\/cordeiro.org\/\" rel=\"nofollow noopener\" target=\"_blank\">Jos\u00e9 Luis Cordeiro<\/a>? \u00c9l se presenta como \u201ceconomista, futurista y transhumanista\u201d, tambi\u00e9n como ingeniero por el Instituto Tecnol\u00f3gico de Massachusetts. Pero ni su agenda internacional de conferencias ni el lustre de su curr\u00edculo lo han librado de cuestionamientos y refutaciones cient\u00edficas. El PA\u00cdS public\u00f3 en 2017 <a href=\"https:\/\/elpais.com\/elpais\/2017\/11\/30\/ciencia\/1512038754_183575.html\" rel=\"nofollow noopener\" target=\"_blank\">un reportaje<\/a> en el que investigadores de los campos de la bioqu\u00edmica, la neurociencia y la inteligencia artificial desmontaban algunas de sus <a href=\"https:\/\/elpais.com\/elpais\/2018\/04\/20\/opinion\/1524237936_044557.html\" rel=\"nofollow noopener\" target=\"_blank\">impresionantes afirmaciones, entre ellas las que prometen la eterna juventud<\/a>. <\/p>\n<p class=\"\">\u201cEn treinta a\u00f1os voy a ser m\u00e1s joven que hoy\u201d, dec\u00eda en 2017 en <a href=\"https:\/\/www.lavozdegalicia.es\/noticia\/sociedad\/2017\/11\/20\/me-pienso-morir-solo-treinta-anos-sere-joven\/0003_201711G20P23991.htm\" rel=\"nofollow noopener\" target=\"_blank\">La Voz de Galicia<\/a>. Hay incluso un a\u00f1o para la materializaci\u00f3n de sus pron\u00f3sticos: 2045. Entonces, como muy tarde, \u201cla muerte ser\u00e1 opcional\u201d, dijo en <a href=\"https:\/\/www.elmundo.es\/papel\/2025\/06\/06\/68407fa6fc6c83184d8b457f.html\" rel=\"nofollow noopener\" target=\"_blank\">El Mundo<\/a> en junio. \u00c9l ya sabe qu\u00e9 opci\u00f3n tomar\u00e1: \u201cPienso ser inmortal\u201d. <\/p>\n<p class=\"\">\u2014 \u00bfSer\u00e1 viable el planeta si acabamos con la muerte? \u2014le preguntaba el periodista.<\/p>\n<p class=\"\">\u2014 Claro. El planeta podr\u00eda tener trillones de personas.<\/p>\n<p class=\"\">Volvi\u00f3 a desplegar su discurso \u201cinmortalista\u201d en agosto en <a href=\"https:\/\/okdiario.com\/ciencia\/jose-luis-cordeiro-vamos-estar-conectados-nube-tendremos-memoria-ilimitada-15230742\" rel=\"nofollow noopener\" target=\"_blank\">Okdiario<\/a>, donde aseguraba que dentro de dos d\u00e9cadas llegar\u00e1 la singularidad tecnol\u00f3gica, una era en la que la inteligencia humana y la artificial se fundir\u00e1n.<\/p>\n<p>Cumbre en Madrid<\/p>\n<p class=\"\">Cordeiro est\u00e1 en plena promoci\u00f3n de la Cumbre Internacional sobre Longevidad, que tendr\u00e1 lugar en octubre en Madrid y en la que \u00e9l mismo figura como presidente. Seg\u00fan declar\u00f3 a El Mundo, su pretensi\u00f3n es que este evento, que se celebra desde 2021 en la capital espa\u00f1ola, lo inauguren Ayuso o Almeida. Su inclinaci\u00f3n por Ayuso es notoria. En 2023, Liberty Internacional concedi\u00f3 a la presidenta el mismo galard\u00f3n que dos a\u00f1os despu\u00e9s distinguir\u00eda a Milei. Se lo entreg\u00f3 Cordeiro, directivo de la entidad, al consejero Miguel \u00c1ngel Garc\u00eda, que lo recibi\u00f3 en nombre de Ayuso. En cuanto a Almeida, el programa de la cumbre ya lo coloca como participante en la inauguraci\u00f3n junto a un asterisco. Consultado por este peri\u00f3dico, el equipo del alcalde se desmarca: \u201cNo hemos confirmado nada con este evento\u201d.<\/p>\n<p><img alt=\"El consejero de Presidencia de la Comunidad de Madrid, Miguel \u00c1ngel Garc\u00eda (izquierda), recoge en nombre Isabel D\u00edaz Ayuso el premio Antorcha de la Libertad, entregado por Jos\u00e9 Luis Cordeiro en agosto de 2023. \" decoding=\"auto\" class=\"_re lazyload a_m-h\" height=\"233\"  width=\"414\"  src=\"https:\/\/www.europesays.com\/es\/wp-content\/uploads\/2025\/09\/UVQVZ7XTBJD4VDIT6244RMG35I.jpg\" loading=\"lazy\"\/>El consejero de Presidencia de la Comunidad de Madrid, Miguel \u00c1ngel Garc\u00eda (izquierda), recoge en nombre Isabel D\u00edaz Ayuso el premio Antorcha de la Libertad, entregado por Jos\u00e9 Luis Cordeiro en agosto de 2023. Comunidad de Madrid<\/p>\n<p class=\"\">La cumbre no es la \u00fanica actividad de Cordeiro en Espa\u00f1a, donde promueve el foro de reuniones Madrid Singularity para hablar de \u201cextensi\u00f3n de la vida\u201d, \u201crobots\u201d y \u201cviajes espaciales\u201d, entre otros temas. A ello se suma la preparaci\u00f3n de la llamada \u201cMarcha por la Longevidad\u201d, tambi\u00e9n en octubre. Y tambi\u00e9n en Madrid, capital de una comunidad a la que anima a \u201ctodo el mundo\u201d a mudarse, con el argumento de que supera los 85 a\u00f1os de esperanza de vida.<\/p>\n<p>Amistad y colaboraci\u00f3n<\/p>\n<p class=\"\">Mientras en Espa\u00f1a es bien conocida la relaci\u00f3n de Milei con el economista madrile\u00f1o <a href=\"https:\/\/elpais.com\/economia\/negocios\/2024-03-27\/hijo-mio-acabas-de-heredar-una-aseguradora.html\" target=\"_self\" rel=\"nofollow noopener\" title=\"https:\/\/elpais.com\/economia\/negocios\/2024-03-27\/hijo-mio-acabas-de-heredar-una-aseguradora.html\">Jes\u00fas Huerta de Soto<\/a>, el v\u00ednculo con Cordeiro ha pasado casi desapercibido. Y no porque no haya sido influyente en Milei. En una entrevista difundida en febrero por el canal de YouTube ZZEN, Cordeiro narr\u00f3 que en 2016 Milei le cont\u00f3 que su perro, Conan, se mor\u00eda de c\u00e1ncer. \u201cLo podemos clonar\u201d, le propuso. El episodio le asigna un rol prominente en la supuesta creaci\u00f3n en un laboratorio estadounidense de al menos cuatro perros clonados a partir de las c\u00e9lulas de Conan. \u201cDentro del complejo y contradictorio mundo de Milei, la <a href=\"https:\/\/elpais.com\/argentina\/2024-04-26\/el-misterio-de-los-perros-de-milei-argentina-duda-si-son-cuatro-o-cinco.html\" rel=\"nofollow noopener\" target=\"_blank\">clonaci\u00f3n de Conan<\/a>, junto a la creencia de que su esp\u00edritu le sirve para comunicarse con Dios, fue capital en la formaci\u00f3n de su idea de que estaba llamado a ser presidente\u201d, se\u00f1ala el periodista Juan Luis Gonz\u00e1lez, autor de la biograf\u00eda <a href=\"https:\/\/www.todostuslibros.com\/libros\/el-loco_978-84-1100-251-6\" target=\"_self\" rel=\"nofollow noopener\" title=\"https:\/\/www.todostuslibros.com\/libros\/el-loco_978-84-1100-251-6\">El loco<\/a> (Pen\u00ednsula, 2024).<\/p>\n<p class=\"\">Milei y Cordeiro se conocieron en la Universidad de Belgrano \u201chace veinte a\u00f1os\u201d, seg\u00fan ha contado el segundo. Con el tiempo trabaron lo que ambos llaman hoy una amistad. Pero que ha sido m\u00e1s que eso: ha sido una relaci\u00f3n de colaboraci\u00f3n, con influencia y promoci\u00f3n mutuas. Si Cordeiro dice que la primera vez que vio a Milei ya le pareci\u00f3 \u201cun genio\u201d y ahora sostiene que es \u201clo mejor que ha ocurrido en un siglo en Argentina\u201d, el presidente otorga a Cordeiro el estatus de inspirador. <\/p>\n<p class=\"\">En 2016, cuando Milei era solo un ruidoso economista de ideas marginales, ya comparti\u00f3 con Cordeiro cartel en una conferencia sobre \u201csingularidad en econom\u00eda\u201d. Dos a\u00f1os despu\u00e9s, Milei utilizaba Twitter, hoy X, para para ensalzar el ensayo <a href=\"https:\/\/www.todostuslibros.com\/libros\/la-muerte-de-la-muerte_978-84-234-2923-3\" target=\"_self\" rel=\"nofollow noopener\" title=\"https:\/\/www.todostuslibros.com\/libros\/la-muerte-de-la-muerte_978-84-234-2923-3\">La muerte de la muerte. La posibilidad cient\u00edfica de la inmortalidad f\u00edsica y su defensa moral<\/a> (Deusto, 2018), del que es coautor el \u201cFORMIDABLE\u201d \u2014escrib\u00eda Milei\u2014 Cordeiro. <\/p>\n<p class=\"\">Es un libro que los ha unido especialmente. Presentado por su coautor como un \u201cbest seller internacional\u201d, La muerte de la muerte es el objeto central de la actividad promocional de Cordeiro, que ha lucido incluso corbata con su t\u00edtulo estampado. No obstante, su mejor publicista ha sido Milei. Seg\u00fan Cordeiro, acudi\u00f3 a la presentaci\u00f3n del libro en 2019 en Buenos Aires. Ya en la carrera presidencial, dos art\u00edculos en el diario La Naci\u00f3n subrayaban la importancia del libro para el entonces candidato. El primero, <a href=\"https:\/\/www.lanacion.com.ar\/opinion\/javier-milei-los-secretos-del-hombre-del-momento-nid04052022\/\" rel=\"nofollow noopener\" target=\"_blank\">en 2022<\/a>, lo mencionaba por su destacada presencia \u201csobre la mesa del living\u201c. El otro, <a href=\"https:\/\/www.lanacion.com.ar\/politica\/javier-milei-el-candidato-mistico-obsesionado-con-el-dolar-nid07082023\/#\/\" rel=\"nofollow noopener\" target=\"_blank\">en 2023<\/a>, recog\u00eda que Milei dej\u00f3 la terapia psicol\u00f3gica mientras lo le\u00eda. \u00bfHasta qu\u00e9 punto cree el presidente en las ideas de Cordeiro? EL PA\u00cdS pregunt\u00f3 al equipo de Milei \u2014entre otras cosas\u2014 si en efecto, como dice Cordeiro, es \u201cinmortalista\u201d. No hubo respuesta. A trav\u00e9s de diversos canales, este peri\u00f3dico tambi\u00e9n ha tratado de hablar con Cordeiro o recabar sus respuestas por escrito, pero no contest\u00f3. <\/p>\n<p>Ecos religiosos<\/p>\n<p class=\"\">Los elogios de Milei a Cordeiro en agosto, en una velada en Buenos Aires en la que terminaron d\u00e1ndose un abrazo, constituyen el \u00faltimo hito de la una relaci\u00f3n que, para el bi\u00f3grafo Juan Luis Gonz\u00e1lez, es crucial en la cosmovisi\u00f3n del presidente. \u201cCordeiro ha contribuido a que, junto a su obsesi\u00f3n por los datos duros en la econom\u00eda, Milei haya desarrollado una inclinaci\u00f3n por creer en lo que est\u00e1 fuera de toda explicaci\u00f3n cient\u00edfica\u201d, se\u00f1ala. No es el \u00fanico personaje esot\u00e9rico en el universo Milei. Tambi\u00e9n se ha mostrado atra\u00eddo por Benjam\u00edn Solari Parravicini, el conocido como <a href=\"https:\/\/elpais.com\/argentina\/2025-03-17\/benjamin-solari-parravicini-el-nostradamus-argentino-que-encandila-a-milei.html\" rel=\"nofollow noopener\" target=\"_blank\">\u201cNostradamus argentino\u201d<\/a>. Fallecido en 1974, sus seguidores ven en sus textos anticipaciones de hechos posteriores, como los <a href=\"https:\/\/elpais.com\/us\/2024-09-11\/911-los-atentados-del-11-de-septiembre-minuto-a-minuto.html\" target=\"_self\" rel=\"nofollow noopener\" title=\"https:\/\/elpais.com\/us\/2024-09-11\/911-los-atentados-del-11-de-septiembre-minuto-a-minuto.html\">atentados contra las Torres Gemelas<\/a>&#8230; y la <a href=\"https:\/\/elpais.com\/argentina\/2023-11-20\/el-ultraderechista-milei-arrasa-en-las-elecciones-y-argentina-da-un-salto-a-lo-desconocido.html\" target=\"_self\" rel=\"nofollow noopener\" title=\"https:\/\/elpais.com\/argentina\/2023-11-20\/el-ultraderechista-milei-arrasa-en-las-elecciones-y-argentina-da-un-salto-a-lo-desconocido.html\">llegada al poder de Milei<\/a>, que ser\u00eda el \u201chombre gris\u201d que deb\u00eda aparecer para salvar a Argentina, seg\u00fan un escrito de Parravacini de 1971. Karina Milei, hoy secretaria de Presidencia, ha sido <a href=\"https:\/\/elpais.com\/argentina\/2023-12-17\/karina-milei-el-ascenso-de-el-jefe-la-voz-que-susurra-al-oido-de-javier-milei.html\" rel=\"nofollow noopener\" target=\"_blank\">tarotista<\/a>.<\/p>\n<p class=\"\">El polit\u00f3logo Jos\u00e9 Natanson, director de la edici\u00f3n para el Cono Sur de <a href=\"https:\/\/www.eldiplo.org\/\" rel=\"nofollow noopener\" target=\"_blank\">Le Monde Diplomatique<\/a>, inscribe el inter\u00e9s de Milei por Cordeiro en la l\u00f3gica de dos fen\u00f3menos comunes en la extrema derecha. El primero, la \u201cfascinaci\u00f3n\u201d por la tecnolog\u00eda, en contraposici\u00f3n a la \u201cdesconfianza hacia la ciencia\u201d, que se ve como tomada por el \u201cprogresismo\u201d. El segundo, la autopercepci\u00f3n de sus l\u00edderes como \u201cencarnaciones de una refundaci\u00f3n nacional\u201d, que a menudo se reviste de \u201cinvocaci\u00f3n religiosa\u201d y \u201ceco m\u00edstico\u201d. <\/p>\n<p class=\"\">Pr\u00f3ximo al an\u00e1lisis de Natanson se coloca el de Javier Cavanilles, periodista especializado en teor\u00edas de la conspiraci\u00f3n y autor de libros como <a href=\"https:\/\/www.todostuslibros.com\/libros\/satanismo-historia-del-culto-al-mal_978-84-1052-278-7\" rel=\"nofollow noopener\" target=\"_blank\">Satanismo. Historia del culto al Mal<\/a> (Almuzara, 2024). \u201cMilei, tan mesi\u00e1nico como [Donald] Trump, encuentra en Cordeiro el veh\u00edculo para aunar fascinaci\u00f3n tecnol\u00f3gica y pensamiento m\u00edstico, una mezcla que empapa al movimiento de la <a href=\"https:\/\/elpais.com\/opinion\/2025-03-03\/la-era-trump-y-la-embestida-del-aceleracionismo-oscuro.html\" target=\"_self\" rel=\"nofollow noopener\" title=\"https:\/\/elpais.com\/opinion\/2025-03-03\/la-era-trump-y-la-embestida-del-aceleracionismo-oscuro.html\">Ilustraci\u00f3n Oscura<\/a>, cada vez m\u00e1s popular en Silicon Valley. Cordeiro es un pionero de un esoterismo con revestimiento cient\u00edfico que va en auge y que responde a los mismos esquemas que el evangelismo adventista de Estados Unidos. La diferencia es que aqu\u00ed la profec\u00eda no se refiere a la segunda venida de Cristo, sino a un gran descubrimiento que lo cambiar\u00e1 todo\u201d, explica. <\/p>\n<p class=\"\">Dentro de la variopinta <a href=\"https:\/\/elpais.com\/espana\/2024-12-15\/la-utraderecha-se-acerca-al-viejo-sueno-de-una-internacional-nacionalista.html\" target=\"_self\" rel=\"nofollow noopener\" title=\"https:\/\/elpais.com\/espana\/2024-12-15\/la-utraderecha-se-acerca-al-viejo-sueno-de-una-internacional-nacionalista.html\">\u201cinternacional reaccionaria\u201d<\/a>, el soci\u00f3logo especializado en pol\u00edtica digital Iago Moreno ve a Milei como un representante de la rama \u201cesot\u00e9rica\u201d, m\u00e1s empe\u00f1ada en seguir a \u201cgur\u00fas que prometen la vida eterna a trav\u00e9s de la tecnolog\u00eda\u201d que en librar una \u201cguerra santa\u201d netamente religiosa. No obstante, en su afinidad con Cordeiro ve sobre todo una pista que lleva al \u201cfundamentalismo de mercado\u201d. \u201cEn su <a href=\"https:\/\/elpais.com\/espana\/2025-06-16\/el-fanatismo-antiimpuestos-espanol-se-sube-a-la-ola-de-milei-en-busca-de-adeptos-jovenes.html\" target=\"_self\" rel=\"nofollow noopener\" title=\"https:\/\/elpais.com\/espana\/2025-06-16\/el-fanatismo-antiimpuestos-espanol-se-sube-a-la-ola-de-milei-en-busca-de-adeptos-jovenes.html\">fanatismo anarcocapitalista<\/a>, donde nada est\u00e1 por encima del mercado, Milei considera que la vida eterna se puede comprar, ya sea a trav\u00e9s de terapias que logren la inmortalidad, cl\u00ednicas de clonaci\u00f3n o servicios de m\u00e9dium\u201d, analiza Moreno, que advierte sobre el mensaje subyacente: si la vida es \u201cobjeto de consumo\u201d, nadie es realmente \u201cdue\u00f1o\u201d de la suya.<\/p>\n","protected":false},"excerpt":{"rendered":"\u201cInspirador\u201d, \u201cimpresionante\u201d. Javier Milei no ahorra elogios para su \u201cquerid\u00edsimo amigo\u201d, del que cita una frase que el&hellip;\n","protected":false},"author":2,"featured_media":111699,"comment_status":"","ping_status":"","sticky":false,"template":"","format":"standard","meta":{"footnotes":""},"categories":[8],"tags":[17,18,25,24,13,14,11,4245,19,20,205,9,10,15,16,956,6914,23,12,21,22,4247,624],"class_list":{"0":"post-111698","1":"post","2":"type-post","3":"status-publish","4":"format-standard","5":"has-post-thumbnail","7":"category-espana","8":"tag-breaking-news","9":"tag-breakingnews","10":"tag-es","11":"tag-espana","12":"tag-featured-news","13":"tag-featurednews","14":"tag-headlines","15":"tag-javier-milei","16":"tag-latest-news","17":"tag-latestnews","18":"tag-madrid","19":"tag-news","20":"tag-noticias","21":"tag-noticias-destacadas","22":"tag-noticiasdestacadas","23":"tag-pp","24":"tag-santiago-abascal","25":"tag-spain","26":"tag-titulares","27":"tag-ultimas-noticias","28":"tag-ultimasnoticias","29":"tag-ultraderecha","30":"tag-vox"},"share_on_mastodon":{"url":"","error":""},"_links":{"self":[{"href":"https:\/\/www.europesays.com\/es\/wp-json\/wp\/v2\/posts\/111698","targetHints":{"allow":["GET"]}}],"collection":[{"href":"https:\/\/www.europesays.com\/es\/wp-json\/wp\/v2\/posts"}],"about":[{"href":"https:\/\/www.europesays.com\/es\/wp-json\/wp\/v2\/types\/post"}],"author":[{"embeddable":true,"href":"https:\/\/www.europesays.com\/es\/wp-json\/wp\/v2\/users\/2"}],"replies":[{"embeddable":true,"href":"https:\/\/www.europesays.com\/es\/wp-json\/wp\/v2\/comments?post=111698"}],"version-history":[{"count":0,"href":"https:\/\/www.europesays.com\/es\/wp-json\/wp\/v2\/posts\/111698\/revisions"}],"wp:featuredmedia":[{"embeddable":true,"href":"https:\/\/www.europesays.com\/es\/wp-json\/wp\/v2\/media\/111699"}],"wp:attachment":[{"href":"https:\/\/www.europesays.com\/es\/wp-json\/wp\/v2\/media?parent=111698"}],"wp:term":[{"taxonomy":"category","embeddable":true,"href":"https:\/\/www.europesays.com\/es\/wp-json\/wp\/v2\/categories?post=111698"},{"taxonomy":"post_tag","embeddable":true,"href":"https:\/\/www.europesays.com\/es\/wp-json\/wp\/v2\/tags?post=111698"}],"curies":[{"name":"wp","href":"https:\/\/api.w.org\/{rel}","templated":true}]}}