{"id":111702,"date":"2025-09-13T05:48:28","date_gmt":"2025-09-13T05:48:28","guid":{"rendered":"https:\/\/www.europesays.com\/es\/111702\/"},"modified":"2025-09-13T05:48:28","modified_gmt":"2025-09-13T05:48:28","slug":"eon-barca-la-asobal-vuelve-a-pasar-por-alicante","status":"publish","type":"post","link":"https:\/\/www.europesays.com\/es\/111702\/","title":{"rendered":"E\u00d3N \u2013 Bar\u00e7a: la Asobal vuelve a pasar por Alicante"},"content":{"rendered":"<p>El Bar\u00e7a debuta este s\u00e1bado (20.15h, Esport3, Teledeporte y LaLiga+) en la Liga Nexus Energ\u00eda Asobal. Los azulgranas, con menos de 48 horas de descanso, se estrenar\u00e1n en la pista de un reci\u00e9 ascendido, el E\u00d3N Horneo Alicante, equipo que ha devuelto el balonmano de \u00e9lite a Alicante.<\/p>\n<p>El E\u00d3N ha estado durante los \u00faltimos a\u00f1os llamando a la puerta del ascenso, hasta conseguirlo este verano a las \u00f3rdenes de Fernando Latorre. El entrenador alicantino dispone de una plantilla compensada, con hombres con un bagaje importante en la Asobal y una base consolidada de la temporada pasada.<\/p>\n<p>Los jugadores m\u00e1s diferenciales en el sistema del E\u00d3N son Ander Torriko, James Parker y Dimitrievski, todos en la primera l\u00ednea, ayudados esta temporada por fichajes como el pivote Iv\u00e1n Montoya o el portero exazulgrana Roberto Domenech.<\/p>\n<p>El Bar\u00e7a, por su parte, repetir\u00e1 en el Pabell\u00f3n Pitiu Rochel la convocatoria de Champions, con un \u00fanico cambio: la entrada de \u00d2scar Grau en el sitio de Lu\u00eds Frade, que descansar\u00e1. Sigue por tanto en la lista el joven del filial Adri\u00e1n Sola, ante la \u00fanica baja de Dika Mem.<\/p>\n<p>El equipo de Carlos Ortega buscar\u00e1 alargar en su estreno dom\u00e9stico las buenas sensaciones del estreno continental. Y es que el jueves los azulgranas superaron con claridad al GOG dan\u00e9s (37-32), gracias a una primera parte fulgurante y con una afici\u00f3n entregada.<\/p>\n<p>Tras el partido en la pista del E\u00d3N, el Palau volver\u00e1 a tomar la palabra. El pr\u00f3ximo jueves, a las 20.45h, visita el feudo barcelonista al campe\u00f3n de Europa y rival del Bar\u00e7a en las \u00faltimas temporadas: el Magdeburgo.<\/p>\n<p>\u00a0<\/p>\n","protected":false},"excerpt":{"rendered":"El Bar\u00e7a debuta este s\u00e1bado (20.15h, Esport3, Teledeporte y LaLiga+) en la Liga Nexus Energ\u00eda Asobal. Los azulgranas,&hellip;\n","protected":false},"author":2,"featured_media":111703,"comment_status":"","ping_status":"","sticky":false,"template":"","format":"standard","meta":{"footnotes":""},"categories":[278],"tags":[376,168,25,24,375,23,167,2288],"class_list":{"0":"post-111702","1":"post","2":"type-post","3":"status-publish","4":"format-standard","5":"has-post-thumbnail","7":"category-balonmano","8":"tag-balonmano","9":"tag-deportes","10":"tag-es","11":"tag-espana","12":"tag-handball","13":"tag-spain","14":"tag-sports","15":"tag-text"},"share_on_mastodon":{"url":"","error":""},"_links":{"self":[{"href":"https:\/\/www.europesays.com\/es\/wp-json\/wp\/v2\/posts\/111702","targetHints":{"allow":["GET"]}}],"collection":[{"href":"https:\/\/www.europesays.com\/es\/wp-json\/wp\/v2\/posts"}],"about":[{"href":"https:\/\/www.europesays.com\/es\/wp-json\/wp\/v2\/types\/post"}],"author":[{"embeddable":true,"href":"https:\/\/www.europesays.com\/es\/wp-json\/wp\/v2\/users\/2"}],"replies":[{"embeddable":true,"href":"https:\/\/www.europesays.com\/es\/wp-json\/wp\/v2\/comments?post=111702"}],"version-history":[{"count":0,"href":"https:\/\/www.europesays.com\/es\/wp-json\/wp\/v2\/posts\/111702\/revisions"}],"wp:featuredmedia":[{"embeddable":true,"href":"https:\/\/www.europesays.com\/es\/wp-json\/wp\/v2\/media\/111703"}],"wp:attachment":[{"href":"https:\/\/www.europesays.com\/es\/wp-json\/wp\/v2\/media?parent=111702"}],"wp:term":[{"taxonomy":"category","embeddable":true,"href":"https:\/\/www.europesays.com\/es\/wp-json\/wp\/v2\/categories?post=111702"},{"taxonomy":"post_tag","embeddable":true,"href":"https:\/\/www.europesays.com\/es\/wp-json\/wp\/v2\/tags?post=111702"}],"curies":[{"name":"wp","href":"https:\/\/api.w.org\/{rel}","templated":true}]}}