{"id":111704,"date":"2025-09-13T05:53:05","date_gmt":"2025-09-13T05:53:05","guid":{"rendered":"https:\/\/www.europesays.com\/es\/111704\/"},"modified":"2025-09-13T05:53:05","modified_gmt":"2025-09-13T05:53:05","slug":"landa-una-renuncia-con-rabia","status":"publish","type":"post","link":"https:\/\/www.europesays.com\/es\/111704\/","title":{"rendered":"Landa, una renuncia \u201ccon rabia\u201d"},"content":{"rendered":"<p class=\"\">A sus 35 a\u00f1os, <a href=\"https:\/\/as.com\/noticias\/mikel-landa-meana\/\" target=\"_self\" rel=\"nofollow noopener\" title=\"https:\/\/as.com\/noticias\/mikel-landa-meana\/\">Mikel Landa<\/a> <b>sigue batallando y cerca se qued\u00f3 de celebrar una victoria en esta Vuelta,<\/b> a la que todav\u00eda le queda una \u00faltima oportunidad de cara a las aspiraciones del vitoriano. Camino de Mos, en el desenlace en alto, el del Soudal <a href=\"https:\/\/as.com\/ciclismo\/vuelta_espana\/bernal-bate-a-landa-en-otro-final-recortado-por-las-manifestaciones-n\/\" target=\"_self\" rel=\"nofollow noopener\" title=\"https:\/\/as.com\/ciclismo\/vuelta_espana\/bernal-bate-a-landa-en-otro-final-recortado-por-las-manifestaciones-n\/\">estaba en un mano a mano con Egan Bernal<\/a>. Las protestas de manifestantes a favor de Palestina bloquearon la carretera, teniendo que acabar la etapa 8 km antes. <b>\u201cHubiese tenido m\u00e1s opciones en el final que estaba previsto\u201d,<\/b> lamenta Landa a AS en la salida de Rueda. Tras su grave accidente en el Giro, fractura de v\u00e9rtebra incluida en el golpe, su temporada cambi\u00f3. <\/p>\n<p class=\"\">Regres\u00f3 en la Vuelta a Burgos <a href=\"https:\/\/as.com\/ciclismo\/mas_ciclismo\/mikel-landa-el-objetivo-es-estar-en-la-salida-de-la-vuelta-n\/\" target=\"_self\" rel=\"nofollow noopener\" title=\"https:\/\/as.com\/ciclismo\/mas_ciclismo\/mikel-landa-el-objetivo-es-estar-en-la-salida-de-la-vuelta-n\/\">y el estar en La Vuelta ya era una gran noticia.<\/a> <b>\u201cEn la segunda semana vi bastante dif\u00edcil que pudiese llegar a Madrid, sobreviv\u00ed, <\/b>tuve unos d\u00edas m\u00e1s tranquilos y ahora ya casi estamos al final\u201d, explica Landa sobre todas las sensaciones que ha pasado durante estos casi 20 d\u00edas. En Zaragoza (etapa 8), una jornada llana, lleg\u00f3 con rostro dolorido. <b>\u201cLos d\u00edas de ese tipo de perfil, con subidas del 3% o 4%, son de los que peor me van para los dolores.<\/b> La espalda me est\u00e1 lastrando m\u00e1s de lo que pensaba porque est\u00e1 siendo muy dif\u00edcil recuperar en La Vuelta\u201d, detalla el vasco.<\/p>\n<p><img decoding=\"async\" src=\"https:\/\/www.europesays.com\/es\/wp-content\/uploads\/2025\/09\/DFO3KY5U6VKJNGGATIZVMHHFVE.jpg\" alt=\"Landa, una renuncia \u201ccon rabia\u201d\" height=\"3061\" width=\"4973\"   loading=\"lazy\"\/>Mikel Landa, en la salida de Rueda en la 19\u00aa etapaPEPE ANDRES<\/p>\n<p class=\"\"><b>\u201cLlam\u00e9 a Valverde para decirle que lo mejor era no ir a Ruanda, porque se viaja en apenas una semana. <\/b>No me voy a recuperar al 100% para entonces. <b>En el segundo d\u00eda de descanso lo ten\u00eda decidido al 90%.<\/b> Despu\u00e9s, cuando fui en la fuga y me sent\u00ed bien, tuve una peque\u00f1a esperanza. A la ma\u00f1ana siguiente, cuando me levant\u00e9 de la cama dije vale, no voy a poder. Me da rabia porque oportunidades con un Mundial as\u00ed hay pocas\u201d, <b>detalla un Landa que no descarta su presencia en los Europeos la semana siguiente<\/b>. Adem\u00e1s, su temporada seguir\u00e1 tras La Vuelta: \u201cIr\u00e9 a las cl\u00e1sicas italianas, m\u00e1s cortas y con viaje m\u00e1s llevadero\u201d. <\/p>\n<p>Noticias relacionadas<a href=\"https:\/\/as.com\/ciclismo\/vuelta_espana\/vingegaard-el-esprint-fue-algo-improvisado-n\/\" class=\"s_m_w\" title=\"El dan\u00e9s bonifica 4 segundos en el esprint intermedio de Salamanca para llegar m\u00e1s l\u00edder a la Bola del Mundo. \u201cNo estaba planificado\u201d, cuenta el dan\u00e9s.\" data-tb-link=\"\" rel=\"nofollow noopener\" target=\"_blank\"><img decoding=\"async\" src=\"https:\/\/www.europesays.com\/es\/wp-content\/uploads\/2025\/09\/5GDKT2277JFEVPDQPXFMKUBJH4.jpg\" alt=\"Vingegaard: \u201cEstos 4\u2033 no decidir\u00e1n La Vuelta, pero mejor as\u00ed\u201d\" class=\"\" height=\"1\" width=\"1\"   loading=\"lazy\" data-tb-thumbnail=\"\"\/><\/a><a href=\"https:\/\/as.com\/ciclismo\/vuelta_espana\/philipsen-tengo-ganas-de-que-acabe-la-vuelta-n\/\" class=\"s_m_w\" title=\"El belga logra su sexta etapa en La Vuelta, tercera en esta edici\u00f3n, en un d\u00eda en el que se cumplieron los pron\u00f3sticos con los tres primeros en Guijuelo.\" data-tb-link=\"\" rel=\"nofollow noopener\" target=\"_blank\"><img decoding=\"async\" src=\"https:\/\/www.europesays.com\/es\/wp-content\/uploads\/2025\/09\/WJ2K6LFP2RFCTGRHAIICHWZGNI.jpg\" alt=\"Philipsen: \u201cContento, y con ganas de acabar La Vuelta\u201d\" class=\"\" height=\"1\" width=\"1\"   loading=\"lazy\" data-tb-thumbnail=\"\"\/><\/a><\/p>\n<p class=\"\">Eso s\u00ed, antes le queda u<b>n \u00faltimo baile en esta Vuelta con la Bola del Mundo, uno de los pocos corredores actuales que ha subido a dicha cima en carrera (2012).<\/b> \u201cEs muy duro, y lo que te deja tocado es antes el camino hasta Navacerrada. A las rampas de hormig\u00f3n ya llegas justito. \u00bfHaber podido pelear por algo m\u00e1s en esta Vuelta viendo las fuerzas de la gente? <b>Mi temporada se truc\u00f3 en el Giro\u201d<\/b>, concluye Landa. Todav\u00eda queda a\u00f1o y temporada para volver a ver en acci\u00f3n a un escalador que seguir\u00e1 la temporada que viene en el Soudal.<\/p>\n<p class=\"\"><b>\u00a1Tus opiniones importan!<\/b> Comenta en los art\u00edculos y suscr\u00edbete gratis a nuestra <a href=\"https:\/\/asfan.as.com\/newsletters\/\" target=\"_blank\" rel=\"nofollow noopener\" title=\"https:\/\/asfan.as.com\/newsletters\/\">newsletter<\/a> y a las alertas informativas en la <a href=\"https:\/\/as.com\/aplicacion-de-as-n\/\" target=\"_blank\" rel=\"nofollow noopener\" title=\"https:\/\/as.com\/aplicacion-de-as-n\/\">App<\/a> o el canal de <a href=\"https:\/\/www.whatsapp.com\/channel\/0029VaAasdA7j6g745nz9M10\" target=\"_blank\" rel=\"nofollow noopener\" title=\"https:\/\/www.whatsapp.com\/channel\/0029VaAasdA7j6g745nz9M10\">WhatsApp<\/a>. \u00bfBuscas licenciar contenido? Haz clic <a href=\"https:\/\/profesional.elpais.com\/soluciones-sindicacion?utm_medium=interno&amp;utm_source=crosslinking&amp;utm_campaign=sindicacion_as_pie_articulos\" target=\"_blank\" rel=\"nofollow noopener\" title=\"https:\/\/profesional.elpais.com\/soluciones-sindicacion?utm_medium=interno&amp;utm_source=crosslinking&amp;utm_campaign=sindicacion_as_pie_articulos\">aqu\u00ed<\/a><\/p>\n","protected":false},"excerpt":{"rendered":"A sus 35 a\u00f1os, Mikel Landa sigue batallando y cerca se qued\u00f3 de celebrar una victoria en esta&hellip;\n","protected":false},"author":2,"featured_media":111705,"comment_status":"","ping_status":"","sticky":false,"template":"","format":"standard","meta":{"footnotes":""},"categories":[273],"tags":[313,312,168,25,24,23,167],"class_list":{"0":"post-111704","1":"post","2":"type-post","3":"status-publish","4":"format-standard","5":"has-post-thumbnail","7":"category-ciclismo","8":"tag-ciclismo","9":"tag-cycling","10":"tag-deportes","11":"tag-es","12":"tag-espana","13":"tag-spain","14":"tag-sports"},"share_on_mastodon":{"url":"","error":""},"_links":{"self":[{"href":"https:\/\/www.europesays.com\/es\/wp-json\/wp\/v2\/posts\/111704","targetHints":{"allow":["GET"]}}],"collection":[{"href":"https:\/\/www.europesays.com\/es\/wp-json\/wp\/v2\/posts"}],"about":[{"href":"https:\/\/www.europesays.com\/es\/wp-json\/wp\/v2\/types\/post"}],"author":[{"embeddable":true,"href":"https:\/\/www.europesays.com\/es\/wp-json\/wp\/v2\/users\/2"}],"replies":[{"embeddable":true,"href":"https:\/\/www.europesays.com\/es\/wp-json\/wp\/v2\/comments?post=111704"}],"version-history":[{"count":0,"href":"https:\/\/www.europesays.com\/es\/wp-json\/wp\/v2\/posts\/111704\/revisions"}],"wp:featuredmedia":[{"embeddable":true,"href":"https:\/\/www.europesays.com\/es\/wp-json\/wp\/v2\/media\/111705"}],"wp:attachment":[{"href":"https:\/\/www.europesays.com\/es\/wp-json\/wp\/v2\/media?parent=111704"}],"wp:term":[{"taxonomy":"category","embeddable":true,"href":"https:\/\/www.europesays.com\/es\/wp-json\/wp\/v2\/categories?post=111704"},{"taxonomy":"post_tag","embeddable":true,"href":"https:\/\/www.europesays.com\/es\/wp-json\/wp\/v2\/tags?post=111704"}],"curies":[{"name":"wp","href":"https:\/\/api.w.org\/{rel}","templated":true}]}}