{"id":111708,"date":"2025-09-13T05:56:13","date_gmt":"2025-09-13T05:56:13","guid":{"rendered":"https:\/\/www.europesays.com\/es\/111708\/"},"modified":"2025-09-13T05:56:13","modified_gmt":"2025-09-13T05:56:13","slug":"el-posible-once-del-malaga-cf-ante-el-huesca","status":"publish","type":"post","link":"https:\/\/www.europesays.com\/es\/111708\/","title":{"rendered":"El posible once del M\u00e1laga CF ante el Huesca"},"content":{"rendered":"<p><a href=\"https:\/\/www.merchanendirecto.es\/wp-content\/uploads\/2025\/09\/POSIBLE-ONCE-DEL-MALAGA-CF-ANTE-EL-HUESCA.webp\" data-caption=\"Este es el posible once del M\u00e1laga CF ante el Huesca en la Jornada 5 de LaLiga Hypermotion&#010;\" rel=\"nofollow noopener\" target=\"_blank\"><img loading=\"lazy\" decoding=\"async\" width=\"696\" height=\"392\" class=\"entry-thumb td-modal-image\" src=\"https:\/\/www.europesays.com\/es\/wp-content\/uploads\/2025\/09\/POSIBLE-ONCE-DEL-MALAGA-CF-ANTE-EL-HUESCA-696x392.webp.webp\"   alt=\"POSIBLE ONCE DEL M\u00c1LAGA CF ANTE EL HUESCA\" title=\"POSIBLE ONCE DEL M\u00c1LAGA CF ANTE EL HUESCA\"\/><\/a>Este es el posible once del M\u00e1laga CF ante el Huesca en la Jornada 5 de LaLiga Hypermotion<\/p>\n<p>El <a href=\"https:\/\/www.merchanendirecto.es\/malaga-cf\/el-malaga-cf-viaja-a-huesca-con-ocho-bajas\/\" target=\"_blank\" rel=\"noreferrer noopener nofollow\"><strong>M\u00e1laga CF<\/strong> viaja a <strong>El Alcoraz<\/strong> plagado de ausencias<\/a>. <strong>Ocho jugadores<\/strong> ser\u00e1n baja en el duelo de los blanquiazules en <strong>Huesca<\/strong>. <strong>Izan Merino<\/strong>, <strong>Puga<\/strong>, <strong>Dani S\u00e1nchez<\/strong>, <strong><a href=\"https:\/\/www.merchanendirecto.es\/malaga-cf\/pellicer-suma-una-baja-mas-a-las-de-izan-merino-y-dani-sanchez\/\" target=\"_blank\" rel=\"noreferrer noopener nofollow\">Dorrio<\/a><\/strong>, <strong>Luismi S\u00e1nchez<\/strong>, <strong>\u00c1lex Pastor<\/strong>, <strong>Ram\u00f3n<\/strong> y <strong>Moussa<\/strong> son los nombres con los que no podr\u00e1 contar <strong>Peliicer<\/strong> en este fin de semana. Esto provoca que el t\u00e9cnico blanquiazul tenga que resolver c\u00f3mo sustituir a <strong>Puga<\/strong> y <strong>Izan Merino<\/strong> en el once. Ambos han sido titulares en las <strong>cuatro jornadas<\/strong> que se han disputado hasta la fecha. Dos sustituciones de dos nombres que son fijos en la alineaci\u00f3n. <strong>Este es el posible once del M\u00e1laga CF <a href=\"https:\/\/www.merchanendirecto.es\/malaga-cf\/el-alcoraz-terreno-de-redencion\" target=\"_blank\" rel=\"noreferrer noopener nofollow\">ante el Huesca<\/a><\/strong> en el encuentro correspondiente a la <strong>Jornada 5<\/strong> de <strong>LaLiga Hypermotion<\/strong>. <\/p>\n<p><strong>Alfonso Herrero<\/strong> ocupar\u00e1 la porter\u00eda. En la defensa, <strong>Jokin Gabilondo<\/strong> es el favorito a sustituir a <strong>Puga<\/strong>. El vasco es el otro <strong>lateral derecho puro<\/strong> que existe con ficha del primer equipo. <strong>Pellicer<\/strong> ha defendido al lateral criado en la cantera de la <strong>Real Sociedad<\/strong> en la rueda de prensa previa al partido del s\u00e1bado y tendr\u00e1 la oportunidad de convencer a su t\u00e9cnico. En el centro de la zaga, como ha ocurrido en los duelos ante <strong>Las Palmas<\/strong> y <strong>Granada<\/strong>, estar\u00e1n <strong>Montero<\/strong> y <strong>Murillo<\/strong>. Dentro del lateral zurdo, ante la baja de <strong>Dani S\u00e1nchez<\/strong>, <strong>V\u00edctor Garc\u00eda<\/strong> regresar\u00e1 al once titular. <\/p>\n<p>En el centro del campo, todo hace indicar que <strong>Pellicer<\/strong> tirar\u00e1 del <strong>trivote<\/strong>. <strong>Brasanac<\/strong> tiene todas las papeletas de debutar como titular en <strong>El Alcoraz<\/strong>. El ex del <strong>Legan\u00e9s<\/strong> actuar\u00eda en la sala de m\u00e1quinas junto a <strong>Juanpe<\/strong>. La duda est\u00e1 entre <strong>Rafa Rodr\u00edguez<\/strong> y <strong>Dotor<\/strong>. El canterano anot\u00f3 el tanto de la victoria de chilena ante la <strong>Real Sociedad \u2018B\u2019<\/strong> saliendo desde el banquillo. Tras ello, anot\u00f3 el tanto del triunfo en <strong>Las Palmas<\/strong> apareciendo en el once inicial. Una presencia que repiti\u00f3, a menor nivel, en el duelo ante el <strong>Granada<\/strong>. <strong>Pellicer<\/strong> podr\u00eda optar por m\u00e1s cemento en el centro del campo y <strong>Dotor<\/strong> podr\u00eda ganarle la partida a <strong>Rafa<\/strong>. <\/p>\n<p>En el ataque, <strong>menos dudas<\/strong>. Las bandas ser\u00e1n para <strong>Larrubia<\/strong> y <strong>Joaqu\u00edn Mu\u00f1oz<\/strong>. En la punta del ataque estar\u00e1 <strong>Chupe<\/strong>. El cordob\u00e9s se ha ejercitado durante la semana al completo y viene de anotar un doblete ante el <strong>Granada<\/strong>. <strong>Adri\u00e1n Ni\u00f1o<\/strong>, una de las tres novedades que presenta el <strong>M\u00e1laga CF<\/strong> en la convocatoria, no ha tenido apenas sesiones con el equipo. De esta forma, la l\u00f3gica de <strong>Pellicer<\/strong> har\u00e1 que <strong>Chupe<\/strong> act\u00fae como \u2018<strong>9<\/strong>\u2018. <\/p>\n<p>Por tanto, el posible once del <strong>M\u00e1laga CF<\/strong> ante el <strong>Huesca<\/strong> es el siguiente: <strong>Alfonso Herrero<\/strong>; <strong>Jokin<\/strong>, <strong>Montero<\/strong>, <strong>Murillo<\/strong>, <strong>V\u00edctor Garc\u00eda<\/strong>; <strong>Juanpe<\/strong>, <strong>Dotor<\/strong>, <strong>Brasanac<\/strong>; <strong>Larrubia<\/strong>, <strong>Joaqu\u00edn Mu\u00f1oz<\/strong> y <strong>Chupe<\/strong>. <\/p>\n","protected":false},"excerpt":{"rendered":"Este es el posible once del M\u00e1laga CF ante el Huesca en la Jornada 5 de LaLiga Hypermotion&hellip;\n","protected":false},"author":2,"featured_media":111709,"comment_status":"","ping_status":"","sticky":false,"template":"","format":"standard","meta":{"footnotes":""},"categories":[268],"tags":[168,25,24,280,282,38030,4174,1963,22614,9547,281,23,167],"class_list":{"0":"post-111708","1":"post","2":"type-post","3":"status-publish","4":"format-standard","5":"has-post-thumbnail","7":"category-futbol","8":"tag-deportes","9":"tag-es","10":"tag-espana","11":"tag-football","12":"tag-futbol","13":"tag-jornada-5","14":"tag-laliga-hypermotion","15":"tag-malaga-cf","16":"tag-posible-once","17":"tag-sd-huesca","18":"tag-soccer","19":"tag-spain","20":"tag-sports"},"share_on_mastodon":{"url":"","error":""},"_links":{"self":[{"href":"https:\/\/www.europesays.com\/es\/wp-json\/wp\/v2\/posts\/111708","targetHints":{"allow":["GET"]}}],"collection":[{"href":"https:\/\/www.europesays.com\/es\/wp-json\/wp\/v2\/posts"}],"about":[{"href":"https:\/\/www.europesays.com\/es\/wp-json\/wp\/v2\/types\/post"}],"author":[{"embeddable":true,"href":"https:\/\/www.europesays.com\/es\/wp-json\/wp\/v2\/users\/2"}],"replies":[{"embeddable":true,"href":"https:\/\/www.europesays.com\/es\/wp-json\/wp\/v2\/comments?post=111708"}],"version-history":[{"count":0,"href":"https:\/\/www.europesays.com\/es\/wp-json\/wp\/v2\/posts\/111708\/revisions"}],"wp:featuredmedia":[{"embeddable":true,"href":"https:\/\/www.europesays.com\/es\/wp-json\/wp\/v2\/media\/111709"}],"wp:attachment":[{"href":"https:\/\/www.europesays.com\/es\/wp-json\/wp\/v2\/media?parent=111708"}],"wp:term":[{"taxonomy":"category","embeddable":true,"href":"https:\/\/www.europesays.com\/es\/wp-json\/wp\/v2\/categories?post=111708"},{"taxonomy":"post_tag","embeddable":true,"href":"https:\/\/www.europesays.com\/es\/wp-json\/wp\/v2\/tags?post=111708"}],"curies":[{"name":"wp","href":"https:\/\/api.w.org\/{rel}","templated":true}]}}