{"id":111730,"date":"2025-09-13T06:09:37","date_gmt":"2025-09-13T06:09:37","guid":{"rendered":"https:\/\/www.europesays.com\/es\/111730\/"},"modified":"2025-09-13T06:09:37","modified_gmt":"2025-09-13T06:09:37","slug":"detienen-en-almeria-al-taxista-marroqui-que-huyo-tras-atropellar-a-un-motorista-en-madrid","status":"publish","type":"post","link":"https:\/\/www.europesays.com\/es\/111730\/","title":{"rendered":"Detienen en Almer\u00eda al taxista marroqu\u00ed que huy\u00f3 tras atropellar a un motorista en Madrid"},"content":{"rendered":"<p>La Polic\u00eda Municipal de Madrid, en colaboraci\u00f3n con la Polic\u00eda Local de Almer\u00eda, ha detenido al <strong>taxista \u2013natural de Marruecos\u2013 que se dio a la fuga tras atropellar a un motorista<\/strong> en el cruce de las calles Pr\u00edncipe de Vergara y Francisco Silvela, en Madrid, el pasado 4 de septiembre. La v\u00edctima, un hombre de 47 a\u00f1os, sufri\u00f3 la amputaci\u00f3n de un pie y varios traumatismos. El conductor, que se encontraba en paradero desconocido, ha sido capturado en el Puerto de Almer\u00eda cuando trataba de huir a Marruecos.<\/p>\n<p>El atropello y la huida<\/p>\n<p>El suceso tuvo lugar alrededor de la 01:30 horas del 4 de septiembre en el distrito madrile\u00f1o de Salamanca. Seg\u00fan testigos presenciales, <strong>el taxista podr\u00eda haberse saltado un sem\u00e1foro<\/strong> antes de colisionar con la moto. El impacto desplaz\u00f3 al motorista y al veh\u00edculo unos 20 metros hasta golpear contra un \u00e1rbol, dejando a la v\u00edctima tendida en el suelo con heridas graves.<\/p>\n<p>Unos peatones le intentaron practicar un torniquete en la pierna izquierda para frenar la hemorragia hasta que acudieron al lugar los agentes de la Polic\u00eda Municipal. El herido fue atendido por el Samur-Protecci\u00f3n Civil y trasladado al Hospital La Paz, donde se confirm\u00f3 la <strong>amputaci\u00f3n del pie izquierdo<\/strong> y diversos traumatismos.<\/p>\n<p>Tras el siniestro, el taxista <strong>lleg\u00f3 a bajarse del veh\u00edculo, pero acto<\/strong> <strong>seguido se dio a la fuga. <\/strong>Algunos de los testigos anotaron la matr\u00edcula, lo que, posteriormente, permiti\u00f3 a los agentes identificarlo esa misma noche. La Polic\u00eda Municipal acudi\u00f3 a su domicilio acompa\u00f1ada por antidisturbios, pero el conductor ya hab\u00eda huido del lugar tras recoger varias pertenencias.<\/p>\n<p>Localizaci\u00f3n en Almer\u00eda<\/p>\n<p>Los investigadores de la Unidad de Polic\u00eda Judicial de Tr\u00e1fico mantuvieron una vigilancia estrecha sobre el entorno del sospechoso en los d\u00edas siguientes. Finalmente, el hombre fue localizado en el Puerto de Almer\u00eda, <strong>cuando se dispon\u00eda a viajar a Marruecos,<\/strong> pa\u00eds donde residen sus hijos y parte de su familia.<\/p>\n<p><a href=\"http:\/\/libertaddigital.com\/organismos\/policia-local\/\" rel=\"nofollow noopener\" target=\"_blank\">La Polic\u00eda Local <\/a>de Almer\u00eda procedi\u00f3 a su arresto tras comprobar que pesaba sobre \u00e9l una requisitoria por <strong>abandono del lugar del accidente<\/strong>. Tras recibir las diligencias de la Polic\u00eda Municipal de Madrid, se llev\u00f3 a cabo su toma de declaraci\u00f3n y puesta a disposici\u00f3n judicial.<\/p>\n<p>Cargos por lesiones y abandono<\/p>\n<p>Al detenido, que trabajaba como empleado del titular de la licencia de taxi, se le imputan al menos <strong>dos delitos<\/strong>: <strong>lesiones<\/strong> <strong>y abandono del lugar del accidente<\/strong>. La colaboraci\u00f3n entre cuerpos policiales permiti\u00f3 cerrar la operaci\u00f3n tras m\u00e1s de una semana de b\u00fasqueda.<\/p>\n<p>&#13;<br \/>\n    Relacionado&#13;<br \/>\n    &#13;<\/p>\n<p>Las fuentes municipales consultadas por la agencia EFE han precisado que la investigaci\u00f3n sigue su curso, aunque no han trascendido a\u00fan m\u00e1s detalles sobre la situaci\u00f3n judicial del arrestado.<\/p>\n","protected":false},"excerpt":{"rendered":"La Polic\u00eda Municipal de Madrid, en colaboraci\u00f3n con la Polic\u00eda Local de Almer\u00eda, ha detenido al taxista \u2013natural&hellip;\n","protected":false},"author":2,"featured_media":111731,"comment_status":"","ping_status":"","sticky":false,"template":"","format":"standard","meta":{"footnotes":""},"categories":[8],"tags":[5508,38032,5644,38033,20386,38034,17,18,1467,25,24,13,14,11,38035,19,20,4485,9,10,15,16,4987,23,26236,38036,12,21,22],"class_list":{"0":"post-111730","1":"post","2":"type-post","3":"status-publish","4":"format-standard","5":"has-post-thumbnail","7":"category-espana","8":"tag-5508","9":"tag-112-emergencias","10":"tag-almeria","11":"tag-amputacion-pierna","12":"tag-atropello","13":"tag-barrio-de-salamanca","14":"tag-breaking-news","15":"tag-breakingnews","16":"tag-comunidad-de-madrid","17":"tag-es","18":"tag-espana","19":"tag-featured-news","20":"tag-featurednews","21":"tag-headlines","22":"tag-huida-taxista","23":"tag-latest-news","24":"tag-latestnews","25":"tag-marruecos","26":"tag-news","27":"tag-noticias","28":"tag-noticias-destacadas","29":"tag-noticiasdestacadas","30":"tag-policia-municipal","31":"tag-spain","32":"tag-suceso","33":"tag-taxista","34":"tag-titulares","35":"tag-ultimas-noticias","36":"tag-ultimasnoticias"},"share_on_mastodon":{"url":"","error":""},"_links":{"self":[{"href":"https:\/\/www.europesays.com\/es\/wp-json\/wp\/v2\/posts\/111730","targetHints":{"allow":["GET"]}}],"collection":[{"href":"https:\/\/www.europesays.com\/es\/wp-json\/wp\/v2\/posts"}],"about":[{"href":"https:\/\/www.europesays.com\/es\/wp-json\/wp\/v2\/types\/post"}],"author":[{"embeddable":true,"href":"https:\/\/www.europesays.com\/es\/wp-json\/wp\/v2\/users\/2"}],"replies":[{"embeddable":true,"href":"https:\/\/www.europesays.com\/es\/wp-json\/wp\/v2\/comments?post=111730"}],"version-history":[{"count":0,"href":"https:\/\/www.europesays.com\/es\/wp-json\/wp\/v2\/posts\/111730\/revisions"}],"wp:featuredmedia":[{"embeddable":true,"href":"https:\/\/www.europesays.com\/es\/wp-json\/wp\/v2\/media\/111731"}],"wp:attachment":[{"href":"https:\/\/www.europesays.com\/es\/wp-json\/wp\/v2\/media?parent=111730"}],"wp:term":[{"taxonomy":"category","embeddable":true,"href":"https:\/\/www.europesays.com\/es\/wp-json\/wp\/v2\/categories?post=111730"},{"taxonomy":"post_tag","embeddable":true,"href":"https:\/\/www.europesays.com\/es\/wp-json\/wp\/v2\/tags?post=111730"}],"curies":[{"name":"wp","href":"https:\/\/api.w.org\/{rel}","templated":true}]}}