{"id":111742,"date":"2025-09-13T06:20:13","date_gmt":"2025-09-13T06:20:13","guid":{"rendered":"https:\/\/www.europesays.com\/es\/111742\/"},"modified":"2025-09-13T06:20:13","modified_gmt":"2025-09-13T06:20:13","slug":"el-importante-papel-de-martin-short-y-los-rumores-sobre-meryl-streep","status":"publish","type":"post","link":"https:\/\/www.europesays.com\/es\/111742\/","title":{"rendered":"el importante papel de Martin Short y los rumores sobre Meryl Streep"},"content":{"rendered":"<p id=\"e6uMPidl9I\" data-wc=\"133\">La de<strong>\u00a0Selena Gomez y Benny Blanco\u00a0<\/strong>promete ser una de las bodas de la temporada. \u00a0Dos a\u00f1os despu\u00e9s de hacerse p\u00fablica su relaci\u00f3n, la artista y el productor musical van a pronunciar el \u00abs\u00ed, quiero\u00bb, \u00a0y aunque todav\u00eda est\u00e1n perfilando los detalles porque compaginan los preparativos de su gran d\u00eda con sus exigentes agendas profesionales, lo que est\u00e1 claro es que su enlace pasar\u00e1 a la historia. Todo apunta a que su boda estar\u00e1 marcada por la discreci\u00f3n, pero es inevitable que este acontecimiento genere una gran expectaci\u00f3n porque son dos personas muy queridas y porque estar\u00e1n rodeados de amigos conocidos internacionalmente. Entre la lista de asistentes se da por confirmada<strong>\u00a0la presencia de Taylor Swift, Nicola Peltz y Martin Short. Este \u00faltimo tendr\u00e1 adem\u00e1s un papel muy destacado en la celebraci\u00f3n.<\/strong><\/p>\n<p> <img src=\"https:\/\/www.europesays.com\/es\/wp-content\/uploads\/2025\/09\/539c153afd5e-gettyimages-2192585727.jpg\"   width=\"1024\" height=\"1010\" loading=\"lazy\" decoding=\"async\" alt=\"Media Image\" fetchpriority=\"auto\" class=\"image ho-image\"\/>\u00a9 Getty Images<\/p>\n<p id=\"eDGURcj6Si\" data-wc=\"116\">El actor <a class=\"hm-link ho-link\" href=\"https:\/\/www.hola.com\/actualidad\/20250406824227\/martin-short-asi-es-ilusion-meryl-streep\/\" data-mrf-recirculation=\"article-body-link\" rel=\"nofollow noopener\" target=\"_blank\">ha coincidido con Selena Gomez en\u00a0Solo asesinatos en el edificio<\/a>, exitosa serie emitida por Disney+ que acaba de estrenar su quinta temporada. El tiempo que han compartido en el set de rodaje ha hecho que la relaci\u00f3n entre ambos se transforme: han pasado de ser compa\u00f1eros a amigos, demostrando que la diferencia de edad no es un obst\u00e1culo. Tanta sinton\u00eda existe entre ellos que<strong>\u00a0la actriz y cantante le ha hecho una petici\u00f3n importante para su gran d\u00eda: que sea el encargado de portar las alianzas<\/strong>. Ha sido ella misma quien lo ha confirmado durante su reciente aparici\u00f3n en The Tonight Show Starring Jimmy Fallon, donde dio algunas pinceladas sobre su esperad\u00edsima boda.<\/p>\n<p id=\"eNyGDmgYJOo\" data-wc=\"133\">\u201cEs maravilloso, tengo mucha suerte, todo est\u00e1 yendo bien\u201d, coment\u00f3. Martin Short tambi\u00e9n estaba en plat\u00f3 e hizo un comentario espont\u00e1neo tras la respuesta de su compa\u00f1era: \u201cEstoy seguro de que nuestras invitaciones llegar\u00e1n cualquier d\u00eda de estos\u00bb. En este punto, el presentador quiso saber si el elenco de Solo asesinatos en el edificio est\u00e1 invitado a la boda, una pregunta a la que Selena respondi\u00f3 tajante. \u201cPor supuesto que est\u00e1n invitados, Marty (as\u00ed le llama cari\u00f1osamente) ser\u00e1 el portador de los anillos\u201d, explic\u00f3 en lo que es uno de los pocos detalles que ha adelantado de su enlace. Tambi\u00e9n <strong>se sabe que Taylor Swift llevar\u00e1 las flores porque ella misma lo cont\u00f3 ilusionada.\u00a0<\/strong>Ahora esa emoci\u00f3n es doble porque<a class=\"hm-link ho-link\" href=\"https:\/\/www.hola.com\/actualidad\/20250826852251\/taylor-swift-y-travis-kelce-anuncian-su-compromiso\/\" data-mrf-recirculation=\"article-body-link\" rel=\"nofollow noopener\" target=\"_blank\">\u00a0prepara su boda con Travis Kelce\u00a0<\/a>a la vez que su \u00edntima amiga.<\/p>\n<p> <img src=\"https:\/\/www.europesays.com\/es\/wp-content\/uploads\/2025\/09\/c62bf4b4d5ff-gettyimages-2214974980.jpg\"   width=\"1024\" height=\"819\" loading=\"lazy\" decoding=\"async\" alt=\"Media Image\" fetchpriority=\"auto\" class=\"image ho-image\"\/>\u00a9 Getty Images<\/p>\n<p id=\"etJuDLXiaO\" data-wc=\"98\">La presencia de Martin Short es doblemente importante ya que en la boda podr\u00eda hacer oficial su romance con Meryl Streep, tambi\u00e9n compa\u00f1era de Solo asesinatos en el edificio, donde curiosamente protagonizan una trama amorosa. \u00a0\u00abYa hab\u00edan planeado que yo tuviera una experiencia teatral y que hubiera un inter\u00e9s amoroso. As\u00ed que fue una coincidencia, pero ella simplemente quer\u00eda estar en la serie. <strong>No sab\u00eda nada de la historia de amor<\/strong>\u00ab, explic\u00f3 el int\u00e9rprete sobre la llegada de la<a class=\"hm-link ho-link\" href=\"https:\/\/www.hola.com\/realeza\/casa_espanola\/20231020242181\/saludo-reina-con-meryl-streep-premios-princesa-de-asturias\/\" data-mrf-recirculation=\"article-body-link\" rel=\"nofollow noopener\" target=\"_blank\">\u00a0ganadora del Premio Princesa de Asturias<\/a> en la temporada 3 de la serie. Una incorporaci\u00f3n que lo cambi\u00f3 todo. \u00a0<\/p>\n<p> <img src=\"https:\/\/www.europesays.com\/es\/wp-content\/uploads\/2025\/09\/4c59e20fa19d-gettyimages-2167175789.jpg\"   width=\"1024\" height=\"682\" loading=\"lazy\" decoding=\"async\" alt=\"Media Image\" fetchpriority=\"auto\" class=\"image ho-image\"\/>\u00a9 Getty Images<\/p>\n<p id=\"eIKj2rrOKl\" data-wc=\"77\">Los primeros rumores comenzaron a sonar hace m\u00e1s de un a\u00f1o, al no pasar desapercibida su buena sinton\u00eda durante la ceremonia de los Globos de Oro. Y <strong>aunque en ese momento ambos insistieron en que eran solo amigos, el paso de los meses parece haber ido estrechando esta relaci\u00f3n<\/strong>. As\u00ed lo demuestran los planes cada vez m\u00e1s frecuentes que comparten. Ellos siguen defendiendo que lo suyo es solo una buena amistad, as\u00ed que solo el tiempo dir\u00e1.<\/p>\n","protected":false},"excerpt":{"rendered":"La de\u00a0Selena Gomez y Benny Blanco\u00a0promete ser una de las bodas de la temporada. \u00a0Dos a\u00f1os despu\u00e9s de&hellip;\n","protected":false},"author":2,"featured_media":111743,"comment_status":"","ping_status":"","sticky":false,"template":"","format":"standard","meta":{"footnotes":""},"categories":[174],"tags":[517,3164,255,146,147,25,24,256,8142,3204,23],"class_list":{"0":"post-111742","1":"post","2":"type-post","3":"status-publish","4":"format-standard","5":"has-post-thumbnail","7":"category-famosos","8":"tag-actualidad","9":"tag-bodas","10":"tag-celebrities","11":"tag-entertainment","12":"tag-entretenimiento","13":"tag-es","14":"tag-espana","15":"tag-famosos","16":"tag-meryl-streep","17":"tag-selena-gomez","18":"tag-spain"},"share_on_mastodon":{"url":"","error":""},"_links":{"self":[{"href":"https:\/\/www.europesays.com\/es\/wp-json\/wp\/v2\/posts\/111742","targetHints":{"allow":["GET"]}}],"collection":[{"href":"https:\/\/www.europesays.com\/es\/wp-json\/wp\/v2\/posts"}],"about":[{"href":"https:\/\/www.europesays.com\/es\/wp-json\/wp\/v2\/types\/post"}],"author":[{"embeddable":true,"href":"https:\/\/www.europesays.com\/es\/wp-json\/wp\/v2\/users\/2"}],"replies":[{"embeddable":true,"href":"https:\/\/www.europesays.com\/es\/wp-json\/wp\/v2\/comments?post=111742"}],"version-history":[{"count":0,"href":"https:\/\/www.europesays.com\/es\/wp-json\/wp\/v2\/posts\/111742\/revisions"}],"wp:featuredmedia":[{"embeddable":true,"href":"https:\/\/www.europesays.com\/es\/wp-json\/wp\/v2\/media\/111743"}],"wp:attachment":[{"href":"https:\/\/www.europesays.com\/es\/wp-json\/wp\/v2\/media?parent=111742"}],"wp:term":[{"taxonomy":"category","embeddable":true,"href":"https:\/\/www.europesays.com\/es\/wp-json\/wp\/v2\/categories?post=111742"},{"taxonomy":"post_tag","embeddable":true,"href":"https:\/\/www.europesays.com\/es\/wp-json\/wp\/v2\/tags?post=111742"}],"curies":[{"name":"wp","href":"https:\/\/api.w.org\/{rel}","templated":true}]}}