{"id":111744,"date":"2025-09-13T06:21:14","date_gmt":"2025-09-13T06:21:14","guid":{"rendered":"https:\/\/www.europesays.com\/es\/111744\/"},"modified":"2025-09-13T06:21:14","modified_gmt":"2025-09-13T06:21:14","slug":"proi-celebra-la-vida-y-pide-la-paz-a-traves-de-la-pintura","status":"publish","type":"post","link":"https:\/\/www.europesays.com\/es\/111744\/","title":{"rendered":"Proi celebra la vida y pide la paz a trav\u00e9s de la pintura"},"content":{"rendered":"<p>Lienzos sin autor\u00eda tras los que se encuentran <strong><a href=\"https:\/\/elfarodeceuta.es\/los-elementales-exposicion-pintura-proi\/\" rel=\"nofollow noopener\" target=\"_blank\">usuarios de Proi<\/a><\/strong>. Cuadros clasificados por cifras que reflejan <strong>los nombres tras los trazos<\/strong>. Anas, Nidia, Fati, Ana, Sana, Paloma, Dina, Mohamed, Yaser, Ismail, Agus, Iris, Abdo, Amal, Manuel, Ra\u00fal y Nerea celebran la vida a trav\u00e9s del pincel y lo exponen en p\u00fablico en Ceuta.<\/p>\n<p>Ellos <strong>son los art\u00edfices de la <a href=\"https:\/\/elfarodeceuta.es\/exposicion-proi-querido-taller-proyecto-hecho-corazon\/\" rel=\"nofollow noopener\" target=\"_blank\">nueva exposici\u00f3n<\/a><\/strong> del Museo del Revell\u00edn \u2018Colores vivos\u2019, una muestra que exhibe su mirada hacia el mundo. Son 70 las creaciones las que cuelgan entre las paredes de la sala cultural.<\/p>\n<p>Formas y siluetas de tonos c\u00e1lidos han dado la bienvenida a sus autores, sus familiares y visitantes que se han reunido este viernes para <strong>estrenar la colecci\u00f3n<\/strong>. Como en a\u00f1os anteriores, este espacio pict\u00f3rico es fruto del <strong><a href=\"https:\/\/elfarodeceuta.es\/proi-certamen-inclusivo-pintura-fotografia\/\" rel=\"nofollow noopener\" target=\"_blank\">taller adaptado<\/a><\/strong> coordinado por el pintor Antonio San Mart\u00edn.<\/p>\n<p><img fetchpriority=\"high\" decoding=\"async\" class=\"alignnone wp-image-1263007 size-full\" src=\"https:\/\/www.europesays.com\/es\/wp-content\/uploads\/2025\/09\/proi-celebra-vida-pide-paz-pintura-019.jpg\" alt=\"\" width=\"800\" height=\"450\"  \/><\/p>\n<p>Un faro en el arte<\/p>\n<p>\u00c9l gu\u00eda a los alumnos que participan en la actividad para que saquen de su interior toda esa <strong>amalgama de emociones y de perspectivas<\/strong>. El resultado en esta ocasi\u00f3n han sido piezas en las que, los tonos rosados anaranjados, cobran un especial protagonismo.<\/p>\n<p>Pinceladas vibrantes o r\u00e1pidas, otras met\u00f3dicas y m\u00e1s geom\u00e9tricas se han fusionado en las instalaciones. Cada una ha llevado <strong>adjunta un n\u00famero representativo<\/strong>. No se sabe qui\u00e9n es el autor, pero, tampoco es realmente necesario.<\/p>\n<p>Como si se hubieran puesto de acuerdo, <strong>todas est\u00e1n hiladas por la armon\u00eda<\/strong>. Aunque cada una es diferente, siguen una misma l\u00ednea. Destacan entre los paneles una bandada de palomas que alza el vuelo.<\/p>\n<p><img loading=\"lazy\" decoding=\"async\" class=\"alignnone wp-image-1263004 size-full\" src=\"https:\/\/www.europesays.com\/es\/wp-content\/uploads\/2025\/09\/proi-celebra-vida-pide-paz-pintura-016.jpg\" alt=\"\" width=\"800\" height=\"450\"  \/><\/p>\n<p>Palomas por la paz<\/p>\n<p>Son una clara representaci\u00f3n de una petici\u00f3n de los ceut\u00edes que se han aventurado con el pincel: <strong>el fin de los conflictos y del sufrimiento<\/strong> en el mundo. Antonio San Mart\u00edn, durante el acto de presentaci\u00f3n de la exposici\u00f3n, ha hablado de esta parte dentro de la selecci\u00f3n.<\/p>\n<p>\u201cEste a\u00f1o hemos tra\u00eddo unas palomas pintadas por cada uno de ellos, cada uno de los artistas de Proi. Estas aves que inician el vuelo <strong>es nuestra aportaci\u00f3n<\/strong> a todo lo que ocurre en el mundo\u201d, ha detallado.<\/p>\n<p>\u201cEste se constituye como un s\u00edmbolo de la paz. Es el modo en el que la pedimos ante los terribles acontecimientos que se viven <strong>como la guerra en Ucrania o Gaza<\/strong>\u201d, ha especificado.<\/p>\n<p>Celebrar la vida<\/p>\n<p>No es lo \u00fanico que se esconde tras cada silueta o forma colorida. La muestra es un grito, <strong>una exaltaci\u00f3n a la vida<\/strong>, tal y como ha trasladado el pintor. \u201cAl ver las obras, cualquiera puede darse cuenta de que \u2018Colores vivos\u2019 es un t\u00edtulo bien elegido. Verdaderamente, hay mucho colorido, creatividad y ganas de pintar\u201d.<\/p>\n<p>\u201cDe hecho, cuando estamos en el taller, siempre pienso en que lo que estamos haciendo, de alguna manera, es celebrar la vida con la pintura. Los veo <strong>poniendo ilusi\u00f3n<\/strong> en todo lo que hacemos\u201d, ha manifestado.<\/p>\n<p>Es este el motivo por el que, a su juicio, cada cuadro encierra una fortaleza y unas emociones que se desplazan hasta el espectador al contemplarlo. \u201cCuando son observados uno a uno, enamoran. <strong>Dan un pellizco en el coraz\u00f3n<\/strong>. Eso es lo m\u00e1s importante del conjunto\u201d.<\/p>\n<p>Obsequio<\/p>\n<p>Los talentosos autores han querido mostrarle su cari\u00f1o y agradecimiento a San Mart\u00edn. Lo han hecho a trav\u00e9s de un obsequio especial. <strong>Han entregado mano a mano una placa<\/strong> conmemorativa de cristal y un ramo de flores.<\/p>\n<p>Los asistentes al acto han aplaudido el gesto y, tras cerrar la inauguraci\u00f3n, han aprovechado la ocasi\u00f3n para <strong>hacerse unas fotos de recuerdo<\/strong>. Sonrientes, cercanos unos a otros, han festejado este momento clave.<\/p>\n<p><img loading=\"lazy\" decoding=\"async\" class=\"alignnone wp-image-1263013 size-full\" src=\"https:\/\/www.europesays.com\/es\/wp-content\/uploads\/2025\/09\/proi-celebra-vida-pide-paz-pintura-023.jpg\" alt=\"\" width=\"800\" height=\"450\"  \/><\/p>\n<p>A las im\u00e1genes se ha sumado un marco a modo de Photocall para, en el futuro, tener instant\u00e1neas que <strong>rememoren esta exposici\u00f3n<\/strong> llena de color. Al acto han asistido familiares, vecinos y representantes tanto de la Ciudad como de la Delegaci\u00f3n del Gobierno.<\/p>\n<p>Setenta obras. Setenta miradas. Setenta lienzos de naranjas, rosas o azules que hablan de la vida, de cada camino en particular y, sobre todo, de todo lo que a\u00fan quedar por recorrer.<\/p>\n","protected":false},"excerpt":{"rendered":"Lienzos sin autor\u00eda tras los que se encuentran usuarios de Proi. Cuadros clasificados por cifras que reflejan los&hellip;\n","protected":false},"author":2,"featured_media":111745,"comment_status":"","ping_status":"","sticky":false,"template":"","format":"standard","meta":{"footnotes":""},"categories":[173],"tags":[229,233,231,230,232,234,146,147,25,24,23],"class_list":{"0":"post-111744","1":"post","2":"type-post","3":"status-publish","4":"format-standard","5":"has-post-thumbnail","7":"category-arte-y-diseno","8":"tag-arte","9":"tag-arte-y-diseno","10":"tag-arts","11":"tag-arts-and-design","12":"tag-design","13":"tag-diseno","14":"tag-entertainment","15":"tag-entretenimiento","16":"tag-es","17":"tag-espana","18":"tag-spain"},"share_on_mastodon":{"url":"","error":""},"_links":{"self":[{"href":"https:\/\/www.europesays.com\/es\/wp-json\/wp\/v2\/posts\/111744","targetHints":{"allow":["GET"]}}],"collection":[{"href":"https:\/\/www.europesays.com\/es\/wp-json\/wp\/v2\/posts"}],"about":[{"href":"https:\/\/www.europesays.com\/es\/wp-json\/wp\/v2\/types\/post"}],"author":[{"embeddable":true,"href":"https:\/\/www.europesays.com\/es\/wp-json\/wp\/v2\/users\/2"}],"replies":[{"embeddable":true,"href":"https:\/\/www.europesays.com\/es\/wp-json\/wp\/v2\/comments?post=111744"}],"version-history":[{"count":0,"href":"https:\/\/www.europesays.com\/es\/wp-json\/wp\/v2\/posts\/111744\/revisions"}],"wp:featuredmedia":[{"embeddable":true,"href":"https:\/\/www.europesays.com\/es\/wp-json\/wp\/v2\/media\/111745"}],"wp:attachment":[{"href":"https:\/\/www.europesays.com\/es\/wp-json\/wp\/v2\/media?parent=111744"}],"wp:term":[{"taxonomy":"category","embeddable":true,"href":"https:\/\/www.europesays.com\/es\/wp-json\/wp\/v2\/categories?post=111744"},{"taxonomy":"post_tag","embeddable":true,"href":"https:\/\/www.europesays.com\/es\/wp-json\/wp\/v2\/tags?post=111744"}],"curies":[{"name":"wp","href":"https:\/\/api.w.org\/{rel}","templated":true}]}}