{"id":111752,"date":"2025-09-13T06:27:08","date_gmt":"2025-09-13T06:27:08","guid":{"rendered":"https:\/\/www.europesays.com\/es\/111752\/"},"modified":"2025-09-13T06:27:08","modified_gmt":"2025-09-13T06:27:08","slug":"nos-gusta-llamarlo-la-caja-negra-del-cancer","status":"publish","type":"post","link":"https:\/\/www.europesays.com\/es\/111752\/","title":{"rendered":"Nos gusta llamarlo la caja negra del c\u00e1ncer"},"content":{"rendered":"<p><b>Buenas noticias<\/b>. <b>Una novedosa metodolog\u00eda para analizar el rastro de los cambios en los genes que va dejando el c\u00e1ncer desde su g\u00e9nesis en el ADN<\/b> permite descifrar la evoluci\u00f3n del tumor y predecir su curso cl\u00ednico en el futuro, seg\u00fan un estudio publicado recientemente en &#8216;<a rel=\"nofollow noopener\" href=\"https:\/\/www.nature.com\/articles\/s41586-025-09374-4\" target=\"_blank\"><b>Nature<\/b><\/a>&#8216;.<\/p>\n<p>Al parecer, cient\u00edficos del Cl\u00ednic-IDIBAPS de Barcelona y del Instituto de Investigaci\u00f3n del C\u00e1ncer de Londres han analizado de manera<b> <\/b>exhaustiva <b>la evoluci\u00f3n de tumores en 2.000 pacientes con leucemias y linfomas. Y han sacado conclusiones que ser\u00e1n de gran utilidad a corto y largo plazo<\/b>.<\/p>\n<p>En profundidad<\/p>\n<p>M\u00e1s concretamente, los expertos han apreciado que<b> la trayectoria evolutiva del c\u00e1ncer est\u00e1 codificada en un tipo especial de marca epigen\u00e9tica<\/b>, m\u00e1s conocida como <b>metilaci\u00f3n fluctuante<\/b>. Pese a que se ha considerado que act\u00faa como un gran interruptor con el paso de los a\u00f1os, que activa o desactiva la expresi\u00f3n de los genes, lo cierto es que tiene una funci\u00f3n extra.<\/p>\n<p>De esta manera, <b>los investigadores<\/b> han hallado ahora que la c\u00e9lula original que dio lugar al tumor deja una firma \u00fanica de metilaci\u00f3n. Es decir, esta huella no solo revela la identidad de las c\u00e9lulas tumorales, sino que tambi\u00e9n cambia a medida que el tumor crece y se diversifica.<\/p>\n<p>M\u00e1s detalles<\/p>\n<p>El trabajo, de la mano de modelos matem\u00e1ticos avanzados, ha conseguido descifrar estos patrones de metilaci\u00f3n. Seg\u00fan los investigadores, los citados patrones reconstruyen tanto<b> el origen como la evoluci\u00f3n<\/b> del <b>tumor <\/b>con una gran precisi\u00f3n, lo que permite predecir el progreso futuro de la enfermedad.<\/p>\n<p>Con la idea en mente de que saber el pasado de un c\u00e1ncer permite anticipar su futuro cl\u00ednico, el algoritmo desarrollado fue aplicado a 2.000 muestras de pacientes con diversos tipos de leucemias y linfomas. Con ello, y gracias al acceso de historias cl\u00ednicas anonimizadas, <b>pudieron correlacionar la evoluci\u00f3n pasada del tumor con su agresividad<\/b>.<\/p>\n<p>A tener en cuenta<\/p>\n<p>El coordinador del estudio, I\u00f1aki Mart\u00edn-Subero, ha manifestado abiertamente que \u00abesta nueva herramienta nos permite <b>leer <\/b>la historia pasada del c\u00e1ncer y <b>conocer <\/b>cu\u00e1ndo se origin\u00f3 el tumor, a qu\u00e9 velocidad crece y si ha creado diversidad celular\u00bb.  <\/p>\n<p>Mart\u00edn-Subero ha se\u00f1alado que la evoluci\u00f3n de la historia secreta del c\u00e1ncer queda registrada en el epigenoma, en concreto en un tipo de<b> marca epigen\u00e9tica <\/b>conocida como metilaci\u00f3n fluctuante: \u00abNos gusta llamarlo, de forma metaf\u00f3rica, como la caja negra del c\u00e1ncer\u00bb.<\/p>\n<p><b>Una declaraci\u00f3n en la que tambi\u00e9n ha coincidido <\/b>el director del Centro de Evoluci\u00f3n y C\u00e1ncer del Instituto de Investigaci\u00f3n del C\u00e1ncer de Londres, Trevor Graham. Este ha explicado que \u00ab<b>predecir c\u00f3mo progresar\u00e1 la enfermedad en cada paciente es un gran paso en el manejo personalizado<\/b>\u00bb de la misma. Y raz\u00f3n no le falta.<\/p>\n<p>WhatsApp<a href=\"https:\/\/api.whatsapp.com\/send?text=https:\/\/www.eleconomista.es\/salud-bienestar\/enfermedades\/noticias\/13541435\/09\/25\/cientificos-desarrollan-un-nuevo-metodo-que-cambia-la-historia-medica-nos-gusta-llamarlo-la-caja-negra-del-cancer.html?utm_source%3Dwhatsapp%26utm_medium%3Dshare_button&amp;id=1648118629957_whatsapp\" target=\"_blank\" data-action=\"share\/whatsapp\/share\" aria-label=\"Compartir en Whatsapp\" rel=\"nofollow noopener\"><\/a>Facebook<a id=\"fb-share\" href=\"#\" target=\"_blank\" rel=\"noopener noreferrer\" aria-label=\"Compartir en Facebook\"><\/a>Twitter<a href=\"https:\/\/twitter.com\/share?text=Cient%C3%ADficos+desarrollan+un+nuevo+m%C3%A9todo+que+cambia+la+historia+m%C3%A9dica%3A+%22Nos+gusta+llamarlo+la+caja+negra+del+c%C3%A1ncer%22&amp;url=https:\/\/www.eleconomista.es\/salud-bienestar\/enfermedades\/noticias\/13541435\/09\/25\/cientificos-desarrollan-un-nuevo-metodo-que-cambia-la-historia-medica-nos-gusta-llamarlo-la-caja-negra-del-cancer.html&amp;via=elEconomistaes&amp;id=1648118839245_twitter\" target=\"_blank\" aria-label=\"Compartir en Twitter\" rel=\"nofollow noopener\"><\/a>Linkedin<a href=\"https:\/\/linkedin.com\/share?text=https:\/\/www.eleconomista.es\/salud-bienestar\/enfermedades\/noticias\/13541435\/09\/25\/cientificos-desarrollan-un-nuevo-metodo-que-cambia-la-historia-medica-nos-gusta-llamarlo-la-caja-negra-del-cancer.html&amp;via=elEconomistaes\" target=\"_blank\" aria-label=\"Compartir en linkedin\" rel=\"nofollow noopener\"><\/a>Beloud<a href=\"https:\/\/beloud.com\/share?text=Cient%C3%ADficos+desarrollan+un+nuevo+m%C3%A9todo+que+cambia+la+historia+m%C3%A9dica%3A+%22Nos+gusta+llamarlo+la+caja+negra+del+c%C3%A1ncer%22&amp;url=https:\/\/www.eleconomista.es\/salud-bienestar\/enfermedades\/noticias\/13541435\/09\/25\/cientificos-desarrollan-un-nuevo-metodo-que-cambia-la-historia-medica-nos-gusta-llamarlo-la-caja-negra-del-cancer.html&amp;via=elEconomistaes&amp;id=1648118839245_beloud\" target=\"_blank\" aria-label=\"Compartir en beloud\" rel=\"nofollow noopener\"><\/a>Bluesky<a href=\"https:\/\/bsky.app\/intent\/compose?text=https:\/\/bsky.app\/intent\/compose?text=https:\/\/www.eleconomista.es\/salud-bienestar\/enfermedades\/noticias\/13541435\/09\/25\/cientificos-desarrollan-un-nuevo-metodo-que-cambia-la-historia-medica-nos-gusta-llamarlo-la-caja-negra-del-cancer.html&amp;url=https:\/\/www.eleconomista.es\/salud-bienestar\/enfermedades\/noticias\/13541435\/09\/25\/cientificos-desarrollan-un-nuevo-metodo-que-cambia-la-historia-medica-nos-gusta-llamarlo-la-caja-negra-del-cancer.html&amp;via=elEconomistaes&amp;id=1648118839245_bluesky\" target=\"_blank\" aria-label=\"Compartir en bluesky\" rel=\"nofollow noopener\"><\/a><\/p>\n<p><script async src=\"https:\/\/platform.twitter.com\/widgets.js\" charset=\"utf-8\"><\/script><\/p>\n","protected":false},"excerpt":{"rendered":"Buenas noticias. Una novedosa metodolog\u00eda para analizar el rastro de los cambios en los genes que va dejando&hellip;\n","protected":false},"author":2,"featured_media":111753,"comment_status":"","ping_status":"","sticky":false,"template":"","format":"standard","meta":{"footnotes":""},"categories":[92],"tags":[25,24,165,166,4134,23],"class_list":{"0":"post-111752","1":"post","2":"type-post","3":"status-publish","4":"format-standard","5":"has-post-thumbnail","7":"category-salud","8":"tag-es","9":"tag-espana","10":"tag-health","11":"tag-salud","12":"tag-salud-bienestar","13":"tag-spain"},"share_on_mastodon":{"url":"","error":""},"_links":{"self":[{"href":"https:\/\/www.europesays.com\/es\/wp-json\/wp\/v2\/posts\/111752","targetHints":{"allow":["GET"]}}],"collection":[{"href":"https:\/\/www.europesays.com\/es\/wp-json\/wp\/v2\/posts"}],"about":[{"href":"https:\/\/www.europesays.com\/es\/wp-json\/wp\/v2\/types\/post"}],"author":[{"embeddable":true,"href":"https:\/\/www.europesays.com\/es\/wp-json\/wp\/v2\/users\/2"}],"replies":[{"embeddable":true,"href":"https:\/\/www.europesays.com\/es\/wp-json\/wp\/v2\/comments?post=111752"}],"version-history":[{"count":0,"href":"https:\/\/www.europesays.com\/es\/wp-json\/wp\/v2\/posts\/111752\/revisions"}],"wp:featuredmedia":[{"embeddable":true,"href":"https:\/\/www.europesays.com\/es\/wp-json\/wp\/v2\/media\/111753"}],"wp:attachment":[{"href":"https:\/\/www.europesays.com\/es\/wp-json\/wp\/v2\/media?parent=111752"}],"wp:term":[{"taxonomy":"category","embeddable":true,"href":"https:\/\/www.europesays.com\/es\/wp-json\/wp\/v2\/categories?post=111752"},{"taxonomy":"post_tag","embeddable":true,"href":"https:\/\/www.europesays.com\/es\/wp-json\/wp\/v2\/tags?post=111752"}],"curies":[{"name":"wp","href":"https:\/\/api.w.org\/{rel}","templated":true}]}}