{"id":111754,"date":"2025-09-13T06:28:09","date_gmt":"2025-09-13T06:28:09","guid":{"rendered":"https:\/\/www.europesays.com\/es\/111754\/"},"modified":"2025-09-13T06:28:09","modified_gmt":"2025-09-13T06:28:09","slug":"un-espectacular-desfile-en-los-jardines-de-oriente-y-el-regreso-al-palacio-de-cibeles-la-semana-de-la-moda-de-madrid-internacionaliza-su-formato-en-su-40o-aniversario","status":"publish","type":"post","link":"https:\/\/www.europesays.com\/es\/111754\/","title":{"rendered":"Un espectacular desfile en los Jardines de Oriente y el regreso al Palacio de Cibeles: la semana de la moda de Madrid internacionaliza su formato en su 40\u00ba aniversario"},"content":{"rendered":"<p class=\"ue-c-article--first-letter-highlighted ue-c-article__paragraph\">\nLas banderolas en calles y avenidas lo anuncian: Madrid vuelve a vestirse de moda. Del 13 al 21 de septiembre de 2025, la capital espa\u00f1ola se convertir\u00e1 en hervidero creativo y cultural con la celebraci\u00f3n conjunta de <strong>Madrid es Moda (MeM)<\/strong> y la <strong>Mercedes-Benz Fashion Week Madrid (MBFWMadrid)<\/strong>. Ambos forman parte de la iniciativa municipal <strong>Madrid Capital de Moda<\/strong>, impulsada por el Ayuntamiento de Madrid. El arranque se materializar\u00e1 el s\u00e1bado 13 a las 19.30 en los Jardines de la Plaza de Oriente con un desfile inaugural en el que, junto al Palacio y el Teatro Real, participar\u00e1n algunos de los nombres destacados como <strong>Devota &amp; Lomba, Daniel Chong, Ernesto Naranjo, Garc\u00eda Madrid, Maison Mesa, Man\u00e9Man\u00e9, Roberto Torretta, Roberto Verino y The Extreme Collection<\/strong>. La Semana Internacional de la Moda Flamenca (SIMOF) tambi\u00e9n estar\u00e1 presente, aportando su esencia y creatividad con una pieza exclusiva.\n<\/p>\n<p><strong>Madrid es Moda: diez a\u00f1os llevando la moda de autor a la calle<\/strong><\/p>\n<p class=\"ue-c-article__paragraph\">Este 2025, <strong>Madrid es Moda <\/strong>cumple una d\u00e9cada desde su creaci\u00f3n en 2015, cuando la Asociaci\u00f3n de Creadores de Moda de Espa\u00f1a (ACME) concibi\u00f3 un proyecto para acercar la moda de autor espa\u00f1ola al p\u00fablico en un formato urbano y accesible, semejante al consolidado en ciudades como Par\u00eds y Mil\u00e1n. Desde entonces, la celebraci\u00f3n transforma el centro hist\u00f3rico de la ciudad en una pasarela viva que convierte espacios como museos y plazas en pasarelas y talleres al aire libre.<\/p>\n<p class=\"ue-c-article__paragraph\">En su d\u00e9cima edici\u00f3n, que se extiende del 13 al 16 de septiembre, MeM propone una agenda variada que incluye desfiles, presentaciones, performances, exposiciones, pop-ups y jornadas de puertas abiertas. Lugares como los <strong>Jardines de la Plaza de Oriente<\/strong>, escenario del desfile inaugural, la escalinata del Museo Arqueol\u00f3gico, el Claustro del Pozo del IES San Isidro, el Palacete de Villa Rosa o el patio del antiguo monasterio de las Salesas en Chamber\u00ed, se ponen a disposici\u00f3n de los creadores para que la moda cobre en un di\u00e1logo con la historia y la arquitectura madrile\u00f1a.<\/p>\n<p><img decoding=\"async\" width=\"1200\" height=\"1600\" class=\"ue-c-article__image lazyload\" alt=\"\" loading=\"lazy\" src=\"https:\/\/www.europesays.com\/es\/wp-content\/uploads\/2025\/09\/17576929819424.jpg\"\/><\/p>\n<p>CORTES\u00cdA DE MADRID ES MODA\/ PABLO PANIAGUA<\/p>\n<p class=\"ue-c-article__paragraph\">Este septiembre, en el que se desvelar\u00e1n las propuestas para la pr\u00f3xima primavera, la participaci\u00f3n es m\u00e1s numerosa y variada que nunca. Nombres consagrados como los de <strong>Duyos <\/strong>o <a href=\"https:\/\/www.elmundo.es\/yodona\/moda\/2025\/08\/03\/6888ce4a21efa094688b4575.html\" target=\"_blank\" rel=\"nofollow noopener\"><strong>Roberto Verino<\/strong><\/a> conviven con talentos emergentes y proyectos disruptivos como <strong>Acromatyx, Isla Bonita Moda, Man\u00e9Man\u00e9 o WE ARE SPASTOR<\/strong>. <\/p>\n<p class=\"ue-c-article__paragraph\">La dimensi\u00f3n educativa y social tambi\u00e9n es protagonista. El <strong>Istituto Europeo di Design (IED) Madrid<\/strong> y la <strong>Universidad Nebrija<\/strong> exhiben el trabajo de sus estudiantes en desfiles que representan la cantera de talento joven de la moda espa\u00f1ola. Adem\u00e1s, se mantiene la colaboraci\u00f3n con la ONG <strong>Ayuda en Acci\u00f3n<\/strong>, que organiza encuentros motivacionales para j\u00f3venes en riesgo de vulnerabilidad, con la participaci\u00f3n del dise\u00f1ador Dominnico. Este aspecto solidario subraya el compromiso de la moda como herramienta de transformaci\u00f3n social.<\/p>\n<p class=\"ue-c-article__paragraph\">Como apunt\u00f3 <strong>Modesto Lomba<\/strong>, presidente de ACME, \u00abMadrid es Moda ha demostrado que unir moda y espacios emblem\u00e1ticos no es una excepci\u00f3n, sino la norma. Durante la pr\u00f3xima d\u00e9cada, nuestro objetivo es consolidar la Semana de la Moda de Madrid como un hito internacional relevante\u00bb. Y esta edici\u00f3n se presenta como paso firme en esa direcci\u00f3n.<\/p>\n<p><strong>Mercedes-Benz Fashion Week Madrid: 40 a\u00f1os de evoluci\u00f3n<\/strong><\/p>\n<p class=\"ue-c-article__paragraph\">Si Madrid es Moda se consolida como la ventana a la moda de autor en la ciudad, la <strong>Mercedes-Benz Fashion Week Madrid (MBFWMadrid)<\/strong> representa el coraz\u00f3n hist\u00f3rico de la industria. Este a\u00f1o celebra su 40 aniversario, un recorrido que empez\u00f3 en 1985 bajo el nombre <strong>Pasarela Cibeles<\/strong>, testigo y motor de la evoluci\u00f3n del dise\u00f1o espa\u00f1ol.<\/p>\n<p class=\"ue-c-article__paragraph\">A lo largo de sus cuatro d\u00e9cadas con sus correspondientes cambios nominativos, MBFWMadrid ha impulsado la carrera de firmas ya casi legendarias como<strong> Jes\u00fas del Pozo o \u00c1gatha Ruiz de la Prada<\/strong>, mientras procuraba apostar por la innovaci\u00f3n tecnol\u00f3gica y, m\u00e1s recientemente, la sostenibilidad. Para la presentaci\u00f3n de las colecciones de primavera-verano 2026, su ubicaci\u00f3n actual en el <strong>Pabell\u00f3n 14.1 del recinto ferial de IFEMA<\/strong> se desgrana a trav\u00e9s de iniciativas como los Desfiles OFF, una apuesta que ampl\u00eda los formatos tradicionales en espacios alternativos repartidos por toda la ciudad, con el fin de, tras la estela de MeM, integrarse con el entorno urbano.<\/p>\n<p><img decoding=\"async\" width=\"1600\" height=\"1200\" class=\"ue-c-article__image lazyload\" alt=\"\" loading=\"lazy\" src=\"https:\/\/www.europesays.com\/es\/wp-content\/uploads\/2025\/09\/17577021121739.jpg\"\/><\/p>\n<p>CORTES\u00cdA DE MADRID ES MODA\/ PABLO PANIAGUA<\/p>\n<p class=\"ue-c-article__paragraph\">Los desfiles OFF permitir\u00e1n a dise\u00f1adores emergentes y consolidados mostrar sus colecciones en formatos m\u00e1s \u00edntimos y experimentales, alejados del formato cl\u00e1sico de pasarela. Tanto <strong>Adolfo Dom\u00ednguez<\/strong> como <a href=\"https:\/\/www.elmundo.es\/yodona\/moda\/2025\/02\/21\/67b8b334fdddff3f828b4584.html\" target=\"_blank\" rel=\"nofollow noopener\"><strong>Simorra<\/strong><\/a>, por ejemplo, mostrar\u00e1n sus pr\u00f3ximas colecciones en el Palacio de Cibeles y <a href=\"https:\/\/www.elmundo.es\/yodona\/moda\/2024\/07\/10\/668e3eb7fdddff23398b456d.html\" target=\"_blank\" rel=\"nofollow noopener\"><strong>Palomo Spain<\/strong><\/a>, por su parte, celebrar\u00e1 un desfile \u00edntimo en el Hotel Palace. Daniel Mart\u00ednez, vicepresidente de IFEMA Madrid, destac\u00f3 que \u00abla incorporaci\u00f3n de los desfiles OFF y la descentralizaci\u00f3n de la programaci\u00f3n marcan una nueva etapa para MBFWMadrid, m\u00e1s inclusiva y cercana, que refleja las tendencias actuales del sector y las demandas de una audiencia diversa y exigente.\u00bb<\/p>\n<p class=\"ue-c-article__paragraph\">Adem\u00e1s, esta edici\u00f3n refuerza su compromiso con la <strong>sostenibilidad<\/strong> a trav\u00e9s de iniciativas que promueven la moda \u00e9tica y la producci\u00f3n responsable, con talleres, charlas y presentaciones dedicadas a la econom\u00eda circular y al consumo consciente.<\/p>\n","protected":false},"excerpt":{"rendered":"Las banderolas en calles y avenidas lo anuncian: Madrid vuelve a vestirse de moda. Del 13 al 21&hellip;\n","protected":false},"author":2,"featured_media":111755,"comment_status":"","ping_status":"","sticky":false,"template":"","format":"standard","meta":{"footnotes":""},"categories":[91],"tags":[146,147,25,24,1023,23,28682],"class_list":{"0":"post-111754","1":"post","2":"type-post","3":"status-publish","4":"format-standard","5":"has-post-thumbnail","7":"category-entretenimiento","8":"tag-entertainment","9":"tag-entretenimiento","10":"tag-es","11":"tag-espana","12":"tag-moda","13":"tag-spain","14":"tag-yodona-moda"},"share_on_mastodon":{"url":"","error":""},"_links":{"self":[{"href":"https:\/\/www.europesays.com\/es\/wp-json\/wp\/v2\/posts\/111754","targetHints":{"allow":["GET"]}}],"collection":[{"href":"https:\/\/www.europesays.com\/es\/wp-json\/wp\/v2\/posts"}],"about":[{"href":"https:\/\/www.europesays.com\/es\/wp-json\/wp\/v2\/types\/post"}],"author":[{"embeddable":true,"href":"https:\/\/www.europesays.com\/es\/wp-json\/wp\/v2\/users\/2"}],"replies":[{"embeddable":true,"href":"https:\/\/www.europesays.com\/es\/wp-json\/wp\/v2\/comments?post=111754"}],"version-history":[{"count":0,"href":"https:\/\/www.europesays.com\/es\/wp-json\/wp\/v2\/posts\/111754\/revisions"}],"wp:featuredmedia":[{"embeddable":true,"href":"https:\/\/www.europesays.com\/es\/wp-json\/wp\/v2\/media\/111755"}],"wp:attachment":[{"href":"https:\/\/www.europesays.com\/es\/wp-json\/wp\/v2\/media?parent=111754"}],"wp:term":[{"taxonomy":"category","embeddable":true,"href":"https:\/\/www.europesays.com\/es\/wp-json\/wp\/v2\/categories?post=111754"},{"taxonomy":"post_tag","embeddable":true,"href":"https:\/\/www.europesays.com\/es\/wp-json\/wp\/v2\/tags?post=111754"}],"curies":[{"name":"wp","href":"https:\/\/api.w.org\/{rel}","templated":true}]}}