{"id":111760,"date":"2025-09-13T06:31:07","date_gmt":"2025-09-13T06:31:07","guid":{"rendered":"https:\/\/www.europesays.com\/es\/111760\/"},"modified":"2025-09-13T06:31:07","modified_gmt":"2025-09-13T06:31:07","slug":"el-fbi-detiene-el-sospechoso-de-asesinar-a-charlie-kirk-tiene-22-anos-y-su-familia-lo-entrego-a-las-autoridades-el-pais-expres","status":"publish","type":"post","link":"https:\/\/www.europesays.com\/es\/111760\/","title":{"rendered":"El FBI detiene el sospechoso de asesinar a Charlie Kirk: tiene 22 a\u00f1os y su familia lo entreg\u00f3 a las autoridades | El PA\u00cdS Expr\u00e9s"},"content":{"rendered":"<p><img fetchpriority=\"high\" alt=\"kirk\" decoding=\"auto\" class=\"_re  a_m-h\" height=\"414\"  width=\"414\"  src=\"https:\/\/www.europesays.com\/es\/wp-content\/uploads\/2025\/09\/FKSGJDDVBRB5BPGH7MUD7MABEM.png\" loading=\"eager\"\/>Foto: Reuters \/ Getty<\/p>\n<p class=\"\">El FBI detuvo este viernes al sospechoso por el asesinato de Charlie Kirk, el comentarista y activista ultraconservador amigo de Donald Trump, que muri\u00f3 tras recibir un disparo en un acto multitudinario. <\/p>\n<p class=\"\"><b>Se trata de Tyler Robinson, de 22 a\u00f1os.<\/b> Es de Utah, el Estado en el que Kirk fue asesinado mientras daba una charla en la universidad Utah Valley, cercana a Salt Lake City.<\/p>\n<ul>\n<li>Pese a las especulaciones previas, Robinson no estudiaba en ese centro educativo.<\/li>\n<li>Fue un miembro de su familia el que avis\u00f3 a las autoridades. El joven fue detenido en la tarde del jueves, tras 36 horas de b\u00fasqueda. <\/li>\n<\/ul>\n<p class=\"\"><b>Asesinato pol\u00edtico. <\/b>Desde el principio, los investigadores pensaron que se trataba de un crimen pol\u00edtico m\u00e1s en la historia de Estados Unidos, un pa\u00eds que ha visto morir asesinados a cuatro presidentes en el ejercicio de sus cargos.<\/p>\n<ul>\n<li>Los investigadores encontraron unas inscripciones (\u201c\u00a1Oye, fascista! \u00a1Atrapado!\u201c) en los cartuchos disparados que confirman esta hip\u00f3tesis.<\/li>\n<li>Seg\u00fan afirm\u00f3 el gobernador de Utah, Robinson \u201cse hab\u00eda vuelto m\u00e1s pol\u00edtico en los \u00faltimos tiempos\u201d y consideraba nociva la figura p\u00fablica de Kirk, al que acusaba de esparcir odio.<\/li>\n<\/ul>\n<p class=\"\">\u00a9Foto: Reuters\/Getty<\/p>\n<p class=\"\"><a href=\"https:\/\/elpais.com\/internacional\/2025-09-12\/trump-anuncia-que-el-sospechoso-del-asesinato-de-su-aliado-charlie-kirk-esta-detenido.html\" target=\"_self\" rel=\"nofollow noopener\" title=\"https:\/\/elpais.com\/internacional\/2025-09-12\/trump-anuncia-que-el-sospechoso-del-asesinato-de-su-aliado-charlie-kirk-esta-detenido.html\">Si quieres saber m\u00e1s, puedes leer aqu\u00ed.<\/a><\/p>\n","protected":false},"excerpt":{"rendered":"Foto: Reuters \/ Getty El FBI detuvo este viernes al sospechoso por el asesinato de Charlie Kirk, el&hellip;\n","protected":false},"author":2,"featured_media":111761,"comment_status":"","ping_status":"","sticky":false,"template":"","format":"standard","meta":{"footnotes":""},"categories":[42],"tags":[889,30101,1154,17,18,37536,352,629,13,14,11,2183,61,62,63,64,19,20,9,2556,10,15,16,30471,17918,12,21,22,65,66,67],"class_list":{"0":"post-111760","1":"post","2":"type-post","3":"status-publish","4":"format-standard","5":"has-post-thumbnail","7":"category-internacional","8":"tag-america","9":"tag-armas-de-fuego","10":"tag-asesinatos","11":"tag-breaking-news","12":"tag-breakingnews","13":"tag-charlie-kirk","14":"tag-donald-trump","15":"tag-estados-unidos","16":"tag-featured-news","17":"tag-featurednews","18":"tag-headlines","19":"tag-influencers","20":"tag-internacional","21":"tag-international","22":"tag-international-news","23":"tag-internationalnews","24":"tag-latest-news","25":"tag-latestnews","26":"tag-news","27":"tag-norteamerica","28":"tag-noticias","29":"tag-noticias-destacadas","30":"tag-noticiasdestacadas","31":"tag-partido-democrata-ee-uu","32":"tag-partido-republicano-ee-uu","33":"tag-titulares","34":"tag-ultimas-noticias","35":"tag-ultimasnoticias","36":"tag-world","37":"tag-world-news","38":"tag-worldnews"},"share_on_mastodon":{"url":"","error":""},"_links":{"self":[{"href":"https:\/\/www.europesays.com\/es\/wp-json\/wp\/v2\/posts\/111760","targetHints":{"allow":["GET"]}}],"collection":[{"href":"https:\/\/www.europesays.com\/es\/wp-json\/wp\/v2\/posts"}],"about":[{"href":"https:\/\/www.europesays.com\/es\/wp-json\/wp\/v2\/types\/post"}],"author":[{"embeddable":true,"href":"https:\/\/www.europesays.com\/es\/wp-json\/wp\/v2\/users\/2"}],"replies":[{"embeddable":true,"href":"https:\/\/www.europesays.com\/es\/wp-json\/wp\/v2\/comments?post=111760"}],"version-history":[{"count":0,"href":"https:\/\/www.europesays.com\/es\/wp-json\/wp\/v2\/posts\/111760\/revisions"}],"wp:featuredmedia":[{"embeddable":true,"href":"https:\/\/www.europesays.com\/es\/wp-json\/wp\/v2\/media\/111761"}],"wp:attachment":[{"href":"https:\/\/www.europesays.com\/es\/wp-json\/wp\/v2\/media?parent=111760"}],"wp:term":[{"taxonomy":"category","embeddable":true,"href":"https:\/\/www.europesays.com\/es\/wp-json\/wp\/v2\/categories?post=111760"},{"taxonomy":"post_tag","embeddable":true,"href":"https:\/\/www.europesays.com\/es\/wp-json\/wp\/v2\/tags?post=111760"}],"curies":[{"name":"wp","href":"https:\/\/api.w.org\/{rel}","templated":true}]}}