{"id":111762,"date":"2025-09-13T06:32:18","date_gmt":"2025-09-13T06:32:18","guid":{"rendered":"https:\/\/www.europesays.com\/es\/111762\/"},"modified":"2025-09-13T06:32:18","modified_gmt":"2025-09-13T06:32:18","slug":"todo-lo-golfo-que-eres","status":"publish","type":"post","link":"https:\/\/www.europesays.com\/es\/111762\/","title":{"rendered":"\u00abTodo lo golfo que eres&#8230;\u00bb"},"content":{"rendered":"<p><img decoding=\"async\" class=\"voc-author__img\" src=\"https:\/\/www.europesays.com\/es\/wp-content\/uploads\/2025\/07\/1753917311_161_autor-7263-foto-1.jpeg\" alt=\"Daniel Dom\u00ednguez\"\/><\/p>\n<p class=\"voc-p\" style=\"\"><strong>El PSOE inicia el curso pol\u00edtico con nueve puntos de ventaja sobre el PP<\/strong> en intenci\u00f3n de voto, <strong>seg\u00fan el Centro de Investigaciones Sociol\u00f3gicas (CIS)<\/strong> de Jos\u00e9 F\u00e9lix Tezanos. Es el resultado que <a href=\"https:\/\/www.abc.es\/espana\/cis-nueve-puntos-ventaja-psoe-sobre-pp-20250911123645-nt.html\" data-voc-vtm-id=\"in-text-traffic\" title=\"desprende el \u00faltimo sondeo\" data-mrf-link=\"www.abc.es\" rel=\"nofollow noopener\" target=\"_blank\">desprende el \u00faltimo sondeo<\/a>, en el que el Partido Socialista gana casi seis puntos, mientras que el Partido Popular pierde m\u00e1s de dos y Vox cerca de uno.<\/p>\n<p class=\"voc-p\" style=\"\">Todo ello pese a un <strong>verano marcado por la crispaci\u00f3n pol\u00edtica<\/strong>, por la gesti\u00f3n de los incendios o la implicaci\u00f3n de Santos Cerd\u00e1n, ex n\u00famero tres del PSOE, en el caso Koldo durante el mes de junio.<\/p>\n<p class=\"voc-p\" style=\"\">De ah\u00ed que <strong>Carlos Herrera<\/strong>, durante su habitual repaso a la actualidad en el programa Herrera en COPE, poco despu\u00e9s de las 7:00 horas en la Cadena COPE, haya puesto <strong>el grito en el cielo<\/strong> ante los resultados de la encuesta del CIS de Tezanos.<\/p>\n<p>\nLa opini\u00f3n de Carlos Herrera sobre Tezanos y la \u00faltima encuesta del CIS\n<\/p>\n<p class=\"voc-p\" style=\"\">Carlos Herrera se ha pronunciado sobre la tensi\u00f3n entre Espa\u00f1a e Israel y las declaraciones de Pedro S\u00e1nchez y del ministro Albares. Tambi\u00e9n ha tenido unas palabras en relaci\u00f3n al naufragio de Yolanda D\u00edaz en su propuesta de reducci\u00f3n de la jornada laboral a 37,5 horas semanales.<\/p>\n<p class=\"voc-p\" style=\"\">Sin embargo, <strong>m\u00e1s vehemente<\/strong> fue el presentador del matinal de la Cadena COPE <strong>al hablar de los resultados del \u00faltimo sondeo del CIS<\/strong>, dirigido por Jos\u00e9 F\u00e9lix <strong>Tezanos<\/strong>.<\/p>\n<p class=\"voc-p\" style=\"\">\u00abEl d\u00eda de ayer ten\u00eda cosas entretenidas. Por ejemplo, <strong>la \u00faltima golfada de Tezanos<\/strong> al frente del CIS es publicar un sondeo electoral, un sondeo de voto en el que le da a Pedro S\u00e1nchez nada menos que nueve puntos de ventaja sobre el PP\u00ab, expuso Carlos Herrera antes de seguir opinando.<\/p>\n<p class=\"voc-title\">\u00abTodo lo servil y golfo que eres ponlo en pr\u00e1ctica de verdad, a lo m\u00e1ximo\u00bb<\/p>\n<p class=\"voc-p\" style=\"\">\u00ab<strong>Yo no s\u00e9 por qu\u00e9 no le da directamente el 90% del voto<\/strong>. Pero Tezanos, \u00bfpor qu\u00e9 te cortas? Todo lo servil y golfo que eres ponlo en pr\u00e1ctica de verdad, a lo m\u00e1ximo\u00ab, coment\u00f3 Herrera.<\/p>\n<p class=\"voc-p\" style=\"\">Porque Herrera considera que no existe ninguna l\u00f3gica en el resultado de este sondeo. \u00abSi sacase de verdad S\u00e1nchez nueve puntos al Partido Popular, <strong>anda que no iba a convocar elecciones ahora mismo<\/strong>, pero, bueno, en fin, es otra de las inmensas tonter\u00edas que ocurren y con las que hay que torear todos los d\u00edas\u00bb.<\/p>\n<p>Reportar un error<\/p>\n","protected":false},"excerpt":{"rendered":"El PSOE inicia el curso pol\u00edtico con nueve puntos de ventaja sobre el PP en intenci\u00f3n de voto,&hellip;\n","protected":false},"author":2,"featured_media":111763,"comment_status":"","ping_status":"","sticky":false,"template":"","format":"standard","meta":{"footnotes":""},"categories":[8],"tags":[17,18,415,18592,38041,6727,4374,25,24,13,14,11,2140,19,20,9,10,15,16,20972,7411,199,23,38040,12,21,22,1261],"class_list":{"0":"post-111762","1":"post","2":"type-post","3":"status-publish","4":"format-standard","5":"has-post-thumbnail","7":"category-espana","8":"tag-breaking-news","9":"tag-breakingnews","10":"tag-carlos","11":"tag-cis","12":"tag-cortas","13":"tag-dice","14":"tag-elecciones","15":"tag-es","16":"tag-espana","17":"tag-featured-news","18":"tag-featurednews","19":"tag-headlines","20":"tag-herrera","21":"tag-latest-news","22":"tag-latestnews","23":"tag-news","24":"tag-noticias","25":"tag-noticias-destacadas","26":"tag-noticiasdestacadas","27":"tag-piensan","28":"tag-proximas","29":"tag-sanchez","30":"tag-spain","31":"tag-tezanos","32":"tag-titulares","33":"tag-ultimas-noticias","34":"tag-ultimasnoticias","35":"tag-victoria"},"share_on_mastodon":{"url":"","error":""},"_links":{"self":[{"href":"https:\/\/www.europesays.com\/es\/wp-json\/wp\/v2\/posts\/111762","targetHints":{"allow":["GET"]}}],"collection":[{"href":"https:\/\/www.europesays.com\/es\/wp-json\/wp\/v2\/posts"}],"about":[{"href":"https:\/\/www.europesays.com\/es\/wp-json\/wp\/v2\/types\/post"}],"author":[{"embeddable":true,"href":"https:\/\/www.europesays.com\/es\/wp-json\/wp\/v2\/users\/2"}],"replies":[{"embeddable":true,"href":"https:\/\/www.europesays.com\/es\/wp-json\/wp\/v2\/comments?post=111762"}],"version-history":[{"count":0,"href":"https:\/\/www.europesays.com\/es\/wp-json\/wp\/v2\/posts\/111762\/revisions"}],"wp:featuredmedia":[{"embeddable":true,"href":"https:\/\/www.europesays.com\/es\/wp-json\/wp\/v2\/media\/111763"}],"wp:attachment":[{"href":"https:\/\/www.europesays.com\/es\/wp-json\/wp\/v2\/media?parent=111762"}],"wp:term":[{"taxonomy":"category","embeddable":true,"href":"https:\/\/www.europesays.com\/es\/wp-json\/wp\/v2\/categories?post=111762"},{"taxonomy":"post_tag","embeddable":true,"href":"https:\/\/www.europesays.com\/es\/wp-json\/wp\/v2\/tags?post=111762"}],"curies":[{"name":"wp","href":"https:\/\/api.w.org\/{rel}","templated":true}]}}