{"id":111766,"date":"2025-09-13T06:35:11","date_gmt":"2025-09-13T06:35:11","guid":{"rendered":"https:\/\/www.europesays.com\/es\/111766\/"},"modified":"2025-09-13T06:35:11","modified_gmt":"2025-09-13T06:35:11","slug":"atras-quedan-anos-muy-duros","status":"publish","type":"post","link":"https:\/\/www.europesays.com\/es\/111766\/","title":{"rendered":"Atr\u00e1s quedan a\u00f1os muy duros"},"content":{"rendered":"<p class=\"paragraph-atom &#10;        A-500-300-700-N A-550-300-700-N--md  \">A\u00f1os duros y de mucho sacrificio. La trayectoria del torero salmantino <strong>Dami\u00e1n Casta\u00f1o<\/strong>, que por cierto, naci\u00f3 en Le\u00f3n, ha sido una carrera a la sombra, en la que le ha tocado vivir la parte m\u00e1s dura de esta profesi\u00f3n. En Salamanca, su tierra, <strong>ha toreado \u00fanicamente una vez desde que tomara la alternativa<\/strong>, que fue en el a\u00f1o 2019, anunciado con la corrida de Adelaida Rodr\u00edguez. De manera, que este 13 de septiembre el peque\u00f1o de los hermanos Casta\u00f1o se enfrenta a <strong>su segunda tarde en la plaza<\/strong> <strong>en la que lleva entrenando desde los siete a\u00f1os<\/strong> y que hasta ahora ha optado por darle la espalda. <\/p>\n<p class=\"paragraph-atom &#10;        A-500-300-700-N A-550-300-700-N--md  \">El torero reconoce encontrarse en el \u00abmejor momento\u00bb de su carrera y espera que esta tarde los toros de Vellosino le permitan mostrar \u00abotra versi\u00f3n de m\u00ed a la que se est\u00e1 acostumbrado\u00bb. En esta <strong>temporada de 2025<\/strong> viene de pisar importantes plazas como <strong>Madrid, Pamplona, Bilbao o Santander,<\/strong> adem\u00e1s de esa gesta hist\u00f3rica en <strong>San Agust\u00edn de Guadalix<\/strong>, en la que se encerr\u00f3 en solitario con seis toros de Dolores Aguirre, siendo el primer matador de toros que lo hace.<\/p>\n<p class=\"paragraph-atom &#10;        A-500-300-700-N A-550-300-700-N--md  \">Antes de volver a vestirse de luces para pisar La Glorieta, esa plaza en la que empez\u00f3 a entrenar a los siete a\u00f1os, habla de la dureza de esta profesi\u00f3n, de las puertas que se le han cerrado, del momento que atraviesa, expresando su gratitud a las denominadas \u00abcorridas duras\u00bb o \u00abcorridas toristas\u00bb y con la esperanza de poder medirse alg\u00fan d\u00eda con las m\u00e1ximas figuras del toreo.<\/p>\n<p class=\"paragraph-atom  question&#10;        B-550-300-700-N  \"><strong class=\"mr-3\">Pregunta.<\/strong><strong>Dami\u00e1n, ha cumplido recientemente los 13 a\u00f1os de alternativa, \u00bfcu\u00e1l es el repaso de su vida como torero desde que debutara con picadores all\u00e1 por el a\u00f1o 2009?<\/strong><\/p>\n<p class=\"paragraph-atom  answer&#10;        B-550-300-700-N  \"><strong class=\"mr-3\">Respuesta.<\/strong>Atr\u00e1s quedan a\u00f1os muy duros, de torear muy poquito y pr\u00e1cticamente mis corridas se resum\u00edan en la provincia de Salamanca y en contadas ocasiones. Ha sido una carrera muy dura, de muchas trabas, pero lo bonito es que todo tiene su recompensa y este a\u00f1o en especial toreando en muchas ferias importantes ves recompensado toda una carrera de mucho sacrificio.<\/p>\n<p class=\"paragraph-atom  question&#10;        B-550-300-700-N  \"><strong class=\"mr-3\">P.<\/strong><strong>Le ha tocado duro. Duro por todo en general, primero porque no le ha sido f\u00e1cil entrar en las ferias de mayor importancia y segundo porque a lo largo de su trayectoria los toros que le han puesto en frente tampoco han sido ganader\u00edas f\u00e1ciles&#8230;<\/strong><\/p>\n<p class=\"paragraph-atom  answer&#10;        B-550-300-700-N  \"><strong class=\"mr-3\">R.<\/strong>Es as\u00ed, pero la verdad es que le estoy muy agradecido a las corridas duras porque gracias a ellas puedo torear en ferias como Madrid, Bilbao, Pamplona, Santander, ahora Salamanca; muchas ferias y gracias a esas corridas, por eso le estoy tan agradecido.<\/p>\n<blockquote class=\"blockquote-atom \">\n<p>                Disfruto mucho porque sabes lo que cuesta entrar en estas ferias, aunque no como quieres porque las corridas son muy duras y se pasa mucho miedo<\/p>\n<\/blockquote>\n<p class=\"paragraph-atom  question&#10;        B-550-300-700-N  \"><strong class=\"mr-3\">P.<\/strong><strong>Quiz\u00e1s estos \u00faltimos a\u00f1os es cuando m\u00e1s escaparate se le ha dado pisando ferias, como bien dice, en Bilbao, Madrid, Pamplona, Santander, ahora Salamanca\u2026 y alguna m\u00e1s, \u00bfc\u00f3mo est\u00e1 sintiendo el estar anunciado, por fin, en esas grandes ferias?<\/strong><\/p>\n<p class=\"paragraph-atom  answer&#10;        B-550-300-700-N  \"><strong class=\"mr-3\">R.<\/strong>Est\u00e1 siendo una temporada un poco de todo, de sangre, sudor, l\u00e1grimas, sonrisas y tristeza. Me est\u00e1n pegando los toros, llevo dos cornadas en lo que va de temporada y ha habido tardes muy bonitas como la de Bilbao, Santander y San Agust\u00edn por destacar tres de las m\u00e1s importantes, esa encerrona con seis toros. Tambi\u00e9n est\u00e1 siendo un a\u00f1o bonito, porque toda la vida he so\u00f1ado con torear en ferias as\u00ed y ahora que estoy lo disfruto mucho porque sabes lo que cuesta entrar en estas ferias, entonces lo saboreas todo mucho y aunque no disfrutas como quieres, porque las corridas son muy duras y se pasa mucho miedo, disfrutando mucho de estar ah\u00ed.  <\/p>\n<p>                                                            <img decoding=\"async\" loading=\"lazy\" src=\"https:\/\/www.europesays.com\/es\/wp-content\/uploads\/2025\/09\/cdc07c3d-2ce9-45c2-8d88-616de09349a2_16-9-aspect-ratio_1600w_0.jpg\" alt=\"Una tarde de entrenamiento con Dami\u00e1n Casta\u00f1o previo a la feria de Salamanca\" title=\"Una tarde de entrenamiento con Dami\u00e1n Casta\u00f1o previo a la feria de Salamanca\" height=\"900\" width=\"1600\"\/><\/p>\n<p>                Una tarde de entrenamiento con Dami\u00e1n Casta\u00f1o previo a la feria de Salamanca<\/p>\n<p>                    |<\/p>\n<p>                Andrea Mateos<\/p>\n<p class=\"paragraph-atom  question&#10;        B-550-300-700-N  \"><strong class=\"mr-3\">P.<\/strong><strong>Hablando de las cornadas, es cierto que la \u00faltima de Mont de Marsan le ha dado guerra, \u00bfc\u00f3mo llega f\u00edsica, pero sobre todo mentalmente a Salamanca?<\/strong><\/p>\n<p class=\"paragraph-atom  answer&#10;        B-550-300-700-N  \"><strong class=\"mr-3\">R.<\/strong>De las cornadas que he tenido esta es la que m\u00e1s guerra me est\u00e1 dando en mi carrera, porque al ser en el gemelo todav\u00eda no termino de estar bien del todo, pero bastante mejor. La verdad es que tengo que darle las gracias a Beatriz Montejo que me ha atendido muy bien, me volvi\u00f3 a operar porque se me abri\u00f3 otra vez la herida y desde aqu\u00ed darle las gracias a ella que me est\u00e1 echando un cable muy grande.<\/p>\n<blockquote class=\"blockquote-atom \">\n<p>                Con Dolores Aguirre me une un idilio muy grande y he tenido triunfos muy importantes<\/p>\n<\/blockquote>\n<p class=\"paragraph-atom  question&#10;        B-550-300-700-N  \"><strong class=\"mr-3\">P.<\/strong><strong>Si te hablo de San Agust\u00edn de Guadalix, hiciste una gran gesta este a\u00f1o con la encerrona de los seis de Dolores Aguirre, el primer diestro que lo hace con este hierro, \u00bfpor qu\u00e9 esa plaza, por qu\u00e9 esa feria y por qu\u00e9 esos toros, cu\u00e1l era la necesidad, qu\u00e9 sentiste como torero para hacer esta encerrona?<\/strong><\/p>\n<p class=\"paragraph-atom  answer&#10;        B-550-300-700-N  \"><strong class=\"mr-3\">R.<\/strong>La verdad que era el momento de hacerlo. Con Dolores Aguirre porque, como todo el mundo sabe, me une un idilio muy grande, ya son un mont\u00f3n de corridas de toros que he matado y he tenido triunfos muy importantes con la ganader\u00eda, por decirte los cuatro a\u00f1os en Bilbao consecutivos y era la ganader\u00eda. Ten\u00eda que hacerlo con esa ganader\u00eda, porque as\u00ed lo sent\u00eda y era el momento clave en el mejor momento de mi carrera. Y hacerlo en San Agust\u00edn es porque se congregan un mont\u00f3n de aficionados toristas de todas las partes de Espa\u00f1a y Francia y era el lugar id\u00f3neo para hacerlo, se han portado muy bien conmigo porque han confiado en los cuatro a\u00f1os que hay feria y creo que era el momento propicio para ello y as\u00ed fue.<\/p>\n<p class=\"paragraph-atom  question&#10;        B-550-300-700-N  \"><strong class=\"mr-3\">P.<\/strong><strong>Aunque se encuentra en uno de los mejores momentos de su trayectoria, \u00bfc\u00f3mo se vi\u00f3 mentalmente el d\u00eda de esta encerrona porque no son animales f\u00e1ciles, le est\u00e1n sirviendo para el resto de la temporada?<\/strong><\/p>\n<p class=\"paragraph-atom  answer&#10;        B-550-300-700-N  \"><strong class=\"mr-3\">R.<\/strong>Quitando la espada que no mat\u00e9 ninguno de los seis bien, fue una ma\u00f1ana importante y adem\u00e1s me encontr\u00e9 bien f\u00edsicamente y mental, que era algo que ten\u00eda miedo porque son seis toros que te requieren much\u00edsimo esfuerzo, m\u00e1s de esta ganader\u00eda, y hubo momentos muy buenos, lo que pasa que fue empa\u00f1ado todo por la espada, pero s\u00ed que quitando la espada s\u00ed que sal\u00ed contento. <\/p>\n<p>                                                            <img decoding=\"async\" loading=\"lazy\" src=\"https:\/\/www.europesays.com\/es\/wp-content\/uploads\/2025\/09\/c20c736c-c70e-436b-adea-c891bc6689f0_16-9-aspect-ratio_1600w_1000160.jpg\" alt=\"Dami\u00e1n Casta\u00f1o durante su encerrona en San Agust\u00edn de Guadalix con Dolores Aguirre\" title=\"Dami\u00e1n Casta\u00f1o durante su encerrona en San Agust\u00edn de Guadalix con Dolores Aguirre\" height=\"1452\" width=\"2582\"\/><\/p>\n<p>                Dami\u00e1n Casta\u00f1o durante su encerrona en San Agust\u00edn de Guadalix con Dolores Aguirre<\/p>\n<p>                    |<\/p>\n<p>                Imagen cedida por el diestro Dami\u00e1n Casta\u00f1o para esta entrevista en Salamanca24horas<\/p>\n<p class=\"paragraph-atom  question&#10;        B-550-300-700-N  \"><strong class=\"mr-3\">P.<\/strong>Entiendo que <strong>esta temporada tambi\u00e9n est\u00e1 siendo m\u00e1s especial porque a parte de que se le est\u00e1 dando m\u00e1s voz, se despide de los ruedos su hermano Javier. Son dos hermanos, ambos toreros, que siempre han estado muy unidos. Pudo estar en la despedida de Guijuelo, \u00bfc\u00f3mo lo est\u00e1 viviendo, c\u00f3mo le est\u00e1 afectando su retirada personalmente, pero como torero sobre todo?<\/strong><\/p>\n<p class=\"paragraph-atom  answer&#10;        B-550-300-700-N  \"><strong class=\"mr-3\">R.<\/strong>Pues mira muy emotivo la verdad, s\u00faper emocionante. Hemos compartido dos tardes juntos sobre todo la de Guijuelo fue muy emocionante, hubo varios brindis que nos emocionaron a toda la familia y con un poco de pena porque desde los seis o siete a\u00f1os que yo ten\u00eda llevo entrenando con \u00e9l y ver que ya se va de la profesi\u00f3n, me da mucha pena, pero estoy muy orgulloso de haber vivido toda su carrera y muy orgulloso de lo que ha conseguido como torero, que han sido much\u00edsimas cosas. El d\u00eda 5 de octubre en Zaragoza estaremos toda la familia apoy\u00e1ndole como se lo ha merecido siempre.<\/p>\n<p>                                                            <img decoding=\"async\" loading=\"lazy\" src=\"https:\/\/www.europesays.com\/es\/wp-content\/uploads\/2025\/09\/22475a32-367b-4dfa-8b40-0e5f67f534c0_16-9-aspect-ratio_1600w_0.jpg\" alt=\"Abrazo entre Javier Casta\u00f1o y su hermano Dami\u00e1n Casta\u00f1o en la despedida de Guijuelo\" title=\"Abrazo entre Javier Casta\u00f1o y su hermano Dami\u00e1n Casta\u00f1o en la despedida de Guijuelo\" height=\"900\" width=\"1600\"\/><\/p>\n<p>                Abrazo entre Javier Casta\u00f1o y su hermano Dami\u00e1n Casta\u00f1o en la despedida de Guijuelo<\/p>\n<p>                    |<\/p>\n<p>                Juanes<\/p>\n<p class=\"paragraph-atom  question&#10;        B-550-300-700-N  \"><strong class=\"mr-3\">P.<\/strong><strong>Javier ha sido un pilar muy importante en su carrera, \u00bfle hubiera gustado despedirse con \u00e9l aqu\u00ed en La Glorieta, en su tierra?<\/strong><\/p>\n<p class=\"paragraph-atom  answer&#10;        B-550-300-700-N  \"><strong class=\"mr-3\">R.<\/strong>S\u00ed, claro que me hubiera gustado, era un sue\u00f1o, pero bueno no ha podido ser, pero s\u00ed, me hubiera encantado.<\/p>\n<blockquote class=\"blockquote-atom \">\n<p>                Pisar todos los d\u00edas esa plaza en ch\u00e1ndal y ahora pasear por la ciudad y verme en los carteles de la feria es una ilusi\u00f3n tremenda<\/p>\n<\/blockquote>\n<p class=\"paragraph-atom  question&#10;        B-550-300-700-N  \"><strong class=\"mr-3\">P.<\/strong><strong>En su caso, este a\u00f1o est\u00e1 acartelado despu\u00e9s de actuar por \u00faltima vez en 2019 en Salamanca. Imagino que estos a\u00f1os en el dique seco y sin que Salamanca le haya dado la oportunidad, duele\u2026<\/strong><\/p>\n<p class=\"paragraph-atom  answer&#10;        B-550-300-700-N  \"><strong class=\"mr-3\">R.<\/strong>S\u00ed, en 13 a\u00f1os de alternativa he toreado nada m\u00e1s una vez la corrida de Adelaida. Imag\u00ednate, pisar la plaza que ahora no entrenamos all\u00ed, pero llevo entrenando all\u00ed desde que ten\u00eda siete u ocho a\u00f1os, entonces pisar todos los d\u00edas esa plaza en ch\u00e1ndal y ahora pasear por la ciudad y verme en los carteles de la feria es una ilusi\u00f3n tremenda. Es de las ilusiones de mi vida, en el mejor momento de mi vida y de mi carrera poder estar ah\u00ed, es una de las ilusiones m\u00e1s grandes que tengo.<\/p>\n<p class=\"paragraph-atom  question&#10;        B-550-300-700-N  \"><strong class=\"mr-3\">P.<\/strong><strong>\u00bfC\u00f3mo visualiza ese 13 de septiembre? Un cartel en el que est\u00e1 tambi\u00e9n anunciado otro salmantino, Ismael Mart\u00edn, uno de los que viene pisando fuerte y que gana mucho al p\u00fablico en banderillas y San Rom\u00e1n conocido por un valor de los que te ponen el vello de punta\u2026<\/strong><\/p>\n<p class=\"paragraph-atom  answer&#10;        B-550-300-700-N  \"><strong class=\"mr-3\">R.<\/strong>Va a ser una tarde de m\u00e1xima competitividad, adem\u00e1s son dos toreros que tengo admiraci\u00f3n por ellos porque los dos se arriman mucho y va a ser una tarde sobre todo bonita, porque verme anunciado en mi tierra para m\u00ed es muy bonito. La visualizo porque sobre todo pase lo que pase quiero, disfrutar mucho de estar anunciado en Salamanca, del d\u00eda, hay mucha presi\u00f3n, pero la intenci\u00f3n es intentar dejar la presi\u00f3n a un lado y poder disfrutar, que creo que cuando disfruto yo se supone que disfruta la gente. Y tambi\u00e9n me siento un privilegiado de poder estar ah\u00ed porque s\u00e9 que a muchos compa\u00f1eros les gustar\u00eda estar.<\/p>\n<blockquote class=\"blockquote-atom \">\n<p>                En mi circuito, las figuras no est\u00e1n, entonces es otro sue\u00f1o por cumplir, aunque sea alg\u00fan d\u00eda espor\u00e1dico s\u00ed me gustar\u00eda torear con ellos<\/p>\n<\/blockquote>\n<p class=\"paragraph-atom  question&#10;        B-550-300-700-N  \"><strong class=\"mr-3\">P.<\/strong><strong>Justamente Ismael Mart\u00edn el a\u00f1o pasado me dec\u00eda que son las figuras las que tienen que apoyar a los j\u00f3venes toreros. No s\u00e9 si Dami\u00e1n, con el poso que dan los a\u00f1os de alternativa est\u00e1 de acuerdo con esto y si ha sentido ese arropo en alg\u00fan momento de su trayectoria\u2026<\/strong><\/p>\n<p class=\"paragraph-atom  answer&#10;        B-550-300-700-N  \"><strong class=\"mr-3\">R.<\/strong>En 13 a\u00f1os he toreado muy poco con las figuras, casi nada. En mi circuito, las figuras no est\u00e1n y te puedo decir que cuento con los dedos de una mano, y me sobran dedos, las veces que he toreado con las figuras del toreo, entonces es otro sue\u00f1o por cumplir. Aunque sea alg\u00fan d\u00eda espor\u00e1dico s\u00ed me gustar\u00eda torear con ellos l\u00f3gicamente, a qui\u00e9n no, el que diga que no miente, pero durante mi carrera no he tenido la suerte de torear con ellos.<\/p>\n<p class=\"paragraph-atom  question&#10;        B-550-300-700-N  \"><strong class=\"mr-3\">P.<\/strong><strong>Los toros que os acompa\u00f1an son de Vellosino, un encaste diferente de lo que acostumbra a torear, \u00bfpuede influir esto de alguna manera a su toreo?, porque cuando uno est\u00e1 acostumbrado a torear un tipo de encaste, duros, sobre todo, se desarrollan unas determinadas cualidades que luego no sirven para otros animales&#8230;<\/strong><\/p>\n<p class=\"paragraph-atom  answer&#10;        B-550-300-700-N  \"><strong class=\"mr-3\">R.<\/strong>Es una ganader\u00eda que l\u00f3gicamente no estoy acostumbrado a ella, s\u00ed he toreado una corrida de toros en Guijuelo hace muchos a\u00f1os ya, 10 o 11 a\u00f1os, y es una ganader\u00eda muy buena que la matan las figuras, eso quiere decir que est\u00e1 en un gran momento. S\u00ed que alguna vez voy al campo, este a\u00f1o he estado all\u00ed y es una ganader\u00eda que me encanta, entonces tambi\u00e9n me gustar\u00eda que se viera otra versi\u00f3n de m\u00ed a la que se est\u00e1 acostumbrado, que l\u00f3gicamente por las corridas que mato uno no puede torear como como intenta torear de sal\u00f3n, y esta ganader\u00eda yo creo que me lo que me lo puede permitir y espero estar a la altura.<\/p>\n<p>                                                            <img decoding=\"async\" loading=\"lazy\" src=\"https:\/\/www.europesays.com\/es\/wp-content\/uploads\/2025\/09\/6fa926d1-887c-4030-926d-7ba87af7159f_16-9-aspect-ratio_1600w_0.jpg\" alt=\"Una tarde de entrenamiento con Dami\u00e1n Casta\u00f1o previo a la feria de Salamanca\" title=\"Una tarde de entrenamiento con Dami\u00e1n Casta\u00f1o previo a la feria de Salamanca\" height=\"900\" width=\"1600\"\/><\/p>\n<p>                Una tarde de entrenamiento con Dami\u00e1n Casta\u00f1o previo a la feria de Salamanca<\/p>\n<p>                    |<\/p>\n<p>                Andrea Mateos<\/p>\n<p class=\"paragraph-atom  question&#10;        B-550-300-700-N  \"><strong class=\"mr-3\">P.<\/strong><strong>\u00bfCu\u00e1l es la faena m\u00e1s rotunda de esta temporada?<\/strong><\/p>\n<p class=\"paragraph-atom  answer&#10;        B-550-300-700-N  \"><strong class=\"mr-3\">R.<\/strong>Ha habido varias la verdad, me quedar\u00eda a lo mejor con la \u00faltima tarde de Bilbao del otro d\u00eda que ha sido importante, fue un toro bueno de Dolores, sobre todo el primero. El primer toro tambi\u00e9n de San Agust\u00edn de Guadalix que tambi\u00e9n lo tore\u00e9 bien, y tambi\u00e9n la primera tarde de Madrid con la corrida de Adolfo, el primer toro que lo pude torear muy a gusto con la mano izquierda. <\/p>\n<p class=\"paragraph-atom  question&#10;        B-550-300-700-N  \"><strong class=\"mr-3\">P.<\/strong><strong>\u00bfQu\u00e9 queda despu\u00e9s de la feria de Salamanca?<\/strong><\/p>\n<p class=\"paragraph-atom  answer&#10;        B-550-300-700-N  \"><strong class=\"mr-3\">R.<\/strong>Al d\u00eda siguiente, el 14 de septiembre, toreo en Madrid, es un compromiso muy importante, pero luego quedan Riaza y Burgohondo que hace que centre la mirada tambi\u00e9n en pr\u00f3ximos compromisos y no est\u00e9 pendiente todo el d\u00eda de Salamanca o Madrid solamente.<\/p>\n<p class=\"paragraph-atom  question&#10;        B-550-300-700-N  \"><strong class=\"mr-3\">P.<\/strong><strong>Dami\u00e1n, si se produjera alguna sustituci\u00f3n a lo largo de la feria, que esperemos que no, porque tambi\u00e9n es una parte amarga para los toreros porque l\u00f3gicamente son compa\u00f1eros, pero si se da la ocasi\u00f3n, \u00bfle gustar\u00eda hacer doblete, que el puesto que quede libre sea tuyo?<\/strong><\/p>\n<p class=\"paragraph-atom  answer&#10;        B-550-300-700-N  \"><strong class=\"mr-3\">R.<\/strong>Bueno, hay compa\u00f1eros que se merecen estar tambi\u00e9n much\u00edsimo y ojal\u00e1 que no pase nada, pero me gustar\u00eda tambi\u00e9n que mi hermano pudiera entrar y much\u00edsimos compa\u00f1eros; pero ojal\u00e1 no le pase nada a ninguno y no haya sustituciones.<\/p>\n<p>\n        Relacionado\n    <\/p>\n","protected":false},"excerpt":{"rendered":"A\u00f1os duros y de mucho sacrificio. La trayectoria del torero salmantino Dami\u00e1n Casta\u00f1o, que por cierto, naci\u00f3 en&hellip;\n","protected":false},"author":2,"featured_media":111767,"comment_status":"","ping_status":"","sticky":false,"template":"","format":"standard","meta":{"footnotes":""},"categories":[277],"tags":[1399,373,8991,8990,168,3141,25,24,37563,3614,3745,23,167,11054,374],"class_list":{"0":"post-111766","1":"post","2":"type-post","3":"status-publish","4":"format-standard","5":"has-post-thumbnail","7":"category-toreo","8":"tag-afronta","9":"tag-bullfighting","10":"tag-castano","11":"tag-damian","12":"tag-deportes","13":"tag-entrevista","14":"tag-es","15":"tag-espana","16":"tag-feria-taurina-2025","17":"tag-salamanca","18":"tag-segunda","19":"tag-spain","20":"tag-sports","21":"tag-tarde","22":"tag-toreo"},"share_on_mastodon":{"url":"","error":""},"_links":{"self":[{"href":"https:\/\/www.europesays.com\/es\/wp-json\/wp\/v2\/posts\/111766","targetHints":{"allow":["GET"]}}],"collection":[{"href":"https:\/\/www.europesays.com\/es\/wp-json\/wp\/v2\/posts"}],"about":[{"href":"https:\/\/www.europesays.com\/es\/wp-json\/wp\/v2\/types\/post"}],"author":[{"embeddable":true,"href":"https:\/\/www.europesays.com\/es\/wp-json\/wp\/v2\/users\/2"}],"replies":[{"embeddable":true,"href":"https:\/\/www.europesays.com\/es\/wp-json\/wp\/v2\/comments?post=111766"}],"version-history":[{"count":0,"href":"https:\/\/www.europesays.com\/es\/wp-json\/wp\/v2\/posts\/111766\/revisions"}],"wp:featuredmedia":[{"embeddable":true,"href":"https:\/\/www.europesays.com\/es\/wp-json\/wp\/v2\/media\/111767"}],"wp:attachment":[{"href":"https:\/\/www.europesays.com\/es\/wp-json\/wp\/v2\/media?parent=111766"}],"wp:term":[{"taxonomy":"category","embeddable":true,"href":"https:\/\/www.europesays.com\/es\/wp-json\/wp\/v2\/categories?post=111766"},{"taxonomy":"post_tag","embeddable":true,"href":"https:\/\/www.europesays.com\/es\/wp-json\/wp\/v2\/tags?post=111766"}],"curies":[{"name":"wp","href":"https:\/\/api.w.org\/{rel}","templated":true}]}}