{"id":11177,"date":"2025-07-29T07:51:14","date_gmt":"2025-07-29T07:51:14","guid":{"rendered":"https:\/\/www.europesays.com\/es\/11177\/"},"modified":"2025-07-29T07:51:14","modified_gmt":"2025-07-29T07:51:14","slug":"asi-descansa-mbappe-en-el-caribe","status":"publish","type":"post","link":"https:\/\/www.europesays.com\/es\/11177\/","title":{"rendered":"as\u00ed descansa Mbapp\u00e9 en el Caribe"},"content":{"rendered":"<p id=\"ejdY3GW4qV\" data-wc=\"63\">Kylian Mbapp\u00e9, quien<strong>\u00a0fich\u00f3 hace un a\u00f1o por el Real Madrid<\/strong> en una de las transferencias m\u00e1s esperadas del f\u00fatbol europeo, <strong>eligi\u00f3 Casa de Campo, en La Romana,<\/strong> como uno de sus destinos para relajarse antes del arranque de la temporada. Se trata de<strong>\u00a0uno de los complejos tur\u00edsticos m\u00e1s lujosos de la regi\u00f3n<\/strong>, frecuentado por celebridades, empresarios y figuras del deporte internacional.<\/p>\n<p> <img src=\"https:\/\/www.europesays.com\/es\/wp-content\/uploads\/2025\/07\/fee06d70ad43-acho-pr-e-otra-cosa-1.jpg\"   width=\"1022\" height=\"1024\" loading=\"lazy\" decoding=\"async\" alt=\"Vacaciones de Mbapp\u00e9\" fetchpriority=\"auto\" class=\"image ho-image\"\/>\u00a9 k.mbappe<br \/>\nDesconexi\u00f3n en Rep\u00fablica Dominicana<\/p>\n<p id=\"e7ZnY6YgCCH\" data-wc=\"81\">Durante su estad\u00eda, el delantero fue fotografiado en varios lugares populares en la zona, uno de ellos fue<strong>\u00a0un restaurante ubicado en Altos de Chav\u00f3n<\/strong>. En im\u00e1genes, compartidas por el periodista deportivo William Aish a trav\u00e9s de sus redes sociales, Mbapp\u00e9 aparece sonriente, relajado y en compa\u00f1\u00eda de otras personas. Aish tambi\u00e9n inform\u00f3 de la presencia de <strong data-end=\"1439\" data-start=\"1421\">Mamadou Ndiaye<\/strong>, exjugador de la NBA, que se encuentra vacacionando en el mismo lugar, lo que evidencia <strong>el atractivo internacional de este enclave dominicano.<\/strong><\/p>\n<p> <img src=\"https:\/\/www.europesays.com\/es\/wp-content\/uploads\/2025\/07\/ace3bf07939b-good-fren-betta-dan-packet-money-a-good-friends-is-better-than-money-in-the-po.jpg\"   width=\"1024\" height=\"768\" loading=\"lazy\" decoding=\"async\" alt=\"El jugador Mamadou Ndiaye\" fetchpriority=\"auto\" class=\"image ho-image\"\/>\u00a9 mamadou_ndiaye34El jugador de la NBA Mamadou Ndiaye en Rep\u00fablica Dominicana<\/p>\n<p id=\"e-9DfCB7Mg9\" data-wc=\"104\">La presencia del campe\u00f3n del mundo en la isla ha generado una oleada de comentarios en redes sociales, donde tambi\u00e9n han circulado<strong>\u00a0im\u00e1genes del jugador en otros locales de la zona.\u00a0<\/strong>El restaurante <strong data-end=\"1799\" data-start=\"1790\">Voal\u00e1<\/strong>, tambi\u00e9n ubicado en Altos de Chav\u00f3n, public\u00f3 dos fotos del futbolista junto a una descripci\u00f3n muy particular: \u201cMbapp\u00e9 en Voal\u00e1. Pregunt\u00f3 por el mejor lugar en Casa de Campo para tomar un batido y lo encontr\u00f3. \u00bfSu elecci\u00f3n? Batido de mango con yogur. Una elecci\u00f3n de oro, al igual que su juego de pies\u201d. La publicaci\u00f3n r\u00e1pidamente se viraliz\u00f3, destacando <strong>el carisma y sencillez del jugador fuera de su profesi\u00f3n.<\/strong><\/p>\n<p> <img src=\"https:\/\/www.europesays.com\/es\/wp-content\/uploads\/2025\/07\/50df2e5bd00b-mbapp-at-voal-he-asked-for-the-best-spot-in-casa-de-campo-to-grab-a-smoothie.jpg\"   width=\"1024\" height=\"954\" loading=\"lazy\" decoding=\"async\" alt=\"Vacaciones de Mbapp\u00e9 en Rep\u00fablica Dominicana\" fetchpriority=\"auto\" class=\"image ho-image\"\/>\u00a9 voalacafe<\/p>\n<p id=\"ezuMSkyeoU0\" data-wc=\"75\">A pesar de sus vacaciones, el futbolista demostr\u00f3 <strong>su compromiso con sus compa\u00f1eros del Real Madrid<\/strong> al interrumpir su descanso para asistir al<strong>\u00a0acto de despedida de Lucas V\u00e1zquez<\/strong>, celebrado en la Ciudad Deportiva del club el pasado 16 de julio. Acompa\u00f1ado por Andriy Lunin, el delantero quiso rendir homenaje a uno de los capitanes hist\u00f3ricos del vestuario blanco, en <strong>un gesto que refuerza su integraci\u00f3n en el club<\/strong> y su respeto por sus leyendas.<\/p>\n<p> <img src=\"https:\/\/www.europesays.com\/es\/wp-content\/uploads\/2025\/07\/fd39f2d840c8-mi-amigo-fue-un-placer-compartir-el-vestuario-contigo-este-temporada-siempre-h.jpg\"   width=\"1024\" height=\"1024\" loading=\"lazy\" decoding=\"async\" alt=\"Mbapp\u00e9 y Lucas V\u00e1zquez\" fetchpriority=\"auto\" class=\"image ho-image\"\/>\u00a9 k.mbappe<br \/>\nUnos d\u00edas en Puerto Rico<\/p>\n<p id=\"eVBbtUPqLtR\" data-wc=\"99\">Pero la escapada caribe\u00f1a de Mbapp\u00e9 no se limit\u00f3 a la Rep\u00fablica Dominicana. D\u00edas antes, el delantero franc\u00e9s comparti\u00f3 varias instant\u00e1neas desde <strong data-end=\"3159\" data-start=\"3144\">Puerto Rico<\/strong>, donde fue visto en uno de los eventos musicales m\u00e1s destacados del a\u00f1o: el concierto de <strong data-end=\"3262\" data-start=\"3249\">Bad Bunny<\/strong> en el Coliseo de Puerto Rico, conocido como el \u201cCholiseo\u201d. El deportista asisti\u00f3 al espect\u00e1culo junto a su gran amigo y actual jugador del PSG, <strong data-end=\"3417\" data-start=\"3400\">Achraf Hakimi<\/strong>. Ambos disfrutaron de una noche de reggaet\u00f3n, coreando \u00e9xitos como \u201cTit\u00ed Me Pregunt\u00f3\u201d, e incluso compartieron momentos con el artista <strong data-end=\"3572\" data-start=\"3554\">Eladio Carri\u00f3n<\/strong> en un ambiente de diversi\u00f3n y mucha m\u00fasica.<\/p>\n<p> <img src=\"https:\/\/www.europesays.com\/es\/wp-content\/uploads\/2025\/07\/3a2a6b626621-acho-pr-e-otra-cosa.jpg\"   width=\"1024\" height=\"1024\" loading=\"lazy\" decoding=\"async\" alt=\"Vacaciones de Mbapp\u00e9\" fetchpriority=\"auto\" class=\"image ho-image\"\/>\u00a9 k.mbappe<\/p>\n<p id=\"euMezWCKd8yl\" data-wc=\"60\">La presencia de ambos futbolistas en este concierto \u2014parte de<strong>\u00a0la residencia \u201cNo Me Quiero Ir De Aqu\u00ed\u201d de Bad Bunny<\/strong>\u2014 puso en evidencia la conexi\u00f3n entre el deporte, la m\u00fasica y la cultura latina. La serie de espect\u00e1culos del artista puertorrique\u00f1o ha agotado entradas para 30 conciertos, <strong>atrayendo a miles de asistentes, incluidos \u00edconos del deporte internacional como Mbapp\u00e9.<\/strong><\/p>\n<p> <img src=\"https:\/\/www.europesays.com\/es\/wp-content\/uploads\/2025\/07\/668230043426-acho-pr-e-otra-cosa-2.jpg\"   width=\"1022\" height=\"1024\" loading=\"lazy\" decoding=\"async\" alt=\"Vacaciones de Mbapp\u00e9\" fetchpriority=\"auto\" class=\"image ho-image\"\/>\u00a9 k.mbappe<\/p>\n<p id=\"eyTNoG9Vp2fM\" data-wc=\"50\">Estas vacaciones no solo revelan el lado m\u00e1s humano y festivo del astro franc\u00e9s, sino tambi\u00e9n su cercan\u00eda con la cultura caribe\u00f1a como<strong>\u00a0destino preferido para desconectar.<\/strong> Con la temporada futbol\u00edstica a punto de comenzar, Mbapp\u00e9 regresa a Europa tras unas vacaciones donde combin\u00f3 lujo, m\u00fasica y un merecido descanso.<\/p>\n<p> <img src=\"https:\/\/www.europesays.com\/es\/wp-content\/uploads\/2025\/07\/fe79b877fcb8-acho-pr-e-otra-cosa-3.jpg\"   width=\"1022\" height=\"1024\" loading=\"lazy\" decoding=\"async\" alt=\"Vacaciones de Kylian Mbapp\u00e9\" fetchpriority=\"auto\" class=\"image ho-image\"\/>\u00a9 k.mbappe<\/p>\n","protected":false},"excerpt":{"rendered":"Kylian Mbapp\u00e9, quien\u00a0fich\u00f3 hace un a\u00f1o por el Real Madrid en una de las transferencias m\u00e1s esperadas del&hellip;\n","protected":false},"author":2,"featured_media":11178,"comment_status":"","ping_status":"","sticky":false,"template":"","format":"standard","meta":{"footnotes":""},"categories":[174],"tags":[517,255,634,253,146,147,25,24,256,8040,23],"class_list":{"0":"post-11177","1":"post","2":"type-post","3":"status-publish","4":"format-standard","5":"has-post-thumbnail","7":"category-famosos","8":"tag-actualidad","9":"tag-celebrities","10":"tag-deporte","11":"tag-discover","12":"tag-entertainment","13":"tag-entretenimiento","14":"tag-es","15":"tag-espana","16":"tag-famosos","17":"tag-kylian-mbappe","18":"tag-spain"},"share_on_mastodon":{"url":"","error":""},"_links":{"self":[{"href":"https:\/\/www.europesays.com\/es\/wp-json\/wp\/v2\/posts\/11177","targetHints":{"allow":["GET"]}}],"collection":[{"href":"https:\/\/www.europesays.com\/es\/wp-json\/wp\/v2\/posts"}],"about":[{"href":"https:\/\/www.europesays.com\/es\/wp-json\/wp\/v2\/types\/post"}],"author":[{"embeddable":true,"href":"https:\/\/www.europesays.com\/es\/wp-json\/wp\/v2\/users\/2"}],"replies":[{"embeddable":true,"href":"https:\/\/www.europesays.com\/es\/wp-json\/wp\/v2\/comments?post=11177"}],"version-history":[{"count":0,"href":"https:\/\/www.europesays.com\/es\/wp-json\/wp\/v2\/posts\/11177\/revisions"}],"wp:featuredmedia":[{"embeddable":true,"href":"https:\/\/www.europesays.com\/es\/wp-json\/wp\/v2\/media\/11178"}],"wp:attachment":[{"href":"https:\/\/www.europesays.com\/es\/wp-json\/wp\/v2\/media?parent=11177"}],"wp:term":[{"taxonomy":"category","embeddable":true,"href":"https:\/\/www.europesays.com\/es\/wp-json\/wp\/v2\/categories?post=11177"},{"taxonomy":"post_tag","embeddable":true,"href":"https:\/\/www.europesays.com\/es\/wp-json\/wp\/v2\/tags?post=11177"}],"curies":[{"name":"wp","href":"https:\/\/api.w.org\/{rel}","templated":true}]}}