{"id":111773,"date":"2025-09-13T06:43:08","date_gmt":"2025-09-13T06:43:08","guid":{"rendered":"https:\/\/www.europesays.com\/es\/111773\/"},"modified":"2025-09-13T06:43:08","modified_gmt":"2025-09-13T06:43:08","slug":"rocio-flores-explica-por-que-vuelve-a-sentarse-ahora-en-un-plato-lo-hago-por-mi","status":"publish","type":"post","link":"https:\/\/www.europesays.com\/es\/111773\/","title":{"rendered":"Roc\u00edo Flores explica por qu\u00e9 vuelve a sentarse ahora en un plat\u00f3: \u00abLo hago por mi\u00bb"},"content":{"rendered":"<p data-journey-content=\"true\" data-node-id=\"3\" class=\"css-i9p093 emevuu60\"><a href=\"https:\/\/diezminutos.es\/rocio-flores\" target=\"_blank\" data-node-id=\"3.0\" class=\"css-177bzfx emevuu60\" rel=\"nofollow noopener\">Roc\u00edo Flores<\/a> se ha sentado de nuevo en un plat\u00f3. Tras tres a\u00f1os alejada de los focos, la hija de Roc\u00edo Carrasco ha concedido una entrevista en directo en el plat\u00f3. Despu\u00e9s de <a href=\"https:\/\/www.diezminutos.es\/famosos-corazon\/famosos-espanoles\/a65998351\/rocio-flores-se-rompe-entrevista-de-viernes\/\" target=\"_blank\" data-vars-ga-outbound-link=\"https:\/\/www.diezminutos.es\/famosos-corazon\/famosos-espanoles\/a65998351\/rocio-flores-se-rompe-entrevista-de-viernes\/\" data-vars-ga-ux-element=\"Hyperlink\" data-vars-ga-call-to-action=\"la dura entrevista de Roc\u00edo Flores\" data-node-id=\"3.2\" data-mrf-link=\"https:\/\/www.diezminutos.es\/famosos-corazon\/famosos-espanoles\/a65998351\/rocio-flores-se-rompe-entrevista-de-viernes\/\" class=\"body-link css-177bzfx emevuu60\" rel=\"nofollow noopener\">la dura entrevista de Roc\u00edo Flores<\/a> emitida en &#8216;De Viernes&#8217;, la hija de Antonio David Flores ha acudido en directo al plat\u00f3 de Mediaset para someterse a las preguntas de los colaboradores. <strong data-node-id=\"3.4\">\u00abEstoy con nervios y espero poder hacerlo\u00bb, aseguraba Roc\u00edo a Bea Archidona<\/strong> nada m\u00e1s llegar en el plat\u00f3. Unos nervios que ella misma aseguraba que eran \u00abdemasiados\u00bb a comparaci\u00f3n de lo que estaba acostumbrada a la hora de llegar a Mediaset. <\/p>\n<p><img draggable=\"true\" alt=\"rocio flores de viernes\" title=\"rocio flores de viernes\" loading=\"lazy\" width=\"2100\" height=\"1130\" decoding=\"async\" data-nimg=\"1\" style=\"color:transparent;width:100%;height:auto;\"   src=\"https:\/\/www.europesays.com\/es\/wp-content\/uploads\/2025\/09\/rocio-flores-68c4871f6728a.jpg\" class=\"css-0 e1g79fud0\"\/><\/p>\n<p>Telecinco<\/p>\n<p data-journey-content=\"true\" data-node-id=\"7\" class=\"css-i9p093 emevuu60\">Nada m\u00e1s entrar, Roc\u00edo confesaba porqu\u00e9 hab\u00eda dado el paso ahora de sentarse y someterse a una de las primeras entrevistas a coraz\u00f3n abierto que ha concedido para dar a conocer su historia. <strong data-node-id=\"7.1\">\u00abPr\u00e1cticamente todas las personas que me hicieron todo el da\u00f1o en su d\u00eda no est\u00e1n aqu\u00ed hoy <\/strong>y eso es el motivo principal por el que est\u00e9 aqu\u00ed hoy\u00bb, ha confesado Flores. Una clara referencia a los colaboradores de &#8216;S\u00e1lvame&#8217; que defendieron en <a href=\"https:\/\/www.diezminutos.es\/famosos-corazon\/famosos-espanoles\/a37396276\/rocio-carrasco-salvame-look-fucsia\/\" target=\"_blank\" data-vars-ga-outbound-link=\"https:\/\/www.diezminutos.es\/famosos-corazon\/famosos-espanoles\/a37396276\/rocio-carrasco-salvame-look-fucsia\/\" data-vars-ga-ux-element=\"Hyperlink\" data-vars-ga-call-to-action=\"los \u00faltimos a\u00f1os el relato de Roc\u00edo Carrasco\" data-node-id=\"7.3\" class=\"body-link css-177bzfx emevuu60\" rel=\"nofollow noopener\">los \u00faltimos a\u00f1os el relato de Roc\u00edo Carrasco<\/a>, criticando la postura de Flores.<\/p>\n<p>El rechazo de Antonio David a la entrevista<\/p>\n<p data-journey-content=\"true\" data-node-id=\"10\" class=\"css-i9p093 emevuu60\">Por otro lado, la joven de 28 a\u00f1os ha asegurado que toda su familia sabe que est\u00e1 en el plat\u00f3, aunque no ha tenido el visto bueno de todos, puesto que a su padre, Antonio David Flores, no le haya gustado del todo que apareciera de nuevo en la televisi\u00f3n. <strong data-node-id=\"10.1\">\u00abMi padre no est\u00e1 de acuerdo en que yo est\u00e9 aqu\u00ed. Lo hago por mi. <\/strong>Tengo derecho a expresarme y que la gente sepa tambi\u00e9n mi versi\u00f3n\u00bb, sosten\u00eda.<\/p>\n<p data-journey-content=\"true\" data-node-id=\"14\" class=\"css-i9p093 emevuu60\">T<a href=\"https:\/\/diezminutos.es\/terelu-campos\" target=\"_blank\" data-node-id=\"14.1\" class=\"css-177bzfx emevuu60\" rel=\"nofollow noopener\">erelu Campos<\/a>, quien ten\u00eda un duro enfrentamiento momentos despu\u00e9s, se interesaba para saber el motivo de este rechazo de Antonio David para que Roc\u00edo estuviera en el plat\u00f3: <strong data-node-id=\"14.3\">\u00ablo \u00fanico que le preocupa es que yo vuelva a sufrir <\/strong>y que lo siga pasando mal\u00bb. <\/p>\n<p>El agradecimiento de Roc\u00edo Flores<\/p>\n<p data-journey-content=\"true\" data-node-id=\"17\" class=\"css-i9p093 emevuu60\">Antes de comenzar la entrevista, Roc\u00edo Flores paraba maquinaria para lanzar un mensaje, y es que ha querido dejar claro que aunque lo ha pasado muy mal en estos cinco a\u00f1os, estando \u00aben piloto autom\u00e1tico\u00bb, ha recibido mucho apoyo. <strong data-node-id=\"17.1\">\u00abMe gustar\u00eda agradecer a todas estas personas que han luchado por lo que han considerado injusto,<\/strong> que me han demostrado su apoyo. Me gustar\u00eda darles las gracias a todos, entre ellos, a la Marea Azul\u00bb.<br data-node-id=\"17.3\"\/><\/p>\n<p><img src=\"https:\/\/www.europesays.com\/es\/wp-content\/uploads\/2025\/09\/1757745788_60_323095e3-d675-4360-ad79-c3a735f161a1_1681830139.file\" alt=\"Headshot of Aroa D\u00edaz\" title=\"Headshot of Aroa D\u00edaz\" width=\"100%\" height=\"100%\" decoding=\"async\" loading=\"lazy\" class=\"css-o0wq4v ev8dhu53\"\/><\/p>\n<p>Aroa D\u00edaz es experta en realities, televisi\u00f3n y actualidad en general. No hay momento del d\u00eda en el que no tenga encendida la televisi\u00f3n conociendo los \u00faltimos desvelos de los famosos, disfrutando de los realities como Supervivientes o de los concursos m\u00e1s rocambolescos. Las \u00faltimas novedades de los famosos del coraz\u00f3n son su perdici\u00f3n y la actualidad de las Casas Reales, su gran pasi\u00f3n. \u00a0\u00a0<\/p>\n<p>En sus ratos libres disfruta de las pel\u00edculas y series de moda, y bucea por los cat\u00e1logos de las plataformas de podcast buscando nuevas entrevistas y charlas de famosos.<\/p>\n<p>Adem\u00e1s, no ha parado de formarse en todos los aspectos convirti\u00e9ndose en una periodista 360: locuci\u00f3n, doblaje, grabaci\u00f3n de v\u00eddeo, periodismo m\u00f3vil, producci\u00f3n de podcast y SEO. Actualmente est\u00e1 form\u00e1ndose en el M\u00e1ster universitario de Periodismo y Comunicaci\u00f3n Digital: Datos y Nuevas Narrativas de la UOC.<\/p>\n<p>Graduada en periodismo por la Universidad Rey Juan Carlos, no ha parado de trabajar desde que obtuvo su t\u00edtulo all\u00e1 por el 2013. Despu\u00e9s de un breve impass en Palma de Mallorca, volvi\u00f3 a Legan\u00e9s donde arranc\u00f3 su experiencia con Legan\u00e9s Activo. En este tiempo he pasado por las redacciones de varios medios recayendo finalmente en Hearst Espa\u00f1a (Telenovela, Qu\u00e9 me dices y Diez Minutos). Tambi\u00e9n tiene experiencia en diferentes radios. \u00a0<\/p>\n","protected":false},"excerpt":{"rendered":"Roc\u00edo Flores se ha sentado de nuevo en un plat\u00f3. Tras tres a\u00f1os alejada de los focos, la&hellip;\n","protected":false},"author":2,"featured_media":111774,"comment_status":"","ping_status":"","sticky":false,"template":"","format":"standard","meta":{"footnotes":""},"categories":[174],"tags":[255,253,146,147,25,24,256,23],"class_list":{"0":"post-111773","1":"post","2":"type-post","3":"status-publish","4":"format-standard","5":"has-post-thumbnail","7":"category-famosos","8":"tag-celebrities","9":"tag-discover","10":"tag-entertainment","11":"tag-entretenimiento","12":"tag-es","13":"tag-espana","14":"tag-famosos","15":"tag-spain"},"share_on_mastodon":{"url":"","error":""},"_links":{"self":[{"href":"https:\/\/www.europesays.com\/es\/wp-json\/wp\/v2\/posts\/111773","targetHints":{"allow":["GET"]}}],"collection":[{"href":"https:\/\/www.europesays.com\/es\/wp-json\/wp\/v2\/posts"}],"about":[{"href":"https:\/\/www.europesays.com\/es\/wp-json\/wp\/v2\/types\/post"}],"author":[{"embeddable":true,"href":"https:\/\/www.europesays.com\/es\/wp-json\/wp\/v2\/users\/2"}],"replies":[{"embeddable":true,"href":"https:\/\/www.europesays.com\/es\/wp-json\/wp\/v2\/comments?post=111773"}],"version-history":[{"count":0,"href":"https:\/\/www.europesays.com\/es\/wp-json\/wp\/v2\/posts\/111773\/revisions"}],"wp:featuredmedia":[{"embeddable":true,"href":"https:\/\/www.europesays.com\/es\/wp-json\/wp\/v2\/media\/111774"}],"wp:attachment":[{"href":"https:\/\/www.europesays.com\/es\/wp-json\/wp\/v2\/media?parent=111773"}],"wp:term":[{"taxonomy":"category","embeddable":true,"href":"https:\/\/www.europesays.com\/es\/wp-json\/wp\/v2\/categories?post=111773"},{"taxonomy":"post_tag","embeddable":true,"href":"https:\/\/www.europesays.com\/es\/wp-json\/wp\/v2\/tags?post=111773"}],"curies":[{"name":"wp","href":"https:\/\/api.w.org\/{rel}","templated":true}]}}