{"id":111775,"date":"2025-09-13T06:44:06","date_gmt":"2025-09-13T06:44:06","guid":{"rendered":"https:\/\/www.europesays.com\/es\/111775\/"},"modified":"2025-09-13T06:44:06","modified_gmt":"2025-09-13T06:44:06","slug":"amparo-retrato-de-la-hija-de-juan-roig-que-ha-dado-forma-al-exitoso-proyecto-familiar-fuera-de-mercadona","status":"publish","type":"post","link":"https:\/\/www.europesays.com\/es\/111775\/","title":{"rendered":"Amparo, retrato de la hija de Juan Roig que ha dado forma al exitoso proyecto familiar fuera de Mercadona"},"content":{"rendered":"<p class=\"paragraph\">En Valencia hay dos debates que nunca mueren: qui\u00e9n prepara la mejor paella y qu\u00e9 est\u00e1 construyendo ahora <b>la familia Roig<\/b>. El primero es cuesti\u00f3n de gustos; el segundo, de futuro. Y en ese escenario donde los planos se mezclan con la expectaci\u00f3n ciudadana aparece <b>Amparo Roig,<\/b> la tercera de las cuatro hijas de <b>Juan Roig y Hortensia Herrero<\/b>, que ha encontrado en la arquitectura su manera de dejar huella.<\/p>\n<p class=\"paragraph\">Aunque muchos la imaginaron siguiendo la ruta empresarial marcada por el patriarca de Mercadona, eligi\u00f3 otro destino: el de los espacios y las ciudades. Arquitecta de formaci\u00f3n, se asoci\u00f3 con dos compa\u00f1eros para fundar <b>ERRE Arquitectura,<\/b> un estudio con sede en la capital levantina que ya acumula m\u00e1s de 25 a\u00f1os y que combina dise\u00f1o, sostenibilidad e innovaci\u00f3n. Desde viviendas unifamiliares hasta complejos deportivos o terminales privadas, su cartera de proyectos habla de una arquitectura que busca algo m\u00e1s que la funcionalidad: quiere mejorar la vida de quienes la habitan.<\/p>\n<p class=\"c-detail__media__subtitle composite_image\">\n<p>        Amparo Roig (derecha)<\/p>\n<p class=\"paragraph\">Entre todos sus trabajos, hay uno que no solo concentra titulares: <b>el Roig Arena. <\/b>Este coloso multiusos, inaugurado el pasado septiembre, ha cambiado para siempre el perfil urbano de la capital del Turia y se ha convertido en el pabell\u00f3n m\u00e1s grande de Espa\u00f1a. Lo m\u00e1s llamativo es que el proyecto lleva la impronta familiar en cada detalle: mientras el m\u00fasculo financiero llega de <b>Licampa 1617<\/b>, sociedad patrimonial de Juan Roig, la visi\u00f3n arquitect\u00f3nica la firma ERRE, con Amparo como una de las mentes que dieron forma al dise\u00f1o. No se trata \u00fanicamente de la nueva casa del <b>Valencia Basket,<\/b> equipo inseparable de la familia, sino de un complejo cultural y de ocio llamado a albergar conciertos internacionales, espect\u00e1culos de gran formato y congresos de primer nivel. Un espacio que no solo suma infraestructuras, sino que act\u00faa como un aut\u00e9ntico catalizador econ\u00f3mico y social para la ciudad, capaz de atraer talento, turismo y comunidad. En definitiva, un proyecto donde queda claro que todo queda en casa: el padre pone la ambici\u00f3n y los recursos, y la hija, la arquitecta, aporta el cerebro creativo que ha convertido la idea en un icono urbano.<\/p>\n<p class=\"paragraph\">Esta mujer tambi\u00e9n est\u00e1 detr\u00e1s de la rehabilitaci\u00f3n del <b>Palacio Valeriola,<\/b> que hoy alberga el Centro de Arte Hortensia Herrero, una joya muse\u00edstica impulsada por su madre.<\/p>\n<p class=\"c-detail__media__subtitle composite_image\">\n<p>        El matrimonio Juan Roig y Hortensia Herrero (en el centro), con sus hijas (de izquierda a derecha) Juana, Amparo y las mellizas Hortensia y Carolina,<\/p>\n<p class=\"paragraph\">Lo cierto es que, m\u00e1s all\u00e1 de sus logros, su perfil es de los m\u00e1s blindados de la familia Roig. Apariciones p\u00fablicas, las justas; entrevistas, pr\u00e1cticamente inexistentes. Amparo ha cultivado una vida lejos del ruido medi\u00e1tico, donde cada detalle personal se protege con celo. Su discreci\u00f3n roza lo enigm\u00e1tico: es una profesional reconocida, pero de la que apenas se sabe fuera de los c\u00edrculos empresariales y culturales en los que se mueve. Eso no impide que aflore alguna pincelada de su vida privada. Una de ellas es su pasi\u00f3n por las Fallas. La relaci\u00f3n de los Roig con la fiesta viene de lejos, cuando la familia formaba parte de la comisi\u00f3n de<b> La Bicicleta<\/b>. En 1994, su hermana Carolina fue proclamada fallera mayor, y adem\u00e1s se dice que todas las hijas han vivido ese privilegio en alg\u00fan momento.<\/p>\n<p class=\"paragraph\">Blindada en lo personal, pero visible en lo profesional, Amparo tambi\u00e9n forma parte del Consejo de Administraci\u00f3n de Mercadona, junto a sus hermanas Hortensia y Juana. En el plano personal, est\u00e1 casada desde 2008 con Antonio Cabedo, hijo de la condesa de Salvatierra de \u00c1lava. Su boda fue un hito, celebrada con m\u00e1s de 500 invitados y recepci\u00f3n en el Palau de la M\u00fasica.<\/p>\n","protected":false},"excerpt":{"rendered":"En Valencia hay dos debates que nunca mueren: qui\u00e9n prepara la mejor paella y qu\u00e9 est\u00e1 construyendo ahora&hellip;\n","protected":false},"author":2,"featured_media":111776,"comment_status":"","ping_status":"","sticky":false,"template":"","format":"standard","meta":{"footnotes":""},"categories":[173],"tags":[229,233,231,230,232,234,146,147,25,24,23],"class_list":{"0":"post-111775","1":"post","2":"type-post","3":"status-publish","4":"format-standard","5":"has-post-thumbnail","7":"category-arte-y-diseno","8":"tag-arte","9":"tag-arte-y-diseno","10":"tag-arts","11":"tag-arts-and-design","12":"tag-design","13":"tag-diseno","14":"tag-entertainment","15":"tag-entretenimiento","16":"tag-es","17":"tag-espana","18":"tag-spain"},"share_on_mastodon":{"url":"","error":""},"_links":{"self":[{"href":"https:\/\/www.europesays.com\/es\/wp-json\/wp\/v2\/posts\/111775","targetHints":{"allow":["GET"]}}],"collection":[{"href":"https:\/\/www.europesays.com\/es\/wp-json\/wp\/v2\/posts"}],"about":[{"href":"https:\/\/www.europesays.com\/es\/wp-json\/wp\/v2\/types\/post"}],"author":[{"embeddable":true,"href":"https:\/\/www.europesays.com\/es\/wp-json\/wp\/v2\/users\/2"}],"replies":[{"embeddable":true,"href":"https:\/\/www.europesays.com\/es\/wp-json\/wp\/v2\/comments?post=111775"}],"version-history":[{"count":0,"href":"https:\/\/www.europesays.com\/es\/wp-json\/wp\/v2\/posts\/111775\/revisions"}],"wp:featuredmedia":[{"embeddable":true,"href":"https:\/\/www.europesays.com\/es\/wp-json\/wp\/v2\/media\/111776"}],"wp:attachment":[{"href":"https:\/\/www.europesays.com\/es\/wp-json\/wp\/v2\/media?parent=111775"}],"wp:term":[{"taxonomy":"category","embeddable":true,"href":"https:\/\/www.europesays.com\/es\/wp-json\/wp\/v2\/categories?post=111775"},{"taxonomy":"post_tag","embeddable":true,"href":"https:\/\/www.europesays.com\/es\/wp-json\/wp\/v2\/tags?post=111775"}],"curies":[{"name":"wp","href":"https:\/\/api.w.org\/{rel}","templated":true}]}}