{"id":111779,"date":"2025-09-13T06:47:05","date_gmt":"2025-09-13T06:47:05","guid":{"rendered":"https:\/\/www.europesays.com\/es\/111779\/"},"modified":"2025-09-13T06:47:05","modified_gmt":"2025-09-13T06:47:05","slug":"telecinco-recupera-casados-a-primera-vista-el-programa-de-citas-que-se-emitio-en-antena-3-hasta-2018","status":"publish","type":"post","link":"https:\/\/www.europesays.com\/es\/111779\/","title":{"rendered":"Telecinco recupera &#8216;Casados a primera vista&#8217;, el programa de citas que se emiti\u00f3 en Antena 3 hasta 2018"},"content":{"rendered":"<p class=\"article-text\">\n        Siete a\u00f1os despu\u00e9s de su final en Antena 3, <strong>Casados a primera<\/strong> <strong>vista <\/strong>desembarca en Telecinco. <strong>Mediaset Espa\u00f1a<\/strong> y <strong>Bulldog TV <\/strong>han puesto en marcha la producci\u00f3n de una nueva temporada de este conocido formato de citas que se emiti\u00f3 en la cadena de Atresmedia entre 2015 y 2018.\n    <\/p>\n<p>    <a href=\"https:\/\/www.eldiario.es\/noticias\/aznar-javier-ruiz-faes-rtve-mananeros-360_1_12599024.html\" data-mrf-recirculation=\"saber-mas\" data-dl-event=\"saber-mas\" rel=\"nofollow noopener\" target=\"_blank\"><\/p>\n<p class=\"know-more__title\">La respuesta de Javier Ruiz a Aznar por el comunicado de FAES contra RTVE: \u00abFalta de memoria\u00bb<\/p>\n<p>            <img decoding=\"async\" class=\"lazy\" loading=\"lazy\" data-src=\"https:\/\/static.eldiario.es\/clip\/f27fb592-4dc0-4d0c-ba4c-e98af1795a30_16-9-aspect-ratio_default_0.jpg\" src=\"data:image\/svg+xml,%3Csvg xmlns=\" http:=\"\" viewbox=\"0 0 880 495\" alt=\"La respuesta de Javier Ruiz a Aznar por el comunicado de FAES contra RTVE: &quot;Falta de memoria&quot;\"\/><\/p>\n<p>                        <\/a><\/p>\n<p class=\"article-text\">\n        En Casados a primera vista, un grupo de solteros se pone en manos de un equipo de expertos en relaciones y emociones que, mediante un riguroso proceso de selecci\u00f3n, <strong>formar\u00e1 parejas que se conocer\u00e1n directamente en el altar<\/strong>. Este programa, se\u00f1alan desde Mediaset, \u201ces una apasionante aventura televisiva que descubre si la ciencia y la psicolog\u00eda pueden ser el combustible para encender la chispa del amor\u201d.\n    <\/p>\n<p class=\"article-text\">\n        Casados a primera vista est\u00e1 presente en m\u00e1s de 30 pa\u00edses y tiene millones de seguidores en Estados Unidos, Reino Unido, Australia, Dinamarca o Alemania. A Espa\u00f1a lleg\u00f3 en el a\u00f1o 2015 de la mano de Antena 3, que emiti\u00f3 cuatro temporadas hasta 2018. La primera de ellas fue la que mejor funcion\u00f3 en el terreno de las audiencias <strong>con 2.692.000 espectadores de media y un 15.3% de cuota de pantalla<\/strong>, cifras que se redujeron significativamente en la cuarta edici\u00f3n (1.433.000 y 11.5%).\n    <\/p>\n<p class=\"article-text\">\n        La psic\u00f3loga, sex\u00f3loga y coach <strong>Maria Fr\u00edas <\/strong>present\u00f3 esta primera etapa del programa en la que tambi\u00e9n participaron Rub\u00e9n Turienzo, Silvia Sanz, Arantxa Coca y Jos\u00e9 Carlos Fuertes.\n    <\/p>\n<p class=\"article-text\">\n        La quinta temporada de Casados a primera vista no se emitir\u00e1 en Antena 3, sino en Telecinco, que ya <a href=\"https:\/\/www.telecinco.es\/casados-a-primera-vista\" target=\"_blank\" data-mrf-recirculation=\"links-noticia\" class=\"link\" rel=\"nofollow noopener\">ha iniciado su casting<\/a> bajo la siguiente premisa: \u201cSi tu mayor deseo es casarte, si tu coraz\u00f3n late con fuerza cada vez que imaginas ese &#8216;s\u00ed, quiero&#8217;, pero todav\u00eda no ha llegado esa persona con la que pasar por el altar, deja que encontremos para ti al amor de tu vida. Buscamos personas de m\u00e1s de 25 a\u00f1os que han fracasado en su b\u00fasqueda del amor, que sue\u00f1an con la boda perfecta y con una luna de miel de ensue\u00f1o. Personas atrevidas y rom\u00e1nticas, que creen en el amor por encima de todo y que siempre han imaginado su vida al lado de alguien con el que compartir metas, viajes, locuras&#8230;\u201d.\n    <\/p>\n<p>    <a href=\"https:\/\/www.eldiario.es\/vertele\/noticias\/ot-2025-18-concursantes-confirmados-amazon-prime-video-ganador-voz_1_12597205.html\" data-mrf-recirculation=\"saber-mas-abajo\" data-dl-event=\"saber-mas-abajo\" rel=\"nofollow noopener\" target=\"_blank\"><\/p>\n<p class=\"know-more__title\">OT 2025: Estos son los 18 concursantes confirmados por Amazon Prime Video, con un ganador de &#8216;La Voz&#8217;<\/p>\n<p>            <img decoding=\"async\" class=\"lazy\" loading=\"lazy\" data-src=\"https:\/\/static.eldiario.es\/clip\/d31448c2-2ca3-41b3-9695-9a9bd40fb797_16-9-aspect-ratio_default_0.jpg\" src=\"data:image\/svg+xml,%3Csvg xmlns=\" http:=\"\" viewbox=\"0 0 880 495\" alt=\"OT 2025: Estos son los 18 concursantes confirmados por Amazon Prime Video, con un ganador de 'La Voz'\"\/><\/p>\n<p>                        <\/a><\/p>\n<p class=\"article-text\">\n        Mediaset producir\u00e1 el programa con ayuda de Bulldog TV, compa\u00f1\u00eda con la que ha trabajado asiduamente para sacar adelante espacios como <strong>Supervivientes<\/strong>, <strong>Bailando con las estrellas<\/strong>, <strong>Reacci\u00f3n en cadena<\/strong> y <strong>Hay una cosa que te quiero decir<\/strong>. Se desconoce qui\u00e9n presentar\u00e1 la nueva temporada de Casados a primera vista.\n    <\/p>\n","protected":false},"excerpt":{"rendered":"Siete a\u00f1os despu\u00e9s de su final en Antena 3, Casados a primera vista desembarca en Telecinco. Mediaset Espa\u00f1a&hellip;\n","protected":false},"author":2,"featured_media":111780,"comment_status":"","ping_status":"","sticky":false,"template":"","format":"standard","meta":{"footnotes":""},"categories":[171],"tags":[1554,9692,38042,10341,146,147,25,24,2145,6833,23,692,214],"class_list":{"0":"post-111779","1":"post","2":"type-post","3":"status-publish","4":"format-standard","5":"has-post-thumbnail","7":"category-tv","8":"tag-1554","9":"tag-antena","10":"tag-casados-a-primera-vista","11":"tag-citas","12":"tag-entertainment","13":"tag-entretenimiento","14":"tag-es","15":"tag-espana","16":"tag-programa","17":"tag-recupera","18":"tag-spain","19":"tag-telecinco","20":"tag-tv"},"share_on_mastodon":{"url":"","error":""},"_links":{"self":[{"href":"https:\/\/www.europesays.com\/es\/wp-json\/wp\/v2\/posts\/111779","targetHints":{"allow":["GET"]}}],"collection":[{"href":"https:\/\/www.europesays.com\/es\/wp-json\/wp\/v2\/posts"}],"about":[{"href":"https:\/\/www.europesays.com\/es\/wp-json\/wp\/v2\/types\/post"}],"author":[{"embeddable":true,"href":"https:\/\/www.europesays.com\/es\/wp-json\/wp\/v2\/users\/2"}],"replies":[{"embeddable":true,"href":"https:\/\/www.europesays.com\/es\/wp-json\/wp\/v2\/comments?post=111779"}],"version-history":[{"count":0,"href":"https:\/\/www.europesays.com\/es\/wp-json\/wp\/v2\/posts\/111779\/revisions"}],"wp:featuredmedia":[{"embeddable":true,"href":"https:\/\/www.europesays.com\/es\/wp-json\/wp\/v2\/media\/111780"}],"wp:attachment":[{"href":"https:\/\/www.europesays.com\/es\/wp-json\/wp\/v2\/media?parent=111779"}],"wp:term":[{"taxonomy":"category","embeddable":true,"href":"https:\/\/www.europesays.com\/es\/wp-json\/wp\/v2\/categories?post=111779"},{"taxonomy":"post_tag","embeddable":true,"href":"https:\/\/www.europesays.com\/es\/wp-json\/wp\/v2\/tags?post=111779"}],"curies":[{"name":"wp","href":"https:\/\/api.w.org\/{rel}","templated":true}]}}