{"id":111781,"date":"2025-09-13T06:49:23","date_gmt":"2025-09-13T06:49:23","guid":{"rendered":"https:\/\/www.europesays.com\/es\/111781\/"},"modified":"2025-09-13T06:49:23","modified_gmt":"2025-09-13T06:49:23","slug":"el-documental-faedo-paleta-de-colores-de-tomas-valle-se-proyecta-este-viernes-en-geras","status":"publish","type":"post","link":"https:\/\/www.europesays.com\/es\/111781\/","title":{"rendered":"El documental &#8216;Faedo, paleta de colores&#8217; de Tom\u00e1s Valle se proyecta este viernes en Geras"},"content":{"rendered":"<p>El cine ser\u00e1 protagonista esta tarde de viernes en Geras de Gord\u00f3n, dentro de sus fiestas patronales, con la proyecci\u00f3n del documental \u2018Faedo, paleta de colores\u2019, dirigido por Tom\u00e1s Valle. La cita tendr\u00e1 lugar a las 20 horas y supone un reencuentro muy especial entre el cineasta, el pueblo y algunos de los protagonistas de la obra.<\/p>\n<p>La pel\u00edcula, rodada en el oto\u00f1o de 2019, invita a descubrir el Hayedo de la Boyariza, un rinc\u00f3n natural de gran belleza, a trav\u00e9s de la mirada art\u00edstica de un pintor. En la sinopsis se describe el espacio como un lugar \u201cm\u00e1gico, cautivador y m\u00edstico\u201d, donde la luz dorada del sol transforma el bosque en un aut\u00e9ntico museo al aire libre.<\/p>\n<p>El documental, que ha participado en varios festivales de cine y fue seleccionado en distintas secciones oficiales, cuenta con la presencia de Benito Escarpizo como protagonista principal, adem\u00e1s de la colaboraci\u00f3n de vecinos de Geras, algunos de los cuales ya no podr\u00e1n ver la obra debido a su avanzada edad, algo que el director ha lamentado con especial emoci\u00f3n.<\/p>\n<p>Valle ha expresado su satisfacci\u00f3n por la petici\u00f3n del pueblo de incluir la proyecci\u00f3n dentro del programa festivo, destacando tambi\u00e9n que gran parte del equipo t\u00e9cnico proced\u00eda de Astorga y Le\u00f3n, lo que refuerza el v\u00ednculo de la obra con la tierra.<\/p>\n<p><img fetchpriority=\"high\" decoding=\"async\" class=\"size-medium wp-image-338142 aligncenter\" src=\"https:\/\/www.europesays.com\/es\/wp-content\/uploads\/2025\/09\/www.astorgadigital.com-captura-de-pantalla-2025-09-12-a-las-10.58.06-660x937.png\" alt=\"\" width=\"660\" height=\"937\"  \/><\/p>\n<p>                    <a href=\"#\" rel=\"nofollow\" onclick=\"window.print(); return false;\" title=\"Printer Friendly, PDF &amp; Email\"><br \/>\n                    <img decoding=\"async\" src=\"https:\/\/www.europesays.com\/es\/wp-content\/uploads\/2025\/07\/printfriendly-icon-md.png\" alt=\"Print Friendly, PDF &amp; Email\" class=\"pf-button-img\" style=\"width: 16px;height: 16px;\"\/><br \/>\n                    <\/a><\/p>\n<p>\n\tRelacionado\n<\/p>\n<p>                        <a class=\"share-bluesky\" href=\"https:\/\/bsky.app\/intent\/compose?text=https%3A%2F%2Fwww.astorgadigital.com%2Fel-documental-faedo-paleta-de-colores-de-tomas-valle-se-proyecta-este-viernes-en-geras%2F\" target=\"_blank\" rel=\"noopener noreferrer nofollow\"><br \/>\n    <img decoding=\"async\" src=\"https:\/\/www.astorgadigital.com\/wp-content\/themes\/ebd-theme\/img\/iconos\/bluesky-blanco.svg\"\/><br \/>\n<\/a><\/p>\n","protected":false},"excerpt":{"rendered":"El cine ser\u00e1 protagonista esta tarde de viernes en Geras de Gord\u00f3n, dentro de sus fiestas patronales, con&hellip;\n","protected":false},"author":2,"featured_media":111782,"comment_status":"","ping_status":"","sticky":false,"template":"","format":"standard","meta":{"footnotes":""},"categories":[169],"tags":[177,146,147,25,24,176,175,23],"class_list":{"0":"post-111781","1":"post","2":"type-post","3":"status-publish","4":"format-standard","5":"has-post-thumbnail","7":"category-cine","8":"tag-cine","9":"tag-entertainment","10":"tag-entretenimiento","11":"tag-es","12":"tag-espana","13":"tag-film","14":"tag-movies","15":"tag-spain"},"share_on_mastodon":{"url":"","error":""},"_links":{"self":[{"href":"https:\/\/www.europesays.com\/es\/wp-json\/wp\/v2\/posts\/111781","targetHints":{"allow":["GET"]}}],"collection":[{"href":"https:\/\/www.europesays.com\/es\/wp-json\/wp\/v2\/posts"}],"about":[{"href":"https:\/\/www.europesays.com\/es\/wp-json\/wp\/v2\/types\/post"}],"author":[{"embeddable":true,"href":"https:\/\/www.europesays.com\/es\/wp-json\/wp\/v2\/users\/2"}],"replies":[{"embeddable":true,"href":"https:\/\/www.europesays.com\/es\/wp-json\/wp\/v2\/comments?post=111781"}],"version-history":[{"count":0,"href":"https:\/\/www.europesays.com\/es\/wp-json\/wp\/v2\/posts\/111781\/revisions"}],"wp:featuredmedia":[{"embeddable":true,"href":"https:\/\/www.europesays.com\/es\/wp-json\/wp\/v2\/media\/111782"}],"wp:attachment":[{"href":"https:\/\/www.europesays.com\/es\/wp-json\/wp\/v2\/media?parent=111781"}],"wp:term":[{"taxonomy":"category","embeddable":true,"href":"https:\/\/www.europesays.com\/es\/wp-json\/wp\/v2\/categories?post=111781"},{"taxonomy":"post_tag","embeddable":true,"href":"https:\/\/www.europesays.com\/es\/wp-json\/wp\/v2\/tags?post=111781"}],"curies":[{"name":"wp","href":"https:\/\/api.w.org\/{rel}","templated":true}]}}