{"id":111785,"date":"2025-09-13T06:52:09","date_gmt":"2025-09-13T06:52:09","guid":{"rendered":"https:\/\/www.europesays.com\/es\/111785\/"},"modified":"2025-09-13T06:52:09","modified_gmt":"2025-09-13T06:52:09","slug":"alejandra-rubio-responde-a-los-que-la-critican-por-ser-mas-dura-con-su-madre-cuando-habla-de-su-hijo","status":"publish","type":"post","link":"https:\/\/www.europesays.com\/es\/111785\/","title":{"rendered":"Alejandra Rubio responde a los que la critican por ser m\u00e1s dura con su madre cuando habla de su hijo"},"content":{"rendered":"<p class=\"c-paragraph\">Hace unos d\u00edas, <a href=\"https:\/\/www.20minutos.es\/gente\/alejandra-rubio-encara-prensa-aeropuerto-luego-publica-comunicado-personaje-publico-hereda_6243646_0.html\" title=\"Alejandra Rubio se encara a la prensa en el aeropuerto y luego publica un comunicado: &quot;Ser personaje p\u00fablico no se hereda&quot;\" rel=\"nofollow noopener\" target=\"_blank\">Alejandra Rubio tuvo un enfrentamiento con la prensa en el aeropuerto<\/a> cuando la televisiva <b>ped\u00eda a los reporteros que no grabasen a su hijo<\/b>. Desde que dio a luz, la hija de Terelu Campos ha pedido que se respete su decisi\u00f3n de <b>no mostrar ni hablar del beb\u00e9<\/b> y ahora a reaccionado a <b>las memorias de su suegra<\/b>, en las que ha hecho menci\u00f3n del m\u00e1s peque\u00f1o de la familia.\u00a0<\/p>\n<p class=\"c-paragraph\">\u00abA Alejandra <b>le hicimos un regalo familiar para recibirla<\/b> en nuestra familia. Tambi\u00e9n <b>le organic\u00e9 una\u00a0baby shower\u00a0en mi casa<\/b> y la anim\u00e9 a invitar a todas sus amigas. Cuando tengo en brazos a mi nieto, siento una ternura infinita\u00bb, expresa Mar Flores en el libro que acaba de publicar.\u00a0<\/p>\n<p class=\"c-paragraph\">Tras su publicaci\u00f3n, Alejandra Rubio expres\u00f3 el pasado jueves en Vamos a ver que, aunque <b>intenta \u00abmantener estas cosas en privado\u00bb,<\/b> que su suegra lo haya contado le \u00abparece bien\u00bb. La reacci\u00f3n de la televisiva sorprendi\u00f3 a todos, pues <b>dista mucho de su actitud habitual<\/b>, algo de lo que han hablado este viernes en el mismo programa de Telecinco.<\/p>\n<p class=\"c-paragraph\">En el plat\u00f3 de Vamos a ver, han planteado si <b>las reacciones de Alejandra Rubio son las mismas<\/b> cuando es Terelu Campos la que habla de su hijo a cuando lo hace Mar Flores. \u00abEsto es algo que se echa mucho en cara, \u00bfno, Alejandra? Como que <b>tiras m\u00e1s a un lado que a otro\u00bb, <\/b>ha comentado Patricia Pardo.<\/p>\n<p class=\"c-paragraph\">\u00ab\u00daltimamente se me echa en cara todo.\u00a0Es normal que con<b> mi familia tenga m\u00e1s confianza<\/b>\u00a0en decirle las cosas que pienso. Mi madre dice lo que le parece bien y lo hemos visto, <b>le encantar\u00eda que ense\u00f1ara a mi hijo en una revista <\/b>y eso no va a pasar, lo sabe ella y lo sabe todo el mundo\u00bb, ha respondido Rubio contundente.\u00a0<\/p>\n<p class=\"c-paragraph\">La presentadora del formato le ha preguntado si no considera que <b>le para \u00abmucho m\u00e1s los pies\u00bb a su familia que a la de Carlo Costanzia<\/b>. \u00abA veces s\u00ed, la confianza da asco. <b>Tengo m\u00e1s a mano llamar a mi madre<\/b> y decir ten m\u00e1s cuidado con esto. Me gustar\u00eda que se me respetara en esto\u00bb, ha asegurado la hija de la mayor de las Campos.\u00a0<\/p>\n<p class=\"c-paragraph\">El programa ha mostrado <b>una imagen que el abuelo paterno del beb\u00e9 ha compartido<\/b> en sus redes sociales, en la que aparece junto a Carlo Costanzia y al peque\u00f1o, con la cara tapada. \u00abLo que no entiende la gente es que ri\u00f1as a tu madre porque no quieres que gente de la tele vea la foto y <b>permites al mismo tiempo que tu suegro haga esto\u00bb,<\/b> ha expresado Pardo.\u00a0<\/p>\n<p class=\"c-paragraph\">\u00ab\u00bfQui\u00e9n sabe que yo no he hablado con mi suegro en privado? <b>Se habla sin saber si ha habido una conversaci\u00f3n. <\/b>De todas formas la cara de mi hijo est\u00e1 tapada\u00bb, ha comentado Alejandra Rubio en Vamos a ver.\u00a0<\/p>\n<p>Carmen Borrego defiende a Alejandra Rubio<\/p>\n<p class=\"c-paragraph\">Carmen Borrego ha entrado en el debate en defensa de su sobrina. \u00abYo creo que <b>lo que dice Alejandra es la realidad<\/b>, no es lo mismo decirle a tu madre &#8216;oye, esto no me gusta&#8217; que dec\u00edrselo a tu suegra\u00bb, ha planteado la hermana de Terelu Campos.\u00a0<\/p>\n<p class=\"c-paragraph\">Patricia Pardo ha vuelto a intervenir y ha asegurado que <b>\u00abhay\u00a0gente que se enfrenta mucho m\u00e1s a su familia pol\u00edtica que a la suya\u00bb, <\/b>algo a lo que Alejandra Rubio le ha respondido muy contundente: \u00abPerdona Patricia, pero yo creo que <b>mi papel en esto es que haya paz. <\/b>Yo nunca voy a beneficiar un conflicto entre la familia de mi pareja y mi pareja\u00bb.<\/p>\n<p class=\"c-paragraph\">\u00abPero si se trata de proteger a tu hijo, que <b>es lo que llevas por bandera&#8230;<\/b>\u00ab, ha continuado la presentadora de Vamos a ver. \u00abNadie de sus abuelos le ha hecho da\u00f1o. <b>Si le hicieran da\u00f1o hablar\u00edamos de otra cosa\u00bb,<\/b> ha aclarado Alejandra Rubio.<\/p>\n","protected":false},"excerpt":{"rendered":"Hace unos d\u00edas, Alejandra Rubio tuvo un enfrentamiento con la prensa en el aeropuerto cuando la televisiva ped\u00eda&hellip;\n","protected":false},"author":2,"featured_media":111786,"comment_status":"","ping_status":"","sticky":false,"template":"","format":"standard","meta":{"footnotes":""},"categories":[91],"tags":[7934,17354,146,147,25,24,4417,6461,14346,23],"class_list":{"0":"post-111785","1":"post","2":"type-post","3":"status-publish","4":"format-standard","5":"has-post-thumbnail","7":"category-entretenimiento","8":"tag-alejandra","9":"tag-comentarios","10":"tag-entertainment","11":"tag-entretenimiento","12":"tag-es","13":"tag-espana","14":"tag-los","15":"tag-reacciona","16":"tag-rubio","17":"tag-spain"},"share_on_mastodon":{"url":"","error":""},"_links":{"self":[{"href":"https:\/\/www.europesays.com\/es\/wp-json\/wp\/v2\/posts\/111785","targetHints":{"allow":["GET"]}}],"collection":[{"href":"https:\/\/www.europesays.com\/es\/wp-json\/wp\/v2\/posts"}],"about":[{"href":"https:\/\/www.europesays.com\/es\/wp-json\/wp\/v2\/types\/post"}],"author":[{"embeddable":true,"href":"https:\/\/www.europesays.com\/es\/wp-json\/wp\/v2\/users\/2"}],"replies":[{"embeddable":true,"href":"https:\/\/www.europesays.com\/es\/wp-json\/wp\/v2\/comments?post=111785"}],"version-history":[{"count":0,"href":"https:\/\/www.europesays.com\/es\/wp-json\/wp\/v2\/posts\/111785\/revisions"}],"wp:featuredmedia":[{"embeddable":true,"href":"https:\/\/www.europesays.com\/es\/wp-json\/wp\/v2\/media\/111786"}],"wp:attachment":[{"href":"https:\/\/www.europesays.com\/es\/wp-json\/wp\/v2\/media?parent=111785"}],"wp:term":[{"taxonomy":"category","embeddable":true,"href":"https:\/\/www.europesays.com\/es\/wp-json\/wp\/v2\/categories?post=111785"},{"taxonomy":"post_tag","embeddable":true,"href":"https:\/\/www.europesays.com\/es\/wp-json\/wp\/v2\/tags?post=111785"}],"curies":[{"name":"wp","href":"https:\/\/api.w.org\/{rel}","templated":true}]}}