{"id":11179,"date":"2025-07-29T07:52:12","date_gmt":"2025-07-29T07:52:12","guid":{"rendered":"https:\/\/www.europesays.com\/es\/11179\/"},"modified":"2025-07-29T07:52:12","modified_gmt":"2025-07-29T07:52:12","slug":"villaescusa-decora-sus-rincones-mas-grises-con-colores-de-arte-urbano","status":"publish","type":"post","link":"https:\/\/www.europesays.com\/es\/11179\/","title":{"rendered":"Villaescusa decora sus rincones m\u00e1s grises con colores de arte urbano"},"content":{"rendered":"<p>Fachadas deterioradas, vallas, transformadores poco est\u00e9ticos de la compa\u00f1\u00eda Viesgo&#8230; Todo sirve como un lienzo perfecto para Steve Camino, artista urbano de origen pejino. En  &#8230; \u00e9l ha confiado, de nuevo, el alcalde de Villaescusa, Constantino Fern\u00e1ndez, para decorar aquellos espacios o edificios que presentan peor aspecto o son poco est\u00e9ticos. El resultado, un mundo de color y motivos alusivos al entorno rural y pasado ganadero y cultural del municipio. <\/p>\n<p class=\"v-p\">\u00abLa verdad es que estamos encantados\u00bb, dice el regidor de Villaescusa, que ha confiado otra vez en el grafitero y artista pejino para dar color a las paredes de sus pueblos. En esta tanda de arte urbano, Camino ha actuado en la fachada de la entrada de la biblioteca de Villaescusa, donde ha decorado la misma como si fuera una estanter\u00eda con libros, pero tambi\u00e9n llama la atenci\u00f3n el trabajo realizado en el transformador de Viesgo que hay situado junto al Ayuntamiento en La Concha.<\/p>\n<p><img decoding=\"async\" loading=\"lazy\" src=\"https:\/\/www.europesays.com\/es\/wp-content\/uploads\/2025\/07\/grafiti (1)-kb9D-U2302501592898JvC-650x455@Diario Montanes.jpg\" class=\"v-a-img\" width=\"650\" height=\"455\" alt=\"\" data-voc-vtm-id=\"in-text-traffic\"\/><\/p>\n<p><img loading=\"lazy\" decoding=\"async\" src=\"https:\/\/www.europesays.com\/es\/wp-content\/uploads\/2025\/07\/grafiti (1)-kb9D-U2302501592898hIG-1920x1344@Diario Montanes.jpg\" class=\"v-mdl__img-z\" width=\"1920\" height=\"1344\" alt=\"\"\/><\/p>\n<p class=\"v-p\">\u00abYa hab\u00eda realizado otras actuaciones en el municipio y nos gustaron mucho\u00bb, explica Fern\u00e1ndez, contento por haber confiado de nuevo en el pincel del artista pejino. En este caso, seg\u00fan a\u00f1ade, le sugerimos varias ideas que sean \u00abse\u00f1a de identidad\u00bb de nuestro municipio. As\u00ed, la fachada de la biblioteca se han transformado en una estanter\u00eda de libros viejos llenos de color \u00aben una vibrante alegor\u00eda a la cultura\u00bb, describen. Tambi\u00e9n aparecen motivos del campo en el hasta ahora poco est\u00e9tico transformador de Viesgo. \u00abAll\u00ed le pedimos que rindiese homenaje a nuestras ra\u00edces, la ganader\u00eda y la riqueza hort\u00edcola que definen la identidad de nuestro municip\u00eco\u00bb, subraya el alcalde, matizando que la obra de Steve Camino \u00abno solo decora sino que cuenta la historia del municipio\u00bb, insiste.<\/p>\n<p><img decoding=\"async\" loading=\"lazy\" src=\"https:\/\/www.europesays.com\/es\/wp-content\/uploads\/2025\/07\/grafiti (2)-kb9D-U2302501592898h7D-650x455@Diario Montanes.jpg\" class=\"v-a-img\" width=\"650\" height=\"455\" alt=\"\" data-voc-vtm-id=\"in-text-traffic\"\/><\/p>\n<p><img loading=\"lazy\" decoding=\"async\" src=\"https:\/\/www.europesays.com\/es\/wp-content\/uploads\/2025\/07\/grafiti (2)-kb9D-U23025015928981AH-1920x1344@Diario Montanes.jpg\" class=\"v-mdl__img-z\" width=\"1920\" height=\"1344\" alt=\"\"\/><\/p>\n<p class=\"v-p\">\u00bfY qui\u00e9n es el artista que tanto gusta en Villaescusa? Es un grafitero, artista y tatuador pejino que ya ha dejado su impronta en numerosas localidades de Cantabria. Por ejemplo, una de sus obras m\u00e1s impresionantes es la del acuario del t\u00fanel de Laredo. <\/p>\n<p class=\"v-p\">No obstante, Villaescusa tambi\u00e9n tiene cantera propia. Cabe recordar que el actual Centro de Juventud ha sido decorado con murales del joven artista local N\u00e9stor del Barrio, que ha plasmado su estilo en diferentes paredes del municipio.<\/p>\n","protected":false},"excerpt":{"rendered":"Fachadas deterioradas, vallas, transformadores poco est\u00e9ticos de la compa\u00f1\u00eda Viesgo&#8230; Todo sirve como un lienzo perfecto para Steve&hellip;\n","protected":false},"author":2,"featured_media":11180,"comment_status":"","ping_status":"","sticky":false,"template":"","format":"standard","meta":{"footnotes":""},"categories":[173],"tags":[229,233,231,230,8045,8042,232,234,146,147,25,24,8044,8043,23,1436,8041],"class_list":{"0":"post-11179","1":"post","2":"type-post","3":"status-publish","4":"format-standard","5":"has-post-thumbnail","7":"category-arte-y-diseno","8":"tag-arte","9":"tag-arte-y-diseno","10":"tag-arts","11":"tag-arts-and-design","12":"tag-colores","13":"tag-decora","14":"tag-design","15":"tag-diseno","16":"tag-entertainment","17":"tag-entretenimiento","18":"tag-es","19":"tag-espana","20":"tag-grises","21":"tag-rincones","22":"tag-spain","23":"tag-urbano","24":"tag-villaescusa"},"share_on_mastodon":{"url":"","error":""},"_links":{"self":[{"href":"https:\/\/www.europesays.com\/es\/wp-json\/wp\/v2\/posts\/11179","targetHints":{"allow":["GET"]}}],"collection":[{"href":"https:\/\/www.europesays.com\/es\/wp-json\/wp\/v2\/posts"}],"about":[{"href":"https:\/\/www.europesays.com\/es\/wp-json\/wp\/v2\/types\/post"}],"author":[{"embeddable":true,"href":"https:\/\/www.europesays.com\/es\/wp-json\/wp\/v2\/users\/2"}],"replies":[{"embeddable":true,"href":"https:\/\/www.europesays.com\/es\/wp-json\/wp\/v2\/comments?post=11179"}],"version-history":[{"count":0,"href":"https:\/\/www.europesays.com\/es\/wp-json\/wp\/v2\/posts\/11179\/revisions"}],"wp:featuredmedia":[{"embeddable":true,"href":"https:\/\/www.europesays.com\/es\/wp-json\/wp\/v2\/media\/11180"}],"wp:attachment":[{"href":"https:\/\/www.europesays.com\/es\/wp-json\/wp\/v2\/media?parent=11179"}],"wp:term":[{"taxonomy":"category","embeddable":true,"href":"https:\/\/www.europesays.com\/es\/wp-json\/wp\/v2\/categories?post=11179"},{"taxonomy":"post_tag","embeddable":true,"href":"https:\/\/www.europesays.com\/es\/wp-json\/wp\/v2\/tags?post=11179"}],"curies":[{"name":"wp","href":"https:\/\/api.w.org\/{rel}","templated":true}]}}