{"id":111791,"date":"2025-09-13T06:55:10","date_gmt":"2025-09-13T06:55:10","guid":{"rendered":"https:\/\/www.europesays.com\/es\/111791\/"},"modified":"2025-09-13T06:55:10","modified_gmt":"2025-09-13T06:55:10","slug":"tension-en-turquia-el-principal-opositor-imamoglu-comparecio-ante-un-tribunal-por-presunta-falsificacion-de-su-titulo-universitario","status":"publish","type":"post","link":"https:\/\/www.europesays.com\/es\/111791\/","title":{"rendered":"Tensi\u00f3n en Turqu\u00eda: el principal opositor Imamoglu compareci\u00f3 ante un tribunal por presunta falsificaci\u00f3n de su t\u00edtulo universitario"},"content":{"rendered":"<p><img alt=\"FOTO DE ARCHIVO: El alcalde\" class=\"global-image\" decoding=\"async\" fetchpriority=\"high\" height=\"3648\" loading=\"eager\" src=\"https:\/\/www.europesays.com\/es\/wp-content\/uploads\/2025\/09\/TRLTLQY6AFEUFDBNEVFPGQO4DA.JPG\" width=\"5472\"\/>FOTO DE ARCHIVO: El alcalde de Estambul, Ekrem Imamoglu, saluda a sus simpatizantes tras recibir el certificado de alcalde frente al Palacio de Justicia de \u00c7a\u011flayan, en Estambul, Turqu\u00eda, el 3 de abril de 2024. (REUTERS\/Dilara Senkaya\/Foto de archivo)<\/p>\n<p class=\"paragraph\">El <b>alcalde de Estambul <\/b>y figura central de la oposici\u00f3n turca, <b>Ekrem Imamoglu<\/b>, compareci\u00f3 este viernes ante un tribunal en la <b>prisi\u00f3n de Silivri<\/b>,<b> <\/b>acusado de falsificar su t\u00edtulo universitario.<b> <\/b>El socialdem\u00f3crata Imamoglu, encarcelado desde marzo por otras<b> causas de corrupci\u00f3n<\/b> y supuestos v\u00ednculos con el <b>terrorismo<\/b>, afronta ahora un proceso que podr\u00eda derivar en una <b>pena de hasta ocho a\u00f1os y nueve meses<\/b> de c\u00e1rcel, adem\u00e1s de la <b>inhabilitaci\u00f3n pol\u00edtica.<\/b><\/p>\n<p class=\"paragraph\">El caso se centra en la validez del diploma universitario de Imamoglu, obtenido en 1994 en la Universidad de Estambul tras transferir sus estudios desde el norte de Chipre. La <b>Fiscal\u00eda lo acusa de \u201cfalsificaci\u00f3n reiterada de documentos oficiales\u201d<\/b>, al sostener que la convalidaci\u00f3n de sus estudios en Chipre fue irregular y que utiliz\u00f3 ese diploma a lo largo de su carrera pol\u00edtica, un supuesto delito por el que pide entre 2 y 8 a\u00f1os de c\u00e1rcel.<\/p>\n<p class=\"paragraph\">La <b>Universidad de Estambul retir\u00f3 su diploma en marzo<\/b>, junto al de otras <b>54 personas<\/b>, argumentando inconsistencias en los tr\u00e1mites de traslado. Seg\u00fan la acusaci\u00f3n, en 1990 Imamoglu fue inscrito como proveniente de la Universidad del Mediterr\u00e1neo Oriental, reconocida por Turqu\u00eda, cuando en realidad habr\u00eda estudiado en el Colegio Universitario de Chipre Norte, sin convenios oficiales en aquel momento.<\/p>\n<p class=\"paragraph\">Imamoglu fue arrestado al d\u00eda siguiente, lo que provoc\u00f3 que <b>cientos de miles de personas inundaran las calles en las mayores protestas de Turqu\u00eda en m\u00e1s de una d\u00e9cada.<\/b><\/p>\n<p><img alt=\"Un hombre sostiene un cartel\" class=\"global-image\" decoding=\"async\" fetchpriority=\"low\" height=\"4335\" loading=\"lazy\" src=\"https:\/\/www.europesays.com\/es\/wp-content\/uploads\/2025\/09\/YTC4YFZ5R5CDTLRVOR3OXP4IMA.JPG\" width=\"6500\"\/>Un hombre sostiene un cartel con la imagen del alcalde de Estambul, Ekrem Imamoglu, durante una manifestaci\u00f3n en protesta por el fallo judicial que destituy\u00f3 a la dirigencia provincial del Partido Republicano del Pueblo (CHP), principal fuerza opositora, en Estambul, Turqu\u00eda, el 10 de septiembre de 2025. (REUTERS\/Umit Bektas)<\/p>\n<p class=\"paragraph\">La Fiscal\u00eda sostiene que existi\u00f3 \u201cfalsedad evidente\u201d en la documentaci\u00f3n, aunque no precisa si Imamoglu fue responsable directo de falsificar papeles.<\/p>\n<p class=\"paragraph\">El alcalde es considerado el <b>principal rival de Erdogan<\/b> de cara a las <b>elecciones presidenciales de 2028<\/b>, para las cuales fue designado candidato por el CHP tras su arresto. Seg\u00fan la Constituci\u00f3n turca, un t\u00edtulo universitario v\u00e1lido es requisito para postularse a la presidencia, lo que convierte este proceso en decisivo para su futuro pol\u00edtico.<\/p>\n<p class=\"paragraph\">El opositor Imamoglu rechaz\u00f3 categ\u00f3ricamente los cargos.<b> \u201cNo ten\u00eda nada que ver\u201d<\/b>, afirm\u00f3 en la audiencia, y denunci\u00f3 que el proceso refleja la crisis de confianza en la justicia turca: <b>\u201cEl 80% de la ciudadan\u00eda no conf\u00eda en la Justicia\u201d.<\/b><\/p>\n<p class=\"paragraph\">Ante el tribunal, ironiz\u00f3 sobre la inconsistencia de las acusaciones:<b> \u201c\u00bfCu\u00e1l es exactamente mi delito aqu\u00ed? \u00bfQu\u00e9 fraude?\u201d.<\/b> Y en una alusi\u00f3n directa a Erdogan, quien, seg\u00fan rumores no se gradu\u00f3 de la universidad, replic\u00f3: <b>\u201cNo me importa escuchar, pero espero que la persona que no tiene un diploma tambi\u00e9n est\u00e9 escuchando\u201d.<\/b><\/p>\n<p><img alt=\"M\u00e1s simpatizantes del principal partido\" class=\"global-image\" decoding=\"async\" fetchpriority=\"low\" height=\"5464\" loading=\"lazy\" src=\"https:\/\/www.europesays.com\/es\/wp-content\/uploads\/2025\/09\/73KVP77HURAZREPIJIPNJSZWS4.JPG\" width=\"8192\"\/>M\u00e1s simpatizantes del principal partido opositor, el Partido Republicano del Pueblo (CHP), participando en una manifestaci\u00f3n para protestar contra el arresto de Ekrem Imamoglu, en Estambul, Turqu\u00eda, el 3 de septiembre de 2025. (REUTERS\/Umit Bektas)<\/p>\n<p class=\"paragraph\">El propio Imamoglu explic\u00f3 que fue admitido en una universidad del norte de Chipre a los 18 a\u00f1os, en un procedimiento conforme a las regulaciones del Consejo de Educaci\u00f3n Superior (Y\u00d6K). \u201c<b>Este es el nivel de absurdo de la acusaci\u00f3n: despu\u00e9s podr\u00edan incluso afirmar que la TRNC no existe solo para que me revoquen el t\u00edtulo\u201d<\/b>, ironiz\u00f3.<\/p>\n<p class=\"paragraph\"><b>\u201cEl fiscal no redact\u00f3 esta acusaci\u00f3n. La redact\u00f3 quien sab\u00eda que lo derrotar\u00eda en las pr\u00f3ximas elecciones\u201d<\/b>, a\u00f1adi\u00f3 m\u00e1s tarde, refiri\u00e9ndose tambi\u00e9n a Erdogan.<\/p>\n<p class=\"paragraph\">La sesi\u00f3n, que dur\u00f3 siete horas, estuvo marcada por un fuerte acompa\u00f1amiento de la oposici\u00f3n: su familia, diputados del CHP y <b>miles de simpatizantes<\/b> se hicieron presentes en el tribunal. Imamoglu fue recibido con aplausos y v\u00edtores, e incluso fue llamado por los presentes <b>\u201cPresidente Imamoglu\u201d.<\/b><\/p>\n<p class=\"paragraph\">El presidente del CHP, <b>\u00d6zg\u00fcr \u00d6zel<\/b>, denunci\u00f3 que el juicio forma parte de una <b>ofensiva del gobierno contra la oposici\u00f3n<\/b>. El propio partido sostiene que las causas judiciales \u2014Imamoglu enfrenta al menos otros siete procesos abiertos\u2014 <b>buscan neutralizarlo pol\u00edticamente y asegurar el camino de Recep Tayyip Erdogan hacia un nuevo mandato.<\/b><\/p>\n<p class=\"paragraph\">El gobierno, en cambio, insiste en que los tribunales son independientes y que no existe persecuci\u00f3n pol\u00edtica.<\/p>\n<p><img alt=\"El presidente de la Rep\u00fablica\" class=\"global-image\" decoding=\"async\" fetchpriority=\"low\" height=\"1185\" loading=\"lazy\" src=\"https:\/\/www.europesays.com\/es\/wp-content\/uploads\/2025\/09\/FILNVVSJWRHGVPLTNZPXX34RMU.jpg\" width=\"1920\"\/>El presidente de la Rep\u00fablica de Turqu\u00eda, Recep Tayyip Erdogan. (Foto: Kremlin\/dpa)<\/p>\n<p class=\"paragraph\">Imamoglu salt\u00f3 a la primera l\u00ednea nacional en 2019, cuando conquist\u00f3 la alcald\u00eda de Estambul, la ciudad m\u00e1s grande del pa\u00eds, arrebat\u00e1ndosela al partido de Erdogan en una elecci\u00f3n hist\u00f3rica. A pesar de los intentos oficiales por anular su victoria, volvi\u00f3 a imponerse con una diferencia mayor en la repetici\u00f3n de los comicios.<\/p>\n<p class=\"paragraph\">El <b>proceso judicial continuar\u00e1 el pr\u00f3ximo 20 de octubre<\/b>, cuando se celebrar\u00e1 una nueva vista en la prisi\u00f3n de Silivri, donde el alcalde permanece <b>detenido preventivamente<\/b>. Mientras tanto, sus funciones como regente de Estambul son ejercidas por un diputado del CHP.<\/p>\n<p class=\"paragraph\">Su futuro pol\u00edtico, y en buena medida el del panorama opositor en Turqu\u00eda, depender\u00e1 del desenlace de este caso que hoy combina la esfera judicial con el pulso pol\u00edtico m\u00e1s delicado del pa\u00eds en los \u00faltimos a\u00f1os.<\/p>\n<p class=\"paragraph\">(Con informaci\u00f3n de agencias)<\/p>\n","protected":false},"excerpt":{"rendered":"FOTO DE ARCHIVO: El alcalde de Estambul, Ekrem Imamoglu, saluda a sus simpatizantes tras recibir el certificado de&hellip;\n","protected":false},"author":2,"featured_media":111792,"comment_status":"","ping_status":"","sticky":false,"template":"","format":"standard","meta":{"footnotes":""},"categories":[42],"tags":[17,18,13,14,5638,11,61,62,63,64,38043,19,20,9,10,15,16,12,21,22,65,66,67],"class_list":{"0":"post-111791","1":"post","2":"type-post","3":"status-publish","4":"format-standard","5":"has-post-thumbnail","7":"category-internacional","8":"tag-breaking-news","9":"tag-breakingnews","10":"tag-featured-news","11":"tag-featurednews","12":"tag-government-politics","13":"tag-headlines","14":"tag-internacional","15":"tag-international","16":"tag-international-news","17":"tag-internationalnews","18":"tag-istanbul","19":"tag-latest-news","20":"tag-latestnews","21":"tag-news","22":"tag-noticias","23":"tag-noticias-destacadas","24":"tag-noticiasdestacadas","25":"tag-titulares","26":"tag-ultimas-noticias","27":"tag-ultimasnoticias","28":"tag-world","29":"tag-world-news","30":"tag-worldnews"},"share_on_mastodon":{"url":"","error":""},"_links":{"self":[{"href":"https:\/\/www.europesays.com\/es\/wp-json\/wp\/v2\/posts\/111791","targetHints":{"allow":["GET"]}}],"collection":[{"href":"https:\/\/www.europesays.com\/es\/wp-json\/wp\/v2\/posts"}],"about":[{"href":"https:\/\/www.europesays.com\/es\/wp-json\/wp\/v2\/types\/post"}],"author":[{"embeddable":true,"href":"https:\/\/www.europesays.com\/es\/wp-json\/wp\/v2\/users\/2"}],"replies":[{"embeddable":true,"href":"https:\/\/www.europesays.com\/es\/wp-json\/wp\/v2\/comments?post=111791"}],"version-history":[{"count":0,"href":"https:\/\/www.europesays.com\/es\/wp-json\/wp\/v2\/posts\/111791\/revisions"}],"wp:featuredmedia":[{"embeddable":true,"href":"https:\/\/www.europesays.com\/es\/wp-json\/wp\/v2\/media\/111792"}],"wp:attachment":[{"href":"https:\/\/www.europesays.com\/es\/wp-json\/wp\/v2\/media?parent=111791"}],"wp:term":[{"taxonomy":"category","embeddable":true,"href":"https:\/\/www.europesays.com\/es\/wp-json\/wp\/v2\/categories?post=111791"},{"taxonomy":"post_tag","embeddable":true,"href":"https:\/\/www.europesays.com\/es\/wp-json\/wp\/v2\/tags?post=111791"}],"curies":[{"name":"wp","href":"https:\/\/api.w.org\/{rel}","templated":true}]}}