{"id":111797,"date":"2025-09-13T06:59:23","date_gmt":"2025-09-13T06:59:23","guid":{"rendered":"https:\/\/www.europesays.com\/es\/111797\/"},"modified":"2025-09-13T06:59:23","modified_gmt":"2025-09-13T06:59:23","slug":"manuel-caballero-sustituye-a-morante-y-toma-la-alternativa","status":"publish","type":"post","link":"https:\/\/www.europesays.com\/es\/111797\/","title":{"rendered":"Manuel Caballero sustituye a &#8216;Morante&#8217; y toma la alternativa"},"content":{"rendered":"<p>Manuel Caballero Quintanilla sustituye ma\u00f1ana a Morante de la Puebla en la sexta de abono, un festejo en el que tomar\u00e1 la alternativa de manos de Paco Ure\u00f1a y con Roca Rey como testigo, con toros de la ganader\u00eda albacetense de Daniel Ruiz.<\/p>\n<p>Desde la noche del jueves, cuando se conoci\u00f3 que el diestro sevillana causaba baja en varias ferias debido a complicaciones en la cicatrizaci\u00f3n de la herida por la cogida el pasado 10 de agosto en Pontevedra, la UTE Casas-Amador, comenz\u00f3 a trabajar en la sustituci\u00f3n del Morante y esta ma\u00f1ana se tom\u00f3 la decisi\u00f3n de que fuese con el doctorado de Manuel Caballero.<\/p>\n<p>En un comunicado, la UTE Casas Amador se\u00f1ala que, \u00abtras el parte presentado en el d\u00eda de ayer por el matador de toros Morante de la Puebla comunicando que no podr\u00e1 hacer el pase\u00edllo este s\u00e1bado 13 de septiembre en Albacete, ser\u00e1 Manuel Caballero quien sustituya a Morante de la Puebla tras resentirse de su cornada en Pontevedra\u00bb.<\/p>\n<p>A\u00f1ade que es \u00abuna alternativa de lujo para uno de los j\u00f3venes promesas del toreo de Albacete que se convertir\u00e1 en matador de toros en el cartel estrella de la Feria, con la presencia de la figura del toreo Roca Rey y Paco Ure\u00f1a, con toros de Daniel Ruiz\u00bb.<\/p>\n<p>El joven albacetense, de 23 a\u00f1os de edad, debut\u00f3 con los del castore\u00f1o el 14 de mayo de 2022 en Casas Ib\u00e1\u00f1ez, en un festejo en el que cort\u00f3 tres orejas a astados de Alcurruc\u00e9n. Esta temporada es, por tanto, la tercera en el escalaf\u00f3n novilleril y ya sabe lo que es hacer el pase\u00edllo en el actual abono, ya que actu\u00f3 en la primera de las dos novilladas, el pasado martes, donde cort\u00f3 dos orejas a astados de Montealto y sali\u00f3 en hombros junto a Aar\u00f3n Palacio.<\/p>\n","protected":false},"excerpt":{"rendered":"Manuel Caballero Quintanilla sustituye ma\u00f1ana a Morante de la Puebla en la sexta de abono, un festejo en&hellip;\n","protected":false},"author":2,"featured_media":111798,"comment_status":"","ping_status":"","sticky":false,"template":"","format":"standard","meta":{"footnotes":""},"categories":[277],"tags":[373,10500,168,25,24,1949,4317,1392,4316,23,167,374,444],"class_list":{"0":"post-111797","1":"post","2":"type-post","3":"status-publish","4":"format-standard","5":"has-post-thumbnail","7":"category-toreo","8":"tag-bullfighting","9":"tag-casas-ibanez","10":"tag-deportes","11":"tag-es","12":"tag-espana","13":"tag-ganaderia","14":"tag-la-puebla-de-montalban","15":"tag-morante-de-la-puebla","16":"tag-roca-rey","17":"tag-spain","18":"tag-sports","19":"tag-toreo","20":"tag-toros"},"share_on_mastodon":{"url":"","error":""},"_links":{"self":[{"href":"https:\/\/www.europesays.com\/es\/wp-json\/wp\/v2\/posts\/111797","targetHints":{"allow":["GET"]}}],"collection":[{"href":"https:\/\/www.europesays.com\/es\/wp-json\/wp\/v2\/posts"}],"about":[{"href":"https:\/\/www.europesays.com\/es\/wp-json\/wp\/v2\/types\/post"}],"author":[{"embeddable":true,"href":"https:\/\/www.europesays.com\/es\/wp-json\/wp\/v2\/users\/2"}],"replies":[{"embeddable":true,"href":"https:\/\/www.europesays.com\/es\/wp-json\/wp\/v2\/comments?post=111797"}],"version-history":[{"count":0,"href":"https:\/\/www.europesays.com\/es\/wp-json\/wp\/v2\/posts\/111797\/revisions"}],"wp:featuredmedia":[{"embeddable":true,"href":"https:\/\/www.europesays.com\/es\/wp-json\/wp\/v2\/media\/111798"}],"wp:attachment":[{"href":"https:\/\/www.europesays.com\/es\/wp-json\/wp\/v2\/media?parent=111797"}],"wp:term":[{"taxonomy":"category","embeddable":true,"href":"https:\/\/www.europesays.com\/es\/wp-json\/wp\/v2\/categories?post=111797"},{"taxonomy":"post_tag","embeddable":true,"href":"https:\/\/www.europesays.com\/es\/wp-json\/wp\/v2\/tags?post=111797"}],"curies":[{"name":"wp","href":"https:\/\/api.w.org\/{rel}","templated":true}]}}