{"id":111799,"date":"2025-09-13T07:03:07","date_gmt":"2025-09-13T07:03:07","guid":{"rendered":"https:\/\/www.europesays.com\/es\/111799\/"},"modified":"2025-09-13T07:03:07","modified_gmt":"2025-09-13T07:03:07","slug":"rubi-la-leyenda-invisible-que-podria-haber-sido-mejor-que-contador-no-recuerdo-el-accidente","status":"publish","type":"post","link":"https:\/\/www.europesays.com\/es\/111799\/","title":{"rendered":"Rubi, la leyenda &#8216;invisible&#8217; que \u00abpodr\u00eda haber sido mejor que Contador\u00bb: \u00abNo recuerdo el accidente\u00bb"},"content":{"rendered":"<p data-mrf-recirculation=\"Links P\u00e1rrafos\" class=\"ue-c-article__paragraph paragraph ue-c-article--first-letter-highlighted\">En B\u00e9jar, ese rinc\u00f3n salmantino de apenas <strong>12.000 habitantes<\/strong> incrustado en la monta\u00f1a, el ciclismo es m\u00e1s que un deporte: es una forma de respirar. All\u00ed los ni\u00f1os no so\u00f1aban con ser futbolistas, so\u00f1aban con ser ciclistas. <strong>\u201cNo hay ninguna poblaci\u00f3n tan peque\u00f1a con tanto ciclista profesional\u201d<\/strong>, repiten orgullosos. Y entre apellidos que hicieron historia -Cubino, Heras, Blanco, Due\u00f1as- tambi\u00e9n se esconde el de Luis Roberto \u00c1lvarez, m\u00e1s conocido como Rubi. El ciclista que nunca sali\u00f3 en las portadas, pero cuya voz y legado son imprescindibles para entender por qu\u00e9 B\u00e9jar es la \u2018Galia ciclista\u2019 de Espa\u00f1a.<\/p>\n<p>La semilla de un sue\u00f1o<\/p>\n<p data-mrf-recirculation=\"Links P\u00e1rrafos\" class=\"ue-c-article__paragraph paragraph\">Todo empez\u00f3 con una imagen.<strong> \u201cLe dije a mis padres al ver al Lale en el podio: quiero ser como ese. Fue el a\u00f1o que Heras vino de l\u00edder a B\u00e9jar\u201d, recuerda Rubi. Laudelino Cubino<\/strong>, \u00eddolo local, vestido de gloria, sirvi\u00f3 de espejo a toda una generaci\u00f3n. En las cunetas de aquellas etapas estaban Santi Blanco y Roberto Heras; a\u00f1os m\u00e1s tarde, cuando ellos ganaron en La Covatilla, en esas mismas cunetas estaban <strong>Rubi y Mois\u00e9s Due\u00f1as,<\/strong> so\u00f1ando con dar el salto. La rueda de la historia se repet\u00eda.<\/p>\n<p>Armero, en MARCA.<\/p>\n<p data-mrf-recirculation=\"Links P\u00e1rrafos\" class=\"ue-c-article__paragraph paragraph\">Rubi, sobre el que\u00a0 los de su generaci\u00f3n dicen que<strong> \u00abpodr\u00eda haber sido mejor que Contador\u00bb<\/strong> de no haberse lesionado, entr\u00f3 en la escuela de ciclismo del pueblo, compartiendo carretera con Due\u00f1as, con Roberto, con Santi. El ciclismo dej\u00f3 de ser un juego para convertirse en una promesa de vida. Pero el destino ten\u00eda reservado un golpe inesperado.<\/p>\n<p>El accidente que lo cambi\u00f3 todo<\/p>\n<p data-mrf-recirculation=\"Links P\u00e1rrafos\" class=\"ue-c-article__paragraph paragraph\">Su carrera se torci\u00f3 de forma abrupta, casi cruel. Convocado a \u00faltima hora para una prueba en Galicia, a la que no deb\u00eda ir pero fue porque a un compa\u00f1ero le pic\u00f3 una abeja, se lanz\u00f3 a la carretera sin apenas preparaci\u00f3n. Lo hac\u00eda como tantas veces: para ayudar, para cumplir. En una bajada, un coche mal parado lo detuvo en seco. El golpe fue brutal. \u201cDe eso no me acuerdo\u201d, confiesa. Solo sabe que cuando despert\u00f3, su vida hab\u00eda cambiado.<\/p>\n<p>En el trabajo dirigido por Andr\u00e9s Garc\u00eda Armero que se puede ver en Movistar se habla sobre uno de los movimientos m\u00e1s medi\u00e1ticos de la historia del ciclismo espa\u00f1ol.Movistar Plus<\/p>\n<p data-mrf-recirculation=\"Links P\u00e1rrafos\" class=\"ue-c-article__paragraph paragraph\">A partir de entonces, todo fue luchar contra la evidencia: intentar volver, entrenar, levantarse con l\u00e1grimas en los ojos en Mallorca, en Formentor, sentir la bicicleta como un ancla\u2026 y, al final, aceptar que aquella etapa se hab\u00eda cerrado. \u201cHe sido lo que he sido, tuve un accidente y ah\u00ed se acab\u00f3 todo\u201d, admite con serenidad. Nunca se lament\u00f3 por lo que pudo ser. \u201cCoincid\u00ed con Luisle (con el que mantiene una gran relaci\u00f3n), con Contador\u2026 \u00bfQu\u00e9 habr\u00eda pasado conmigo? No lo s\u00e9. Puede que un a\u00f1o malo me dejara sin contrato, puede que uno bueno me abriera las puertas. Nunca me puse en esa situaci\u00f3n. He preferido vivir el d\u00eda a d\u00eda\u201d.<\/p>\n<p>La conversaci\u00f3n con Mois\u00e9s<\/p>\n<p data-mrf-recirculation=\"Links P\u00e1rrafos\" class=\"ue-c-article__paragraph paragraph\">De esa \u00e9poca queda una escena grabada a fuego, recogida incluso en el documental<a href=\"https:\/\/www.movistarplus.es\/documentales\/bejaranos-el-oficio-del-ciclista\/ficha?tipo=E&amp;id=4017043\" rel=\"nofollow noopener\" target=\"_blank\"><strong>&#8216;Bejaranos, el oficio del ciclista&#8217;<\/strong><\/a>dirigido por <strong>Andr\u00e9s Garc\u00eda Armero.<\/strong> Rubi y Mois\u00e9s Due\u00f1as, dos chavales que hab\u00edan entregado la vida a la bici, se sentaron a hablar del futuro tras colgar las ruedas:<\/p>\n<p data-mrf-recirculation=\"Links P\u00e1rrafos\" class=\"ue-c-article__paragraph paragraph\">\u2014Rubi: \u201c\u00bfY ahora qu\u00e9 hacemos?\u201d<\/p>\n<p data-mrf-recirculation=\"Links P\u00e1rrafos\" class=\"ue-c-article__paragraph paragraph\">\u2014Moi: \u201cSi no sabemos hacer otra cosa que dar pedales\u2026\u201d<\/p>\n<p data-mrf-recirculation=\"Links P\u00e1rrafos\" class=\"ue-c-article__paragraph paragraph\">\u2014Rubi: \u201cBuscar trabajo.\u201d<\/p>\n<p data-mrf-recirculation=\"Links P\u00e1rrafos\" class=\"ue-c-article__paragraph paragraph\">\u2014Moi: \u201c\u00bfPero buscar trabajo de qu\u00e9, si no tenemos estudios?\u201d<\/p>\n<p data-mrf-recirculation=\"Links P\u00e1rrafos\" class=\"ue-c-article__paragraph paragraph\">\u2014Rubi: \u201cPues no s\u00e9, colgar jamones en Guijuelo.\u201d<\/p>\n<p data-mrf-recirculation=\"Links P\u00e1rrafos\" class=\"ue-c-article__paragraph paragraph\">Al final, no fueron jamones, pero casi. Moi trabaja hoy en Guijuelo, en una empresa de metalurgia. Rubi encontr\u00f3 su sitio en el polideportivo de B\u00e9jar, en el \u00e1rea de deportes del Ayuntamiento. Se sacaron la ESO de adultos y entendieron que tambi\u00e9n fuera del ciclismo hab\u00eda que pedalear para sobrevivir.<\/p>\n<p>LaVuelta como refugio<\/p>\n<p data-mrf-recirculation=\"Links P\u00e1rrafos\" class=\"ue-c-article__paragraph paragraph\">El ciclismo, sin embargo, nunca se fue de sus vidas. <strong>Rubi es hoy conductor VIP de LaVuelta<\/strong>, compa\u00f1ero inseparable de Escart\u00edn y del equipo t\u00e9cnico. Desde ese asiento privilegiado supervisa carreteras, detecta incidencias, cuenta historias a quienes viajan con \u00e9l. Se ha convertido en memoria viva de la ronda espa\u00f1ola, alguien que sabe lo que se siente dentro del pelot\u00f3n y lo traduce para el resto.<\/p>\n<p>El mi\u00e9rcoles 2 de julio Movistar Plus+ estrena en exclusiva \u2018Bejaranos, el oficio del ciclista\u2019. Por primera vez, un documental se adentra en el coraz\u00f3n de un pueblo que ha sido cuna de varios de los mejores corredores de la historia de Espa\u00f1a.<\/p>\n<p data-mrf-recirculation=\"Links P\u00e1rrafos\" class=\"ue-c-article__paragraph paragraph\">Suya fue tambi\u00e9n la idea de llevar <strong>LaVuelta<\/strong> al temible pav\u00e9s de Candelario. Con tozudez y pasi\u00f3n defendi\u00f3 que esos adoquines eran parte de la identidad ciclista de la zona. Y ten\u00eda raz\u00f3n: aquella jornada qued\u00f3 grabada en la memoria colectiva como un s\u00edmbolo de autenticidad.<\/p>\n<p>Un legado invisible pero eterno<\/p>\n<p data-mrf-recirculation=\"Links P\u00e1rrafos\" class=\"ue-c-article__paragraph paragraph\">Rubi no levant\u00f3 los brazos en los <strong>Campos El\u00edseos<\/strong> ni se visti\u00f3 de rojo en Cibeles, pero dej\u00f3 algo igual de valioso: verdad. Su historia es la de los que no llegaron, la de los que se estrellaron contra la dureza del destino, la de quienes aprendieron a vivir sin dorsal, pero nunca sin ciclismo.<\/p>\n<p data-mrf-recirculation=\"Links P\u00e1rrafos\" class=\"ue-c-article__paragraph paragraph\">Hoy abre y cierra puertas en el pabell\u00f3n municipal de B\u00e9jar. Y cada septiembre, se toma vacaciones para seguir a LaVuelta, para volver a respirar la carretera, para sentirse ciclista desde otro \u00e1ngulo.<strong> \u201cLo \u00fanico que quiero es que mis hijos sean buenas personas. Y poder seguir vinculado al ciclismo muchos a\u00f1os m\u00e1s\u201d<\/strong>, dice con la sencillez de quien ya lo ha dado todo.<\/p>\n<p data-mrf-recirculation=\"Links P\u00e1rrafos\" class=\"ue-c-article__paragraph paragraph\">En B\u00e9jar, cuando se habla de ciclismo, los nombres de Cubino, Heras o Blanco resuenan con fuerza. Pero entre esas leyendas hay un eco distinto, m\u00e1s \u00edntimo, m\u00e1s humano: el de Rubi, el hombre que un d\u00eda quiso ser campe\u00f3n y acab\u00f3 siendo memoria. <strong>El ciclista invisible que sostiene la leyenda de la \u2018Galia ciclista\u2019.<\/strong><\/p>\n","protected":false},"excerpt":{"rendered":"En B\u00e9jar, ese rinc\u00f3n salmantino de apenas 12.000 habitantes incrustado en la monta\u00f1a, el ciclismo es m\u00e1s que&hellip;\n","protected":false},"author":2,"featured_media":111800,"comment_status":"","ping_status":"","sticky":false,"template":"","format":"standard","meta":{"footnotes":""},"categories":[273],"tags":[313,312,168,25,24,23,167],"class_list":{"0":"post-111799","1":"post","2":"type-post","3":"status-publish","4":"format-standard","5":"has-post-thumbnail","7":"category-ciclismo","8":"tag-ciclismo","9":"tag-cycling","10":"tag-deportes","11":"tag-es","12":"tag-espana","13":"tag-spain","14":"tag-sports"},"share_on_mastodon":{"url":"","error":""},"_links":{"self":[{"href":"https:\/\/www.europesays.com\/es\/wp-json\/wp\/v2\/posts\/111799","targetHints":{"allow":["GET"]}}],"collection":[{"href":"https:\/\/www.europesays.com\/es\/wp-json\/wp\/v2\/posts"}],"about":[{"href":"https:\/\/www.europesays.com\/es\/wp-json\/wp\/v2\/types\/post"}],"author":[{"embeddable":true,"href":"https:\/\/www.europesays.com\/es\/wp-json\/wp\/v2\/users\/2"}],"replies":[{"embeddable":true,"href":"https:\/\/www.europesays.com\/es\/wp-json\/wp\/v2\/comments?post=111799"}],"version-history":[{"count":0,"href":"https:\/\/www.europesays.com\/es\/wp-json\/wp\/v2\/posts\/111799\/revisions"}],"wp:featuredmedia":[{"embeddable":true,"href":"https:\/\/www.europesays.com\/es\/wp-json\/wp\/v2\/media\/111800"}],"wp:attachment":[{"href":"https:\/\/www.europesays.com\/es\/wp-json\/wp\/v2\/media?parent=111799"}],"wp:term":[{"taxonomy":"category","embeddable":true,"href":"https:\/\/www.europesays.com\/es\/wp-json\/wp\/v2\/categories?post=111799"},{"taxonomy":"post_tag","embeddable":true,"href":"https:\/\/www.europesays.com\/es\/wp-json\/wp\/v2\/tags?post=111799"}],"curies":[{"name":"wp","href":"https:\/\/api.w.org\/{rel}","templated":true}]}}