{"id":111810,"date":"2025-09-13T07:10:10","date_gmt":"2025-09-13T07:10:10","guid":{"rendered":"https:\/\/www.europesays.com\/es\/111810\/"},"modified":"2025-09-13T07:10:10","modified_gmt":"2025-09-13T07:10:10","slug":"operacion-triunfo-concursante-valencia-lucia-casani-es-de-paterna-y-actuara-en-la-gala-0-de-operacion-triunfo","status":"publish","type":"post","link":"https:\/\/www.europesays.com\/es\/111810\/","title":{"rendered":"OPERACION TRIUNFO CONCURSANTE VALENCIA | Luc\u00eda Casani es de Paterna y actuar\u00e1 en la Gala 0 de Operaci\u00f3n Triunfo"},"content":{"rendered":"<p class=\"ft-text ft-helper-closenews\">La primera canci\u00f3n que enton\u00f3<strong> <\/strong><a class=\"ft-link ft-link--decoration\" href=\"https:\/\/www.instagram.com\/ot2025.luciacasani\/\" rel=\"nofollow noopener\" target=\"_blank\"><strong>Luc\u00eda Casani<\/strong><\/a><strong> f<\/strong>ue \u00abMar\u00eda de la O\u00bb cuando ten\u00eda un a\u00f1o y medio. La joven, de <strong>19 a\u00f1os reci\u00e9n cumplidos y natural de <\/strong><a class=\"ft-link ft-link--decoration\" href=\"https:\/\/www.levante-emv.com\/tags\/paterna\/\" rel=\"nofollow noopener\" target=\"_blank\"><strong>Paterna<\/strong><\/a>, debutar\u00e1 este lunes en la <strong>gala 0<\/strong> del programa <a class=\"ft-link ft-link--decoration\" href=\"https:\/\/www.levante-emv.com\/tags\/operacion-triunfo\/\" rel=\"nofollow noopener\" target=\"_blank\"><strong>Operaci\u00f3n Triunfo<\/strong><\/a>, el talent show m\u00e1s conocido del pa\u00eds que emite Prime Video. De los 18 j\u00f3venes seleccionados que actuar\u00e1n en el primer programa de esta edici\u00f3n 2025,<strong> elegidos entre 11.500 personas<\/strong> que se presentaron al casting, <strong>solo 16 entrar\u00e1n en la academia.<\/strong> Luc\u00eda sue\u00f1a con ser una de ellas.<\/p>\n<p class=\"ft-text\">La joven, paternera de toda la vida, <strong>podr\u00eda ser una de las concursantes que forme parte del grupo en la academia musical<\/strong> que dirige <strong>Noem\u00ed Galera <\/strong>y por la que pasaron <strong>artistas como <\/strong><a class=\"ft-link ft-link--decoration\" href=\"https:\/\/www.youtube.com\/watch?v=7csX6CfgMoo\" rel=\"nofollow noopener\" target=\"_blank\"><strong>Aitana <\/strong><\/a><strong>o <\/strong><a class=\"ft-link ft-link--decoration\" href=\"https:\/\/www.youtube.com\/watch?v=I7LsENVJdK0&amp;list=RDI7LsENVJdK0&amp;start_radio=1\" rel=\"nofollow noopener\" target=\"_blank\"><strong>Amaia <\/strong><\/a><strong>hace tan solo unos a\u00f1os.<\/strong> Y ese ser\u00e1 su principal reto.<\/p>\n<p class=\"ft-text\">La paternera lleva cantando desde que su abuelo, que era imitador, le ense\u00f1\u00f3 su primera canci\u00f3n. \u00abCuando le oy\u00f3 cantar, dej\u00f3 sus juguetes, se subi\u00f3 a las piernas de su abuelo y le ped\u00eda una y otra vez que repitiera la canci\u00f3n hasta que se la aprendi\u00f3 de memoria. Cuando llegamos a casa no dejaba de cantarla\u00bb, cuenta Miriam, su madre, que en conversaci\u00f3n con este peri\u00f3dico asegura que toda la familia est\u00e1 de \u00absubid\u00f3n\u00bb por lo que se viene a partir del lunes.<\/p>\n<p class=\"ft-text\">Luc\u00eda es autodidacta y aunque este a\u00f1o ha hecho primero en la facultad de Ciencias Pol\u00edticas en la <strong>Universitat Jaume I (UJI) de Castell\u00f3<\/strong>, su sue\u00f1o siempre ha sido ser cantante y por eso este a\u00f1o har\u00e1 un par\u00f3n para apostar por este camino musical con la oportunidad que le brinda el programa, <strong>tras haber superado un casting dif\u00edcil <\/strong>y haber sido elegida entre miles de personas. \u00abCon seis a\u00f1os, viv\u00edamos enfrente del <strong>Parc Central de Paterna<\/strong> y un d\u00eda que hab\u00eda m\u00fasica nos pidi\u00f3 bajar. Cuando nos dimos cuenta, se hab\u00eda subido al escenario y cantaba la canci\u00f3n &#8216;Corre&#8217; de Jesse &amp; Joy\u00bb, recuerda su madre.<\/p>\n<p>Experiencia en otros programas<\/p>\n<p class=\"ft-text\">Desde entonces, ha aprendido todo lo que sabe de canto de manera autodidacta en tutoriales de Youtube y se ha dedicado a hacer versiones de canciones hasta el momento, <a class=\"ft-link ft-link--decoration\" href=\"https:\/\/www.instagram.com\/luciacasaninavarro\/\" rel=\"nofollow noopener\" target=\"_blank\">que colgaba en sus redes sociales<\/a>. Con todo, pese a su corta edad, Luc\u00eda tiene experiencia en programas de televisi\u00f3n y otros cert\u00e1menes musicales. Con <strong>13 a\u00f1os estuvo en el equipo de David Bisbal en el programa \u00abLa Voz Kids\u00bb <\/strong>y despu\u00e9s con <strong>Ana Mena en otro programa televisivo, Idol Kids. <\/strong><a class=\"ft-link ft-link--decoration\" href=\"https:\/\/www.paterna.es\/es\/actualidad\/noticias\/lucia-casani-telonera-concierto-ana-mena.html\" rel=\"nofollow noopener\" target=\"_blank\"><strong>Adem\u00e1s, tambi\u00e9n fue telonera de Ana Mena en las Fiestas Mayores de Paterna<\/strong><\/a> y de <a class=\"ft-link ft-link--decoration\" href=\"https:\/\/www.levante-emv.com\/horta\/2022\/11\/23\/gisela-nina-lucia-casani-encenderan-78971260.html\" rel=\"nofollow noopener\" target=\"_blank\">Gisela en los actos navide\u00f1os del municipio.<\/a><\/p>\n<p><img decoding=\"async\" src=\"https:\/\/www.europesays.com\/es\/wp-content\/uploads\/2025\/09\/36c8410c-f2e6-4d6d-9921-fefe245c19b1_alta-libre-aspect-ratio_default_0.jpg\" width=\"1200\" height=\"1644\" alt=\"Luc\u00eda, en la primera fase del casting de OT, que se celebr\u00f3 en Feria Valencia.\" class=\"ft-helper-img-rd\" loading=\"lazy\" hasdataaida=\"true\"\/><\/p>\n<p class=\"ft-helper-fontColor-quaternary ft-helper-fontSize-body-S ft-helper-spacer-t-xxs\">Luc\u00eda, en la primera fase del casting de OT, que se celebr\u00f3 en Feria Valencia.  \/ L-EMV<\/p>\n<p class=\"ft-text\">Luc\u00eda ha asistido durante toda su etapa educativa a centros escolares de Paterna. Tras cursar infantil en La Salle, hizo primaria, secundaria y bachillerato en el <strong>Colegio Palma, en La Canyada.<\/strong> Despu\u00e9s, se decidi\u00f3 por la carrera, aunque su pasi\u00f3n siempre ha sido la m\u00fasica. \u00abHa hecho un par\u00f3n porque ella quiere ser cantante. Es su proyecto y siempre dice que <strong>quiere dejar huella en la historia de la m\u00fasica<\/strong>\u00ab.<\/p>\n<p class=\"ft-text\">Desde junio que empezaron los castings, Luc\u00eda y su familia han pasado unos meses fren\u00e9ticos. Noem\u00ed Galera le puso la primera pegatina tras cantar tan solo una canci\u00f3n y despu\u00e9s de eso, solo han venido alegr\u00edas. En julio, cuando acababa de cumplir 19 a\u00f1os, le dieron la noticia: estaba entre los 18 aspirantes que actuar\u00edan en la gala 0. Luc\u00eda ha pasado el verano con una noticia que no pod\u00eda contar hasta ahora, que se han hecho p\u00fablicos los nombres de los aspirantes.<\/p>\n<p>\u00abEsperamos que cruce la pasarela y entre en la academia\u00bb<\/p>\n<p class=\"ft-text\">Ahora, Luc\u00eda ya est\u00e1 en Barcelona prepar\u00e1ndose para la primera gala, la Gala 0, que se emitir\u00e1 este lunes 15 de septiembre en directo. Miriam, su madre, se\u00f1ala que su vida, a\u00fan sin haber empezado el programa, ya ha cambiado. Y es que las noticias vuelan y el otro d\u00eda, volviendo a casa, las reconocieron dentro del coche. \u00abCre\u00edamos que era una broma\u00bb, cuenta. Ahora, <strong>solo esperan que \u00abtodo salga bien y pueda cruzar su primera pasarela de muchas\u00bb<\/strong>, explica Miriam.<\/p>\n<p class=\"ft-text\">Sabe que la vida de su hija podr\u00eda dar un giro de 180 grados y est\u00e1 preparada para ello. Luc\u00eda, seg\u00fan explica su madre, tambi\u00e9n lo est\u00e1. \u00abEl programa ya les ha puesto asistencia psicol\u00f3gica, antes, durante y despu\u00e9s de la emisi\u00f3n del programa, pues seguramente tengan mucho que procesar\u00bb, se\u00f1ala. Adem\u00e1s, desde el concurso televisivo tambi\u00e9n han explicado a las familias que puede ser que les empiecen a llegar mensajes y cr\u00edticas en redes sociales, \u00abpero que no tenemos que entrar ni hacer caso\u00bb.<\/p>\n<p>Tres valencianas<\/p>\n<p class=\"ft-text\">Del total, solo 16 entrar\u00e1n en la academia y podr\u00e1n participar en el concurso que se emitir\u00e1 cada lunes por la noche en Prime Video. A diferencia de la anterior edici\u00f3n, donde no hubo representantes valencianos, este a\u00f1o son tres las cantantes que vienen de la <a class=\"ft-link ft-link--decoration\" href=\"https:\/\/www.levante-emv.com\/tags\/comunitat-valenciana\/\" rel=\"nofollow noopener\" target=\"_blank\">Comunitat Valenciana<\/a>. <strong>Salma de Diego y Claudia Arenas son de <\/strong><a class=\"ft-link ft-link--decoration\" href=\"https:\/\/www.levante-emv.com\/tags\/alicante\/\" rel=\"nofollow noopener\" target=\"_blank\">Alicante <\/a>y Luc\u00eda Casani, de <a class=\"ft-link ft-link--decoration\" href=\"https:\/\/www.levante-emv.com\/tags\/valencia\/\" rel=\"nofollow noopener\" target=\"_blank\">Valencia<\/a>. Las tres tienen buena sinton\u00eda y se las ha visto en v\u00eddeos publicados en las redes sociales juntas y en un tren de camino a Barcelona, donde vivir\u00e1n su pr\u00f3xima aventura, una que podr\u00e1 cambiar sus vidas.<\/p>\n<p class=\"ft-text\">El alcalde de Paterna, <a class=\"ft-link ft-link--decoration\" href=\"https:\/\/www.instagram.com\/p\/DOgPaVRCO-f\/?img_index=1\" rel=\"nofollow noopener\" target=\"_blank\">Juan Antonio Sagredo<\/a>, ha mostrado p\u00fablicamente su apoyo a Luc\u00eda, a quien tambi\u00e9n acompa\u00f1\u00f3 durante su paso por La Voz Kids. \u00ab<strong>Nuestra Luc\u00eda en Operaci\u00f3n Triunfo. Desde Paterna estamos muy orgullosos<\/strong> de que hayas sido seleccionada, merecid\u00edsimo. \u00a1Confiamos much\u00edsimo en ti y sabemos que lo vas a hacer genial! \u00a1A por todas!\u00bb, ha escrito el primer edil en redes sociales.<\/p>\n<p data-close=\"closedContent\" class=\"subscribeHideForDisplay\">Suscr\u00edbete para seguir leyendo<\/p>\n<p><script async src=\"\/\/www.instagram.com\/embed.js\"><\/script><\/p>\n","protected":false},"excerpt":{"rendered":"La primera canci\u00f3n que enton\u00f3 Luc\u00eda Casani fue \u00abMar\u00eda de la O\u00bb cuando ten\u00eda un a\u00f1o y medio.&hellip;\n","protected":false},"author":2,"featured_media":111811,"comment_status":"","ping_status":"","sticky":false,"template":"","format":"standard","meta":{"footnotes":""},"categories":[171],"tags":[4328,24446,2884,4023,146,147,25,24,185,222,18882,2145,23,807,214],"class_list":{"0":"post-111810","1":"post","2":"type-post","3":"status-publish","4":"format-standard","5":"has-post-thumbnail","7":"category-tv","8":"tag-cantante","9":"tag-cantar","10":"tag-concursante","11":"tag-concurso","12":"tag-entertainment","13":"tag-entretenimiento","14":"tag-es","15":"tag-espana","16":"tag-musica","17":"tag-operacion-triunfo","18":"tag-paterna","19":"tag-programa","20":"tag-spain","21":"tag-television","22":"tag-tv"},"share_on_mastodon":{"url":"","error":""},"_links":{"self":[{"href":"https:\/\/www.europesays.com\/es\/wp-json\/wp\/v2\/posts\/111810","targetHints":{"allow":["GET"]}}],"collection":[{"href":"https:\/\/www.europesays.com\/es\/wp-json\/wp\/v2\/posts"}],"about":[{"href":"https:\/\/www.europesays.com\/es\/wp-json\/wp\/v2\/types\/post"}],"author":[{"embeddable":true,"href":"https:\/\/www.europesays.com\/es\/wp-json\/wp\/v2\/users\/2"}],"replies":[{"embeddable":true,"href":"https:\/\/www.europesays.com\/es\/wp-json\/wp\/v2\/comments?post=111810"}],"version-history":[{"count":0,"href":"https:\/\/www.europesays.com\/es\/wp-json\/wp\/v2\/posts\/111810\/revisions"}],"wp:featuredmedia":[{"embeddable":true,"href":"https:\/\/www.europesays.com\/es\/wp-json\/wp\/v2\/media\/111811"}],"wp:attachment":[{"href":"https:\/\/www.europesays.com\/es\/wp-json\/wp\/v2\/media?parent=111810"}],"wp:term":[{"taxonomy":"category","embeddable":true,"href":"https:\/\/www.europesays.com\/es\/wp-json\/wp\/v2\/categories?post=111810"},{"taxonomy":"post_tag","embeddable":true,"href":"https:\/\/www.europesays.com\/es\/wp-json\/wp\/v2\/tags?post=111810"}],"curies":[{"name":"wp","href":"https:\/\/api.w.org\/{rel}","templated":true}]}}