{"id":111812,"date":"2025-09-13T07:12:16","date_gmt":"2025-09-13T07:12:16","guid":{"rendered":"https:\/\/www.europesays.com\/es\/111812\/"},"modified":"2025-09-13T07:12:16","modified_gmt":"2025-09-13T07:12:16","slug":"decorado-la-nueva-pelicula-de-alberto-vazquez-unicorn-wars-presenta-un-trailer-de-lo-mas-inquietante","status":"publish","type":"post","link":"https:\/\/www.europesays.com\/es\/111812\/","title":{"rendered":"Decorado, la nueva pel\u00edcula de Alberto V\u00e1zquez (Unicorn Wars), presenta un tr\u00e1iler de lo m\u00e1s inquietante"},"content":{"rendered":"<p>Tr\u00e1iler de Decorado, una comedia negra de animaci\u00f3n dirigida por el cineasta espa\u00f1ol Alberto V\u00e1zquez que llega a los cines el pr\u00f3ximo mes de octubre.<\/p>\n<p>Tras deleitar a la cr\u00edtica y al p\u00fablico con <a href=\"https:\/\/www.hobbyconsolas.com\/noticias\/te-gusta-cine-animacion-no-te-puedes-perder-exposicion-sgae-1302600\" title=\"Si te gusta el cine de animaci\u00f3n, no te puedes perder esta exposici\u00f3n que se ha inaugurado esta semana en Madrid \" rel=\"nofollow noopener\" target=\"_blank\">Unicorn Wars<\/a>, el ganador de cuatro premios Goya <strong>Alberto V\u00e1zquez<\/strong> se prepara para estrenar su pr\u00f3xima <strong>pel\u00edcula<\/strong> de animaci\u00f3n, <a href=\"https:\/\/www.hobbyconsolas.com\/reportajes\/stop-motion-tipo-animacion-tiene-tanto-encanto-algunas-peliculas-indispensables-1434674\" title=\"Stop motion: qu\u00e9 tipo de animaci\u00f3n es, por qu\u00e9 tiene tanto encanto y algunas pel\u00edculas indispensables\" rel=\"nofollow noopener\" target=\"_blank\">Decorado<\/a>, una comedia negra que promete dar que hablar.<\/p>\n<p>Basada en el cortometraje hom\u00f3nimo realizado por el director en 2016, la cinta es una producci\u00f3n realizada por Abano Producions, Glow y UniKo con el apoyo de RTVE, ETB, TVG, Movistar Plus+, el ICAA, Agadic, el Gobierno Vasco, la Diputaci\u00f3n de Badajoz y Bizkaia.<\/p>\n<p>Para abrir boca, UniKo ha presentado el <strong>tr\u00e1iler oficial de <\/strong><strong>Decorado<\/strong>, el cual puedes echar un ojo a trav\u00e9s del v\u00eddeo que te dejamos a continuaci\u00f3n.<\/p>\n<p>De qu\u00e9 trata Decorado, lo nuevo del director de Unicorn Wars<\/p>\n<p>La trama de la pel\u00edcula gira en torno a Arnold, un rat\u00f3n de mediana edad que <strong>se encuentra atrapado en una crisis existencial al sentir que su vida es absurda y que todo lo que hay a su alrededor no es m\u00e1s que una gran farsa<\/strong>. Todo ello mientras su matrimonio se desmorona a pasos agigantados.<\/p>\n<p>Cuando su mejor amigo muere en circunstancias sospechosas, nuestro protagonista se convence de que hay algo que no encaja. As\u00ed, lo que comienza como una paranoia cotidiana se convierte en una huida desesperada hacia algo que se parezca, aunque sea un poco, a la libertad.<\/p>\n<p>\u00abLos animales no est\u00e1n ligados a un tiempo o lugar espec\u00edfico; pertenecen a todas las culturas. Provienen de las f\u00e1bulas, de los c\u00f3mics, de los or\u00edgenes de la animaci\u00f3n, y est\u00e1n profundamente arraigados en nuestro imaginario colectivo. Adem\u00e1s, son m\u00e1s bellos en todos los sentidos que los humanos.<\/p>\n<p><img alt=\"Estas son las mejores tablets para ver pel\u00edculas y series\" loading=\"lazy\" width=\"127\" height=\"74\" decoding=\"async\" data-nimg=\"1\" style=\"color:transparent\"  src=\"https:\/\/www.europesays.com\/es\/wp-content\/uploads\/2025\/09\/teclast-m30-pro-2165281.jpg\"\/>Estas son las mejores tablets para ver pel\u00edculas y series<\/p>\n<p>Si sueles ver series cuando viajas o en varias partes de casa, estas tablets pueden ser buenas compa\u00f1eras para el consumo de entretenimiento.<\/p>\n<p><a class=\"product-button\" href=\"https:\/\/www.hobbyconsolas.com\/reportajes\/estas-son-mejores-tablets-ver-peliculas-series-estes-donde-estes-800065\" title=\"Estas son las mejores tablets para ver pel\u00edculas y series\" data-gacat=\"Tarjetas\" data-gaact=\"impresion-tarjeta\" target=\"_blank\" rel=\"noreferrer nofollow noopener\">Ver listado<\/a><\/p>\n<p>[La pel\u00edcula] se convierte en <strong>una f\u00e1bula cr\u00edtica sobre el sentido de la vida y la libertad humana<\/strong>, mostrando que la \u00fanica salida reside en lazos aut\u00e9nticos y sinceros de amor y amistad\u00bb, explica <a href=\"https:\/\/www.hobbyconsolas.com\/listas\/grandes-directores-han-pegado-prometedoras-peliculas-2024-1416882\" title=\"8 grandes directores que se la han pegado con sus prometedoras pel\u00edculas en 2024\" rel=\"nofollow noopener\" target=\"_blank\">Alberto V\u00e1zquez<\/a> sobre su nuevo trabajo.<\/p>\n<p><strong>Decorado<\/strong><strong> se estrena en las salas de cine el pr\u00f3ximo 24 de octubre de 2025<\/strong>. \u00bfQu\u00e9 te ha parecido el tr\u00e1iler de la nueva <a href=\"https:\/\/www.hobbyconsolas.com\/listas\/7-peliculas-han-reestrenado-aniversarios-homenajes-porque-mejor-cine-ve-pantalla-grande-1383904\" title=\"7 pel\u00edculas que se han reestrenado en aniversarios y homenajes porque el mejor cine se ve en pantalla grande\" rel=\"nofollow noopener\" target=\"_blank\">pel\u00edcula<\/a> de animaci\u00f3n de Alberto V\u00e1zquez?<\/p>\n<p>Conoce <a href=\"https:\/\/www.hobbyconsolas.com\/como-trabajamos\" title=\"&quot;C\u00f3mo trabajamos en HobbyConsolas&quot;\" target=\"_blank\" rel=\"nofollow noopener\">c\u00f3mo trabajamos<\/a> en HobbyConsolas.<\/p>\n","protected":false},"excerpt":{"rendered":"Tr\u00e1iler de Decorado, una comedia negra de animaci\u00f3n dirigida por el cineasta espa\u00f1ol Alberto V\u00e1zquez que llega a&hellip;\n","protected":false},"author":2,"featured_media":111813,"comment_status":"","ping_status":"","sticky":false,"template":"","format":"standard","meta":{"footnotes":""},"categories":[169],"tags":[177,146,147,25,24,176,175,23],"class_list":{"0":"post-111812","1":"post","2":"type-post","3":"status-publish","4":"format-standard","5":"has-post-thumbnail","7":"category-cine","8":"tag-cine","9":"tag-entertainment","10":"tag-entretenimiento","11":"tag-es","12":"tag-espana","13":"tag-film","14":"tag-movies","15":"tag-spain"},"share_on_mastodon":{"url":"","error":""},"_links":{"self":[{"href":"https:\/\/www.europesays.com\/es\/wp-json\/wp\/v2\/posts\/111812","targetHints":{"allow":["GET"]}}],"collection":[{"href":"https:\/\/www.europesays.com\/es\/wp-json\/wp\/v2\/posts"}],"about":[{"href":"https:\/\/www.europesays.com\/es\/wp-json\/wp\/v2\/types\/post"}],"author":[{"embeddable":true,"href":"https:\/\/www.europesays.com\/es\/wp-json\/wp\/v2\/users\/2"}],"replies":[{"embeddable":true,"href":"https:\/\/www.europesays.com\/es\/wp-json\/wp\/v2\/comments?post=111812"}],"version-history":[{"count":0,"href":"https:\/\/www.europesays.com\/es\/wp-json\/wp\/v2\/posts\/111812\/revisions"}],"wp:featuredmedia":[{"embeddable":true,"href":"https:\/\/www.europesays.com\/es\/wp-json\/wp\/v2\/media\/111813"}],"wp:attachment":[{"href":"https:\/\/www.europesays.com\/es\/wp-json\/wp\/v2\/media?parent=111812"}],"wp:term":[{"taxonomy":"category","embeddable":true,"href":"https:\/\/www.europesays.com\/es\/wp-json\/wp\/v2\/categories?post=111812"},{"taxonomy":"post_tag","embeddable":true,"href":"https:\/\/www.europesays.com\/es\/wp-json\/wp\/v2\/tags?post=111812"}],"curies":[{"name":"wp","href":"https:\/\/api.w.org\/{rel}","templated":true}]}}