{"id":111818,"date":"2025-09-13T07:15:09","date_gmt":"2025-09-13T07:15:09","guid":{"rendered":"https:\/\/www.europesays.com\/es\/111818\/"},"modified":"2025-09-13T07:15:09","modified_gmt":"2025-09-13T07:15:09","slug":"ciclo-sons-al-botanic-en-valencia","status":"publish","type":"post","link":"https:\/\/www.europesays.com\/es\/111818\/","title":{"rendered":"Ciclo Sons al Bot\u00e0nic en Val\u00e8ncia"},"content":{"rendered":"<p>Sons al Bot\u00e0nic cumple diez a\u00f1os y lo celebra con un formato diferente: concentrando en un solo d\u00eda tres conciertos que prometen grandes emociones.\u00a0<\/p>\n<p>La fecha elegida es el s\u00e1bado <strong>13 de septiembre de 2025<\/strong> y ser\u00e1 en uno de los rincones m\u00e1s bonitos de Val\u00e8ncia: el Jard\u00ed Bot\u00e0nic.\u00a0<\/p>\n<p>Si quieres vivirlo todo desde dentro, ya puedes hacerte con tus entradas por <a class=\"link link--bold\" href=\"https:\/\/www.notikumi.com\/2025\/9\/13\/sons-al-botanic-2025-apartamentos-acapulco-badlands-borja-mompo-en-valencia\" rel=\"nofollow noopener\" target=\"_blank\">aqu\u00ed<\/a>.\u00a0<\/p>\n<p>Conciertos de Sons al Bot\u00e0nic\u00a0<\/p>\n<p><strong>El cartel de esta edici\u00f3n lo forman Apartamentos Acapulco, Badlands y Borja Momp\u00f3.\u00a0<\/strong><\/p>\n<p>Tres conciertos seguidos, tres estilos distintos y un mismo objetivo: emocionarte desde el primer acorde.\u00a0<\/p>\n<p>Apartamentos Acapulco llega desde Granada con su dream pop, Badlands aporta su punto folk americano y Borja Momp\u00f3 cerrar\u00e1 el d\u00eda con un formato \u00edntimo, donde la palabra y el silencio importan tanto como la melod\u00eda.\u00a0<\/p>\n<p>Una 10\u00aa edici\u00f3n m\u00e1s intensa, interesante y m\u00e1gica que nunca. Porque, aunque el formato cambie, las ganas de crear, compartir y seguir haciendo cultura permanecen.\u00a0<\/p>\n<p>\u00bfVienes?\u00a0<\/p>\n","protected":false},"excerpt":{"rendered":"Sons al Bot\u00e0nic cumple diez a\u00f1os y lo celebra con un formato diferente: concentrando en un solo d\u00eda&hellip;\n","protected":false},"author":2,"featured_media":111819,"comment_status":"","ping_status":"","sticky":false,"template":"","format":"standard","meta":{"footnotes":""},"categories":[91],"tags":[208,146,147,25,24,23],"class_list":{"0":"post-111818","1":"post","2":"type-post","3":"status-publish","4":"format-standard","5":"has-post-thumbnail","7":"category-entretenimiento","8":"tag-conciertos","9":"tag-entertainment","10":"tag-entretenimiento","11":"tag-es","12":"tag-espana","13":"tag-spain"},"share_on_mastodon":{"url":"","error":""},"_links":{"self":[{"href":"https:\/\/www.europesays.com\/es\/wp-json\/wp\/v2\/posts\/111818","targetHints":{"allow":["GET"]}}],"collection":[{"href":"https:\/\/www.europesays.com\/es\/wp-json\/wp\/v2\/posts"}],"about":[{"href":"https:\/\/www.europesays.com\/es\/wp-json\/wp\/v2\/types\/post"}],"author":[{"embeddable":true,"href":"https:\/\/www.europesays.com\/es\/wp-json\/wp\/v2\/users\/2"}],"replies":[{"embeddable":true,"href":"https:\/\/www.europesays.com\/es\/wp-json\/wp\/v2\/comments?post=111818"}],"version-history":[{"count":0,"href":"https:\/\/www.europesays.com\/es\/wp-json\/wp\/v2\/posts\/111818\/revisions"}],"wp:featuredmedia":[{"embeddable":true,"href":"https:\/\/www.europesays.com\/es\/wp-json\/wp\/v2\/media\/111819"}],"wp:attachment":[{"href":"https:\/\/www.europesays.com\/es\/wp-json\/wp\/v2\/media?parent=111818"}],"wp:term":[{"taxonomy":"category","embeddable":true,"href":"https:\/\/www.europesays.com\/es\/wp-json\/wp\/v2\/categories?post=111818"},{"taxonomy":"post_tag","embeddable":true,"href":"https:\/\/www.europesays.com\/es\/wp-json\/wp\/v2\/tags?post=111818"}],"curies":[{"name":"wp","href":"https:\/\/api.w.org\/{rel}","templated":true}]}}