{"id":111820,"date":"2025-09-13T07:16:07","date_gmt":"2025-09-13T07:16:07","guid":{"rendered":"https:\/\/www.europesays.com\/es\/111820\/"},"modified":"2025-09-13T07:16:07","modified_gmt":"2025-09-13T07:16:07","slug":"este-es-el-precio-del-nuevo-iphone-17-alrededor-del-mundo-y-en-que-pais-es-mas-barato-comprarlo-no-es-espana","status":"publish","type":"post","link":"https:\/\/www.europesays.com\/es\/111820\/","title":{"rendered":"Este es el precio del nuevo iPhone 17 alrededor del mundo y en qu\u00e9 pa\u00eds es m\u00e1s barato comprarlo: no es Espa\u00f1a"},"content":{"rendered":"<p class=\"voc-p\" style=\"\">Apple volvi\u00f3 a captar todas las miradas con su \u00faltima keynote, bautizada con el sugerente t\u00edtulo &#8216;Awe-Dropping&#8217;, celebrada el pasado martes en Cupertino. En ella, la compa\u00f1\u00eda present\u00f3 la esperada gama de <a href=\"https:\/\/www.abc.es\/tecnologia\/apple-anuncia-iphone-nuevos-smartphones-manzana-20250909165606-nt.html\" target=\"_self\" data-voc-vtm-id=\"in-text-traffic\" title=\"iPhone 17\" data-mrf-link=\"www.abc.es\" rel=\"nofollow noopener\">iPhone 17<\/a>, que llega con <strong>versiones est\u00e1ndar, Air, Pro y Pro Max<\/strong>, adem\u00e1s de los nuevos <a href=\"https:\/\/www.abc.es\/tecnologia\/moviles\/airpods-pro-precio-como-funciona-traduccion-instantanea-sensor-cardiaco-20250910124432-nt.html\" target=\"_self\" data-voc-vtm-id=\"in-text-traffic\" title=\"AirPods Pro 3\" data-mrf-link=\"www.abc.es\" rel=\"nofollow noopener\">AirPods Pro 3<\/a> y el <strong>Apple Watch Series 11<\/strong>. Sin embargo, el anuncio m\u00e1s comentado, fue el precio de partida:<strong> 799 d\u00f3lares<\/strong>, que al tipo de cambio actual equivale a unos 686 euros. Ahora bien, <strong>esa cifra corresponde \u00fanicamente al mercado estadounidense<\/strong> y la realidad es que <strong>los precios var\u00edan enormemente de un pa\u00eds a otro<\/strong> debido a impuestos, aranceles y pol\u00edticas locales.<\/p>\n<p>\nUn salto generacional con novedades notables\n<\/p>\n<p class=\"voc-p\" style=\"\">El iPhone 17 llega con varias mejoras respecto a sus versiones anteriores. El modelo est\u00e1ndar incorpora una <strong>pantalla OLED Super Retina XDR de 6,3 pulgadas con tasa de refresco de 120 Hz<\/strong>, algo que hasta ahora solo estaba disponible en los modelos m\u00e1s caros. El <strong>chip A19<\/strong>, con una versi\u00f3n Pro para los modelos superiores, promete un <strong>rendimiento un 25% m\u00e1s eficiente<\/strong> que la generaci\u00f3n previa. A esto se suma un<strong> sistema de c\u00e1maras renovado<\/strong>, con sensor principal y gran angular de 48 megap\u00edxeles, acompa\u00f1ado de una <strong>c\u00e1mara frontal de 18 MP<\/strong> con mejoras en enfoque y captura en lugares con poca luz.<\/p>\n<p class=\"voc-p\" style=\"\">La autonom\u00eda tambi\u00e9n crece gracias a una <strong>bater\u00eda optimizada<\/strong> y a la integraci\u00f3n de nuevos chips de conectividad, mientras que el dise\u00f1o apuesta por marcos m\u00e1s reducidos y materiales reciclados. En definitiva, un salto que combina potencia, sostenibilidad y dise\u00f1o.<\/p>\n<p>\nEl precio alrededor del mundo\n<\/p>\n<p class=\"voc-p\" style=\"\">Pero m\u00e1s all\u00e1 de las caracter\u00edsticas t\u00e9cnicas, la pregunta que muchos se hacen es <strong>cu\u00e1nto costar\u00e1 realmente adquirirlo en funci\u00f3n del pa\u00eds<\/strong>. Si en Estados Unidos se queda en los ya mencionados 686 euros, en <strong>China<\/strong> asciende ligeramente hasta rondar los <strong>724 euros<\/strong>, mientras que en <strong>Jap\u00f3n<\/strong> se sit\u00faa en torno a <strong>758 euros<\/strong>. En <strong>Australia<\/strong> el importe es casi id\u00e9ntico, unos <strong>793<\/strong> euros, al de <strong>Corea del Sur<\/strong>, donde alcanza los <strong>800 euros<\/strong>.<\/p>\n<p class=\"voc-p\" style=\"\">En mercados emergentes o con mayores cargas impositivas, la diferencia se nota a\u00fan m\u00e1s. En <strong>India<\/strong> el precio sube a unos <strong>808 euros<\/strong>, mientras que en Vietnam se mueve en torno a <strong>815 euros<\/strong>. En <strong>M\u00e9xico<\/strong> se encarece notablemente, hasta situarse alrededor de los <strong>923 euros<\/strong>, una cifra muy cercana a la de <strong>Nueva Zelanda<\/strong>, que queda en unos <strong>866 euros<\/strong>.<\/p>\n<p class=\"voc-p\" style=\"\">Europa tampoco se libra de la inflaci\u00f3n tecnol\u00f3gica. En <strong>Espa\u00f1a<\/strong>, el importe se sit\u00faa en los <strong>959 euros<\/strong>. Mientras que en <strong>Francia<\/strong>, el precio del iPhone 17 alcanza los <strong>969 euros<\/strong>, una cifra que incluso en el contexto europeo resulta elevada, y en <strong>Reino Unido <\/strong><strong>921 euros<\/strong>.<\/p>\n<p class=\"voc-p\" style=\"\">El caso m\u00e1s extremo es, como casi siempre, <strong>Brasil<\/strong>, donde la suma de impuestos y costes de importaci\u00f3n lo disparan hasta alrededor de <strong>1.265 euros<\/strong>, <strong>casi el doble que en el mercado estadounidense<\/strong>.<\/p>\n<p>\n\u00bfD\u00f3nde conviene comprarlo?\n<\/p>\n<p class=\"voc-p\" style=\"\">Si comparamos estas cifras, queda claro que <strong>Estados Unidos sigue siendo el mercado m\u00e1s ventajoso para adquirir un iPhone 17<\/strong>, aunque hay que a\u00f1adir los impuestos estatales que var\u00edan seg\u00fan la regi\u00f3n. Aun as\u00ed, incluso con esas tasas, se mantiene como uno de los pa\u00edses donde el dispositivo resulta m\u00e1s asequible. Tras EE. UU., <strong>China, Jap\u00f3n y Australia ofrecen precios relativamente bajos<\/strong> con diferencias que no suponen un gran salto respecto a la referencia estadounidense.<\/p>\n<p class=\"voc-p\" style=\"\">En cambio, <strong>los pa\u00edses latinoamericanos y europeos se sit\u00faan en el rango m\u00e1s caro<\/strong>, con precios que rozan o superan el millar de euros, lo que convierte la compra en una decisi\u00f3n m\u00e1s meditada. Especialmente llamativo es el caso de Brasil, donde <strong>la diferencia respecto al precio de lanzamiento en Cupertino es de casi 600 euros<\/strong>.<\/p>\n<p>Reportar un error<\/p>\n","protected":false},"excerpt":{"rendered":"Apple volvi\u00f3 a captar todas las miradas con su \u00faltima keynote, bautizada con el sugerente t\u00edtulo &#8216;Awe-Dropping&#8217;, celebrada&hellip;\n","protected":false},"author":2,"featured_media":111821,"comment_status":"","ping_status":"","sticky":false,"template":"","format":"standard","meta":{"footnotes":""},"categories":[81],"tags":[19390,17356,119,123,124,25,24,2822,1179,3013,524,698,3282,117,121,122,23,118,120],"class_list":{"0":"post-111820","1":"post","2":"type-post","3":"status-publish","4":"format-standard","5":"has-post-thumbnail","7":"category-ciencia-y-tecnologia","8":"tag-alrededor","9":"tag-barato","10":"tag-ciencia","11":"tag-ciencia-y-tecnologia","12":"tag-cienciaytecnologia","13":"tag-es","14":"tag-espana","15":"tag-iphone","16":"tag-mas","17":"tag-mundo","18":"tag-nuevo","19":"tag-pais","20":"tag-precio","21":"tag-science","22":"tag-science-and-technology","23":"tag-scienceandtechnology","24":"tag-spain","25":"tag-technology","26":"tag-tecnologia"},"share_on_mastodon":{"url":"","error":""},"_links":{"self":[{"href":"https:\/\/www.europesays.com\/es\/wp-json\/wp\/v2\/posts\/111820","targetHints":{"allow":["GET"]}}],"collection":[{"href":"https:\/\/www.europesays.com\/es\/wp-json\/wp\/v2\/posts"}],"about":[{"href":"https:\/\/www.europesays.com\/es\/wp-json\/wp\/v2\/types\/post"}],"author":[{"embeddable":true,"href":"https:\/\/www.europesays.com\/es\/wp-json\/wp\/v2\/users\/2"}],"replies":[{"embeddable":true,"href":"https:\/\/www.europesays.com\/es\/wp-json\/wp\/v2\/comments?post=111820"}],"version-history":[{"count":0,"href":"https:\/\/www.europesays.com\/es\/wp-json\/wp\/v2\/posts\/111820\/revisions"}],"wp:featuredmedia":[{"embeddable":true,"href":"https:\/\/www.europesays.com\/es\/wp-json\/wp\/v2\/media\/111821"}],"wp:attachment":[{"href":"https:\/\/www.europesays.com\/es\/wp-json\/wp\/v2\/media?parent=111820"}],"wp:term":[{"taxonomy":"category","embeddable":true,"href":"https:\/\/www.europesays.com\/es\/wp-json\/wp\/v2\/categories?post=111820"},{"taxonomy":"post_tag","embeddable":true,"href":"https:\/\/www.europesays.com\/es\/wp-json\/wp\/v2\/tags?post=111820"}],"curies":[{"name":"wp","href":"https:\/\/api.w.org\/{rel}","templated":true}]}}