{"id":111826,"date":"2025-09-13T07:19:14","date_gmt":"2025-09-13T07:19:14","guid":{"rendered":"https:\/\/www.europesays.com\/es\/111826\/"},"modified":"2025-09-13T07:19:14","modified_gmt":"2025-09-13T07:19:14","slug":"el-gobierno-de-aragon-lanza-el-campus-de-centros-de-datos-de-vantage-en-villanueva-con-3-200-millones-de-inversion-y-520-empleos-heraldo-es","status":"publish","type":"post","link":"https:\/\/www.europesays.com\/es\/111826\/","title":{"rendered":"El Gobierno de Arag\u00f3n lanza el campus de centros de datos de Vantage en Villanueva con 3.200 millones de inversi\u00f3n y 520 empleos &#8211; heraldo.es"},"content":{"rendered":"<ol>\n<li><a href=\"https:\/\/news.google.com\/rss\/articles\/CBMingJBVV95cUxNeWlpZk1mWGgzLU9zVFlORXZ3Nmt3dmdxSFd2TFMyT2dNUWlnX0xPSVVtZmxfOUcyaUJXU2F4bjdBU21xQ0dON3hEeHhYQ1l2Z2c3RFIxYkJCN1hWRDA3T3NqRy1JQWRVYTFfMG5uaHBxMUo1dDdFS0FNN2Q5X3BmbVV4N1lFa1VpWFN6dWY5ZEdzUHNMcUxzT3RuSzY1RlJkZExxX19QMWw4VG1SMjhjc05ET21oR0RyR3RXT0dRVGQ4NnJvLVZERFY5RVhmbm9BanFROERBbnB0d2o4c2JMemZwdmNDa0dwSWNpTkdFOWlMcTI1dVQ5X3dKWngtN25wQ0Fnc2JVMG9TbGxsalNGT0QxczNuQVl5S1dmWGRR?oc=5\" target=\"_blank\" rel=\"nofollow noopener\">El Gobierno de Arag\u00f3n lanza el campus de centros de datos de Vantage en Villanueva con 3.200 millones de inversi\u00f3n y 520 empleos<\/a>&nbsp;&nbsp;heraldo.es<\/li>\n<li><a href=\"https:\/\/news.google.com\/rss\/articles\/CBMiekFVX3lxTE1iX2VibTdxLTRLMkFqVElWNEkxNXNOUXNfTk9UUEh6WHJWdGJ3LUNhQnRkS0lSVnlsZHYxYzJlUkZYZ2NlSDBWM0hRNkZ6OUZyaVY2NU4xd09HQlhZSjByZTZndTdtS0lRWHAxQmFMcFRiWGx0NEZ3cWJR0gF6QVVfeXFMT2thcUIyc3dtUHhtX21rZFFaWTdLNHVEanBpVjJoc3ZrY1JRYXZKVXIzSXdvMGdxRnNOTjlsYUtjZzRNdUxVNHFFd3ktb3FoVVIxWGpSTlBWcGtIUkhqZGotLW5xazNLYklacDdhMWNlZFhhNF9iaVNxNlE?oc=5\" target=\"_blank\" rel=\"nofollow noopener\">Arag\u00f3n acoge un nuevo centro de datos de la mano de Vantage a trav\u00e9s de una inversi\u00f3n de 3.200 millones de euros<\/a>&nbsp;&nbsp;El Mundo<\/li>\n<li><a href=\"https:\/\/news.google.com\/rss\/articles\/CBMiwgFBVV95cUxNcl96UDJhenpBR2hMOFByRTdScmJ1SkZMQ3JuYVhQMjZHcWVWMVBfUmVocWJsMGxfZ3JnRFRKZ0E2Q2dVQVczSTY4X3MtR1dWMFZ4RExjTFNHN0VjeWtHSmxySXhVVXh5Vk9IVERRRG9qQkwxMUNEOW5wYTdaY3l5WGYxVzloZEpDOGJBeXZfTTBJcl9GcnZTNEhiZUZhalNnLXkwck16dnJGSzc2ZEVsMU1BVlBERFpRek9reHh3UVR2UdIBwgFBVV95cUxORjFHVktCdHZ5S1pQQUp2TXNmSUJzLXhqT2VnRzJxR2RIckp3NGx1ekxEem5ZYnBHQm0zTWthOTJkbGlTZjFYRmxNX2lLMElJZkh1MXdYYlVwaTM0bVN1ck1uYjRWY3d0ZzJHYkhjOUpMa2s4X1dIYmxFbXNFcnJ4SERJRTNoY0p3YXVPRlhkX3RqS0NtbXg1S25lNkhXOFM0cnY0Rktwd19qZ3pZUHZrUGF4bk4ya0Vsc3pOc0pPcDJzQQ?oc=5\" target=\"_blank\" rel=\"nofollow noopener\">La Br\u00fajula de Arag\u00f3n 12\/09\/2025<\/a>&nbsp;&nbsp;Onda Cero<\/li>\n<li><a href=\"https:\/\/news.google.com\/rss\/articles\/CBMitAFBVV95cUxQSEFLbmVJYlg2U0o4M0RMVjBqZTBHQmpBdkVSdG8yUEdpc0lFUUNpMGkwTzduTXRpQ0dENkxJTW9DdEVTWXJPNWt1SFBUMHY4aHBESF9uVkZOaXhBbzNVcFNLVHB4V3hnQS1hV2NhalJLT3lCdk5iOXJwZmtfZ2owcmVzbG05YlhDXzk3T0xVdndZVVE4bE15N1dGMkpfYkl3UVNOX3VUd1lBNDNPNnA2R0xGaGo?oc=5\" target=\"_blank\" rel=\"nofollow noopener\">Arag\u00f3n: 28.000 &#8211; Navarra: 0, pero tenemos a Bildu para consuelo<\/a>&nbsp;&nbsp;diariodenavarra.es<\/li>\n<li><a href=\"https:\/\/news.google.com\/rss\/articles\/CBMi_AFBVV95cUxQZ19TMEEyczQycl9qQXU1ckdZOE5pUXNZUEE0emtvczE5TmtyVk5ycnlzR2x5SzJCeHZIM2U5QUdEV1hMZ2ZFMmlZdksyV2NFYXNEZERGWE9MOUFDWDloSG03eW9OX205MXowbGdfTlhNNEdBaE1jSGpHX0haSnNZOXRWSlY4bUlVbDJjdTVHS2RoUDVfamR2TnA5ZzdBRVNKZmxSX3JZOTR6X1hVN3ZjOUpGUFk5UWQ3YTNMQlZ2bldDQ0h2WnNiTXFYc1RmREYyRVpnZVBsclVYM2QxZWp6eEdyQy05YVNLQm4wWVhLamEyQ0FPbXY0OUYzaHPSAZACQVVfeXFMT3V6LXJ0TTl3RnhfWlM4NFF1dHVqWlQwaGpkak9VUTNMQnNaYi01Zzd3MTh3cGk1LUNnNmR3YlM3ZENzV2liaC1qbkc3Y1BtY0ZReGxYTlVfNmhkaUNYSlZfcFYxai1aaWtzYVJCVXZRZ1Q0ZzV5bnoycE5pcjUwOWZzVjlrRDhsN0tHWTB4NHByOU9YclVzNHBCSm1KVUROazhMR2ZWM19oSzR1TkVPWFB1aEtwS3pZS210YkdqR1hpZVZTV3ZCU0FXbjc4ekc4czJId2EyQmxranVEeU1QUmVlQldmTDZ2RkcyLXdaaG03bnhuY0oyZUdTZ3BmUGZyTldqTjViWTY2Y2t4amtVY18?oc=5\" target=\"_blank\" rel=\"nofollow noopener\">La multinacional Vantage proyecta un centro de datos en Villanueva de G\u00e1llego, con una inversi\u00f3n de 3.200 millones<\/a>&nbsp;&nbsp;Cadena SER<\/li>\n<\/ol>\n","protected":false},"excerpt":{"rendered":"El Gobierno de Arag\u00f3n lanza el campus de centros de datos de Vantage en Villanueva con 3.200 millones&hellip;\n","protected":false},"author":2,"featured_media":111827,"comment_status":"","ping_status":"","sticky":false,"template":"","format":"standard","meta":{"footnotes":""},"categories":[8],"tags":[17,18,2737,25,24,13,14,582,11,921,19,20,4724,9,10,15,16,23,12,21,22,12407],"class_list":{"0":"post-111826","1":"post","2":"type-post","3":"status-publish","4":"format-standard","5":"has-post-thumbnail","7":"category-espana","8":"tag-breaking-news","9":"tag-breakingnews","10":"tag-empleos","11":"tag-es","12":"tag-espana","13":"tag-featured-news","14":"tag-featurednews","15":"tag-gobierno","16":"tag-headlines","17":"tag-inversion","18":"tag-latest-news","19":"tag-latestnews","20":"tag-millones","21":"tag-news","22":"tag-noticias","23":"tag-noticias-destacadas","24":"tag-noticiasdestacadas","25":"tag-spain","26":"tag-titulares","27":"tag-ultimas-noticias","28":"tag-ultimasnoticias","29":"tag-villanueva"},"share_on_mastodon":{"url":"","error":""},"_links":{"self":[{"href":"https:\/\/www.europesays.com\/es\/wp-json\/wp\/v2\/posts\/111826","targetHints":{"allow":["GET"]}}],"collection":[{"href":"https:\/\/www.europesays.com\/es\/wp-json\/wp\/v2\/posts"}],"about":[{"href":"https:\/\/www.europesays.com\/es\/wp-json\/wp\/v2\/types\/post"}],"author":[{"embeddable":true,"href":"https:\/\/www.europesays.com\/es\/wp-json\/wp\/v2\/users\/2"}],"replies":[{"embeddable":true,"href":"https:\/\/www.europesays.com\/es\/wp-json\/wp\/v2\/comments?post=111826"}],"version-history":[{"count":0,"href":"https:\/\/www.europesays.com\/es\/wp-json\/wp\/v2\/posts\/111826\/revisions"}],"wp:featuredmedia":[{"embeddable":true,"href":"https:\/\/www.europesays.com\/es\/wp-json\/wp\/v2\/media\/111827"}],"wp:attachment":[{"href":"https:\/\/www.europesays.com\/es\/wp-json\/wp\/v2\/media?parent=111826"}],"wp:term":[{"taxonomy":"category","embeddable":true,"href":"https:\/\/www.europesays.com\/es\/wp-json\/wp\/v2\/categories?post=111826"},{"taxonomy":"post_tag","embeddable":true,"href":"https:\/\/www.europesays.com\/es\/wp-json\/wp\/v2\/tags?post=111826"}],"curies":[{"name":"wp","href":"https:\/\/api.w.org\/{rel}","templated":true}]}}