{"id":111830,"date":"2025-09-13T07:21:11","date_gmt":"2025-09-13T07:21:11","guid":{"rendered":"https:\/\/www.europesays.com\/es\/111830\/"},"modified":"2025-09-13T07:21:11","modified_gmt":"2025-09-13T07:21:11","slug":"el-arma-secreta-de-ortega-contra-los-recortes","status":"publish","type":"post","link":"https:\/\/www.europesays.com\/es\/111830\/","title":{"rendered":"El arma secreta de Ortega contra los &#8216;recortes&#8217;"},"content":{"rendered":"<p class=\"ft-text\"><a class=\"ft-link ft-link--decoration\" href=\"https:\/\/www.sport.es\/es\/noticias\/barca\/balonmano\/antonio-carlos-ortega-nuevo-entrenador-11851083\" rel=\"nofollow noopener\" target=\"_blank\">Desde su llegada al banquillo en 2021 en sustituci\u00f3n de Xavi Pascual<\/a> en una tormentosa decisi\u00f3n del club, <strong>Carlos Ortega se ha caracterizado por hablar poco y por trabajar mucho<\/strong>. Antes cada problema de plantilla por la situaci\u00f3n econ\u00f3mica del club, el malague\u00f1o ha respondido aguzando el ingenio.<\/p>\n<p class=\"ft-text\">Lo hizo cuando a su llegada el club decidi\u00f3 prescindir del central island\u00e9s Aron Palmarsson y repiti\u00f3 cuando en el verano de 2023 perdi\u00f3 a Luka Cindric (rescisi\u00f3n de contrato) y apenas <a class=\"ft-link ft-link--decoration\" href=\"https:\/\/www.sport.es\/es\/noticias\/barca\/balonmano\/domen-makuc-operado-lesion-ano-91287466\" rel=\"nofollow noopener\" target=\"_blank\">unos d\u00edas despu\u00e9s Domen Makuc se lesion\u00f3 de gravedad<\/a> a finales de agosto, siendo baja durante casi toda la temporada.<\/p>\n<p>Richardson fue una gran soluci\u00f3n<\/p>\n<p class=\"ft-text\">Ante esa carest\u00eda de directores de juego, el t\u00e9cnico azulgrana <a class=\"ft-link ft-link--decoration\" href=\"https:\/\/www.sport.es\/es\/noticias\/barca\/balonmano\/richardson-lider-central-azulgrana-perfil-109033133\" rel=\"nofollow noopener\" target=\"_blank\">opt\u00f3 por situar al lateral izquierdo Melvyn Richardson como central<\/a>, la posici\u00f3n que mitific\u00f3 a su padre (Jackson) en el desaparecido Portland San Antonio. El resultado de ese &#8216;invento&#8217; ha sido extraordinario en las dos \u00faltimas temporadas.<\/p>\n<p><img decoding=\"async\" src=\"https:\/\/www.europesays.com\/es\/wp-content\/uploads\/2025\/09\/7895e3d3-2232-42b9-9d95-1fd74456a1b3_alta-libre-aspect-ratio_default_0.jpg\" width=\"1200\" height=\"675\" alt=\"Blaz Janc, ayudando a F\u00e0bregas en defensa\" class=\"ft-helper-img-rd\" loading=\"lazy\" hasdataaida=\"true\"\/><\/p>\n<p class=\"ft-helper-fontColor-quaternary ft-helper-fontSize-body-S ft-helper-spacer-t-xxs\">Blaz Janc, ayudando a F\u00e0bregas en defensa  \/ DANI BARBEITO<\/p>\n<p class=\"ft-text\"><strong>El Bar\u00e7a tiene ahora una ficha menos<\/strong>, ya que se han marchado 10 jugadores y han llegado tan solo siete. \u00bfPor qu\u00e9 no son tres fichas menos? Pues porque <a class=\"ft-link ft-link--decoration\" href=\"https:\/\/www.sport.es\/es\/noticias\/barca\/balonmano\/verdades-vincent-gerard-mitico-portero-116395182\" rel=\"nofollow noopener\" target=\"_blank\">Vincent G\u00e9rard vino a sustituir al lesionado Gonzalo P\u00e9rez de Vargas<\/a> y Jaime Gallego estuvo todo el curso in\u00e9dito por un problema que no parece tener soluci\u00f3n.<\/p>\n<p class=\"ft-text\">La primera medida que ha tomado Ortega tras <a class=\"ft-link ft-link--decoration\" href=\"https:\/\/www.sport.es\/es\/noticias\/barca\/balonmano\/thiagus-petrus-barca-separan-caminos-116139472\" rel=\"nofollow noopener\" target=\"_blank\">la marcha de Thiagus Petrus (Veszpr\u00e9m)<\/a> y la decisi\u00f3n de no fichar a un especialista en defensa ha sido la de aprovechar el fichaje estrella de Ludovic F\u00e0bregas <strong>para defender durante ciertas fases de los partidos con dos pivotes<\/strong>. \u00c9l y Lu\u00eds Frade. Y la cosa parece funcionar.<\/p>\n<p>La hora de Blaz Janc<\/p>\n<p class=\"ft-text\">Otro problema es que Dika Mem est\u00e1 demasiado solo en el lateral derecho, sobre todo <strong>mientras el catal\u00e1n <\/strong><a class=\"ft-link ft-link--decoration\" href=\"https:\/\/www.sport.es\/es\/noticias\/barca\/balonmano\/exazulgrana-dejo-djordje-cikusa-ian-117850754\" rel=\"nofollow noopener\" target=\"_blank\">Djordje Cikusa va acopl\u00e1ndose al equipo tras regresar de su provechosa cesi\u00f3n en el Montpellier<\/a>. \u00abConf\u00edo mucho en \u00e9l y nos tiene que ir dando m\u00e1s en ataque\u00bb, dijo el m\u00edster sobre el de Bordils tras ganar al GOG.<\/p>\n<p><img decoding=\"async\" src=\"https:\/\/www.europesays.com\/es\/wp-content\/uploads\/2025\/09\/c6630776-fb41-4afe-9bb4-690c906678f4_alta-libre-aspect-ratio_default_0.jpg\" width=\"1200\" height=\"675\" alt=\"Blaz Janc, jugando de lateral derecho ante el GOG\" class=\"ft-helper-img-rd\" loading=\"lazy\" hasdataaida=\"true\"\/><\/p>\n<p class=\"ft-helper-fontColor-quaternary ft-helper-fontSize-body-S ft-helper-spacer-t-xxs\">Blaz Janc, jugando de lateral derecho ante el GOG  \/ DANI BARBEITO<\/p>\n<p class=\"ft-text\">Y aqu\u00ed llega la soluci\u00f3n, aprovechando la capacidad de Blaz Janc de adaptarse a m\u00faltiples posiciones. El extremo derecho esloveno es capaz de atacar de central, de defender en el &#8216;1&#8217; (extremo) o en el &#8216;2&#8217; (lateral) o de avanzado en el 5-1. Pues bien, <strong>parece que esta temporada lo veremos mucho de lateral derecho<\/strong>.<\/p>\n<p class=\"ft-text\">\u00abTenemos a nuestro &#8216;joker&#8217;, Blaz Janc, que nos tiene que dar mucho en el lateral. No ser\u00eda raro que lo ve\u00e1is en la primera l\u00ednea muchos minutos\u00bb, a\u00f1adi\u00f3 Ortega en la rueda de prensa. <a class=\"ft-link ft-link--decoration\" href=\"https:\/\/www.sport.es\/es\/noticias\/barca\/balonmano\/barca-ata-renovacion-blaz-janc-82575211\" rel=\"nofollow noopener\" target=\"_blank\">Renovado hasta 2028, el balc\u00e1nico<\/a> es una figura mundial que <strong>se sacrifica siempre por el equipo. Es otra manera de ser l\u00edder y \u00e9l lo es<\/strong>.<\/p>\n","protected":false},"excerpt":{"rendered":"Desde su llegada al banquillo en 2021 en sustituci\u00f3n de Xavi Pascual en una tormentosa decisi\u00f3n del club,&hellip;\n","protected":false},"author":2,"featured_media":111831,"comment_status":"","ping_status":"","sticky":false,"template":"","format":"standard","meta":{"footnotes":""},"categories":[278],"tags":[26102,376,2296,415,10815,168,24159,25,24,375,4813,13437,38048,23,167],"class_list":{"0":"post-111830","1":"post","2":"type-post","3":"status-publish","4":"format-standard","5":"has-post-thumbnail","7":"category-balonmano","8":"tag-arma","9":"tag-balonmano","10":"tag-barca","11":"tag-carlos","12":"tag-carlos-ortega","13":"tag-deportes","14":"tag-dika-mem","15":"tag-es","16":"tag-espana","17":"tag-handball","18":"tag-ortega","19":"tag-recortes","20":"tag-secreta","21":"tag-spain","22":"tag-sports"},"share_on_mastodon":{"url":"","error":""},"_links":{"self":[{"href":"https:\/\/www.europesays.com\/es\/wp-json\/wp\/v2\/posts\/111830","targetHints":{"allow":["GET"]}}],"collection":[{"href":"https:\/\/www.europesays.com\/es\/wp-json\/wp\/v2\/posts"}],"about":[{"href":"https:\/\/www.europesays.com\/es\/wp-json\/wp\/v2\/types\/post"}],"author":[{"embeddable":true,"href":"https:\/\/www.europesays.com\/es\/wp-json\/wp\/v2\/users\/2"}],"replies":[{"embeddable":true,"href":"https:\/\/www.europesays.com\/es\/wp-json\/wp\/v2\/comments?post=111830"}],"version-history":[{"count":0,"href":"https:\/\/www.europesays.com\/es\/wp-json\/wp\/v2\/posts\/111830\/revisions"}],"wp:featuredmedia":[{"embeddable":true,"href":"https:\/\/www.europesays.com\/es\/wp-json\/wp\/v2\/media\/111831"}],"wp:attachment":[{"href":"https:\/\/www.europesays.com\/es\/wp-json\/wp\/v2\/media?parent=111830"}],"wp:term":[{"taxonomy":"category","embeddable":true,"href":"https:\/\/www.europesays.com\/es\/wp-json\/wp\/v2\/categories?post=111830"},{"taxonomy":"post_tag","embeddable":true,"href":"https:\/\/www.europesays.com\/es\/wp-json\/wp\/v2\/tags?post=111830"}],"curies":[{"name":"wp","href":"https:\/\/api.w.org\/{rel}","templated":true}]}}