{"id":111832,"date":"2025-09-13T07:22:11","date_gmt":"2025-09-13T07:22:11","guid":{"rendered":"https:\/\/www.europesays.com\/es\/111832\/"},"modified":"2025-09-13T07:22:11","modified_gmt":"2025-09-13T07:22:11","slug":"lena-y-cuajo-para-empezar","status":"publish","type":"post","link":"https:\/\/www.europesays.com\/es\/111832\/","title":{"rendered":"Le\u00f1a y cuajo para empezar"},"content":{"rendered":"<p><a class=\"v-mdl-ath__fig-a\" href=\"https:\/\/www.lagacetadesalamanca.es\/autor\/javier-lorenzo-5975.html\" title=\"Javier Lorenzo\" rel=\"nofollow noopener\" target=\"_blank\"><br \/>\n<img decoding=\"async\" class=\"v-mdl-ath__img\" src=\"https:\/\/www.europesays.com\/es\/wp-content\/uploads\/2025\/09\/1757748131_340_autor-5975-foto-1.png\" alt=\"Javier Lorenzo\"\/><br \/>\n<\/a><\/p>\n<p class=\"v-mdl-ath__p v-mdl-ath__p--6\">\nS\u00e1bado, 13 de septiembre 2025, 07:15<\/p>\n<p class=\"v-p\">En toda la <strong>Feria<\/strong> saldr\u00e1 ninguna corrida de toros con el cuajo, la hondura y la seriedad como la de Vellosino de esta tarde, que anuncia al cartel m\u00e1s modesto de la carteler\u00eda, aunque ah\u00ed se incluya al triunfador del \u00faltimo serial. Paradojas del toreo moderno. <strong>Ismael Mart\u00edn<\/strong> se present\u00f3 como matador de toros en <strong>La Glorieta<\/strong> en la corrida concurso de ganader\u00edas del a\u00f1o pasado y certific\u00f3 su primer pase\u00edllo mayor en esta plaza no solo con tres orejas si no con una aprobaci\u00f3n general que llam\u00f3 la atenci\u00f3n. Fue el \u00faltimo torero en entrar en acci\u00f3n de aquel abono y ninguno antes logr\u00f3 poner la plaza en pie como lo consigui\u00f3 el joven valor de <strong>Cantalpino<\/strong>. Sorprendentemente templado con el capote, arrollador con las banderillas, medido con la muleta y contundente con la espada: tres orejas y puerta grande. Este a\u00f1o contaron siempre con \u00e9l como uno de los fijos pero no le dieron opci\u00f3n de nada. Vuelve de nuevo a Salamanca tras cortar el martes dos orejas a un imponente encierro en <strong>Navaluenga (\u00c1vila). Burgos, Guijuelo, Pe\u00f1aranda y Toro<\/strong> tambi\u00e9n las certific\u00f3 con puertas grandes, en una campa\u00f1a de siete corridas de toros, en la que confirm\u00f3 la alternativa en <strong>Madrid<\/strong> por <strong>San Isidro<\/strong> que, junto a <strong>Sahag\u00fan<\/strong>, fue la \u00fanica que no sali\u00f3 a hombros. Tambi\u00e9n tore\u00f3 en <strong>Las Azores<\/strong> y firm\u00f3 un arrollador periplo en el verano de <strong>Per\u00fa<\/strong> con ocho corridas de toros.<\/p>\n<p class=\"v-p\"><strong>Dami\u00e1n Casta\u00f1o<\/strong> fue el \u00faltimo en encontrar un sitio en las combinaciones de esta Feria, a la que ya casi se hab\u00eda acostumbrado a que lo olvidaran. Vuelve a La Glorieta despu\u00e9s de seis a\u00f1os de ausencia y de su \u00fanico pase\u00edllo como matador de toros ante sus paisanos. Ha sido el diestro salmantino que m\u00e1s compromisos y festejos ha asumido este a\u00f1o en las plazas del gran circuito de la temporada: Madrid (dos tardes, antes de afrontar ma\u00f1ana la tercera del a\u00f1o), <strong>Pamplona<\/strong> y <strong>Bilbao<\/strong> (una oreja);y en <strong>Francia<\/strong> hizo el pase\u00edllo en otras dos de primera categor\u00eda como <strong>Vic-Fezensac<\/strong> y <strong>Mont de Marsan<\/strong>. Aqu\u00ed recibi\u00f3 una grave cornada en el gemelo, como grave fue la que le infiri\u00f3 uno de <strong>Adolfo Mart\u00edn<\/strong> en la inauguraci\u00f3n de la temporada en <strong>Las Ventas<\/strong>. A\u00f1o sin tregua, como todos en la vida de Dami\u00e1n, pero este con el mayor n\u00famero de contratos de su vida y tambi\u00e9n con el mayor n\u00famero de retos de compromiso mayor (adem\u00e1s de las cimas de la temporada tambi\u00e9n <strong>Santander, Azpeitia o los seis toros de San Agust\u00edn<\/strong>). La espada fren\u00f3 y empa\u00f1\u00f3 un a\u00f1o en el que volvi\u00f3 a tener que saborear las divisas m\u00e1s duras y las que nadie quiere.<\/p>\n<p class=\"v-p\">Quien nadie se esperaba en el abono es el mexicano Diego San Rom\u00e1n que, sin embargo, siempre estuvo en la mente de la empresa, que lo tiene entre sus protegidos. Llega con el aval de una seria y valerosa confirmaci\u00f3n en la feria de San Isidro y tambi\u00e9n arrastrando una grave lesi\u00f3n de tal\u00f3n de Aquiles, sin apenas torear en todo el verano. Una inc\u00f3gnita y un perfecto desconocido para el aficionado pese a sumar ya tres tardes (2018, 2019 y 2021) de novillero en esta plaza.<\/p>\n<p>Comenta<\/p>\n<p>Reporta un error<\/p>\n","protected":false},"excerpt":{"rendered":"S\u00e1bado, 13 de septiembre 2025, 07:15 En toda la Feria saldr\u00e1 ninguna corrida de toros con el cuajo,&hellip;\n","protected":false},"author":2,"featured_media":111833,"comment_status":"","ping_status":"","sticky":false,"template":"","format":"standard","meta":{"footnotes":""},"categories":[277],"tags":[373,38049,168,8752,25,24,33445,23,167,374],"class_list":{"0":"post-111832","1":"post","2":"type-post","3":"status-publish","4":"format-standard","5":"has-post-thumbnail","7":"category-toreo","8":"tag-bullfighting","9":"tag-cuajo","10":"tag-deportes","11":"tag-empezar","12":"tag-es","13":"tag-espana","14":"tag-lena","15":"tag-spain","16":"tag-sports","17":"tag-toreo"},"share_on_mastodon":{"url":"","error":""},"_links":{"self":[{"href":"https:\/\/www.europesays.com\/es\/wp-json\/wp\/v2\/posts\/111832","targetHints":{"allow":["GET"]}}],"collection":[{"href":"https:\/\/www.europesays.com\/es\/wp-json\/wp\/v2\/posts"}],"about":[{"href":"https:\/\/www.europesays.com\/es\/wp-json\/wp\/v2\/types\/post"}],"author":[{"embeddable":true,"href":"https:\/\/www.europesays.com\/es\/wp-json\/wp\/v2\/users\/2"}],"replies":[{"embeddable":true,"href":"https:\/\/www.europesays.com\/es\/wp-json\/wp\/v2\/comments?post=111832"}],"version-history":[{"count":0,"href":"https:\/\/www.europesays.com\/es\/wp-json\/wp\/v2\/posts\/111832\/revisions"}],"wp:featuredmedia":[{"embeddable":true,"href":"https:\/\/www.europesays.com\/es\/wp-json\/wp\/v2\/media\/111833"}],"wp:attachment":[{"href":"https:\/\/www.europesays.com\/es\/wp-json\/wp\/v2\/media?parent=111832"}],"wp:term":[{"taxonomy":"category","embeddable":true,"href":"https:\/\/www.europesays.com\/es\/wp-json\/wp\/v2\/categories?post=111832"},{"taxonomy":"post_tag","embeddable":true,"href":"https:\/\/www.europesays.com\/es\/wp-json\/wp\/v2\/tags?post=111832"}],"curies":[{"name":"wp","href":"https:\/\/api.w.org\/{rel}","templated":true}]}}