{"id":111834,"date":"2025-09-13T07:26:09","date_gmt":"2025-09-13T07:26:09","guid":{"rendered":"https:\/\/www.europesays.com\/es\/111834\/"},"modified":"2025-09-13T07:26:09","modified_gmt":"2025-09-13T07:26:09","slug":"los-ecologistas-preparan-un-plan-para-boicotear-la-etapa","status":"publish","type":"post","link":"https:\/\/www.europesays.com\/es\/111834\/","title":{"rendered":"los ecologistas preparan un plan para boicotear la etapa"},"content":{"rendered":"<p class=\"paragraph\">La 80\u00aa edici\u00f3n de la <b>Vuelta a Espa\u00f1a <\/b>est\u00e1 siendo de todo menos pac\u00edfica por las constantes protestas propalestinas que se vienen dando en todas las etapas por la presencia del Israel Premier Tech en el pelot\u00f3n, un equipo propiedad del multimillonario canadiense <b>Sylvan Adams <\/b>vinculado con el primer ministro israel\u00ed Benjamin Netanyahu y que est\u00e1 pagando el pato por motivos estrictamente pol\u00edticos.<\/p>\n<p class=\"paragraph\">Las protestas est\u00e1n empa\u00f1ando el espect\u00e1culo deportivo, pero todav\u00eda queda la peor parte. Y todo empieza este s\u00e1bado, d\u00eda en el que se celebra la 20\u00aa etapa de la ronda espa\u00f1ola entre la localidad madrile\u00f1a de <b>Robledo de Chavela<\/b> y la <b>Bola del Mundo,<\/b> una m\u00edtica monta\u00f1a del ciclismo nacional que pertenece a la sierra de Guadarrama.<\/p>\n<p>            <a href=\"#\" title=\"\"><br \/>\n                <img decoding=\"async\" loading=\"lazy\" width=\"120px\" height=\"90px\" alt=\"Manifestantes propalestinos intentan boicotear la Vuelta\" src=\"https:\/\/imagenes.eldebate.com\/files\/related_image\/files\/fp\/uploads\/2025\/09\/11\/68c2903928851.r_d.1087-620.jpeg\" data-full-src=\"https:\/\/imagenes.eldebate.com\/uploads\/2025\/09\/11\/68c2903928851.jpeg\"\/><br \/>\n            <\/a><\/p>\n<p class=\"paragraph\">Se espera una etapa de todo menos tranquila y tanto la Plataforma La Sierra con Palestina y Ecologistas en Acci\u00f3n est\u00e1n planeando un boicot para destrozar lo m\u00e1ximo posible la 20\u00aa etapa de la Vuelta y evitar que tanto <b>Jonas Vingegaard<\/b> como <b>Joao Almeida<\/b> protagonicen la \u00faltima gran batalla antes de llegar a Madrid, ciudad que acoger\u00e1 la etapa final de la ronda espa\u00f1ola.<\/p>\n<p class=\"paragraph\">La primera plataforma quiere concentrarse en al menos cinco lugares para manifestarse en favor de <b>Palestina<\/b>: Robledo de Chavela, San Lorenzo de El Escorial, Cercedilla y el Puerto de Navacerrada, tanto en el primer como en el segundo paso. Y ante todo esto, se movilizar\u00e1n m\u00e1s de 1.000 polic\u00edas y 400 agentes de la <b>Guardia Civil.<\/b><\/p>\n<p class=\"paragraph\">La segunda tiene un objetivo distinto y se sumar\u00e1n a la concentraci\u00f3n en protesta por la decisi\u00f3n de la Direcci\u00f3n General de Biodiversidad y Gesti\u00f3n Forestal de la Comunidad de Madrid de autorizar el ascenso al <b>Alto de Guarramillas <\/b>(Bola del Mundo) como final de la vig\u00e9sima etapa de la Vuelta. Esta decisi\u00f3n ha indignado a los grupos de izquierda, que tambi\u00e9n lo utilizan como argumento para boicotear el espect\u00e1culo deportivo.<\/p>\n<p>            <a href=\"#\" title=\"\"><br \/>\n                <img decoding=\"async\" loading=\"lazy\" width=\"120px\" height=\"90px\" alt=\"El director de la Vuelta, Javier Guill\u00e9n, ofrece una rueda en Mos (Pontevedra)\" src=\"https:\/\/imagenes.eldebate.com\/files\/related_image\/files\/fp\/uploads\/2025\/09\/10\/68c138de46a90.r_d.1087-504.jpeg\" data-full-src=\"https:\/\/imagenes.eldebate.com\/uploads\/2025\/09\/10\/68c138de46a90.jpeg\"\/><br \/>\n            <\/a><\/p>\n<p class=\"paragraph\">La concentraci\u00f3n de <b>Ecologistas en Acci\u00f3n<\/b> est\u00e1 convocada de 16:00 a 18:00 en la zona de las taquillas del Puerto de Navacerrada (entre la M-601 y la pista de subida a La Bola). Otra manifestaci\u00f3n m\u00e1s que provocar\u00e1 que el dispositivo de seguridad tenga que estar muy atento para evitar cualquier tipo de altercado y garantizar la integridad f\u00edsica de los ciclistas, adem\u00e1s de cuidar la imagen de <b>Espa\u00f1a<\/b>. Y es que tantas modificaciones en la Vuelta est\u00e1n dando una imagen al mundo negativa sobre la capacidad de nuestro pa\u00eds de organizar grandes eventos deportivos.<\/p>\n<p class=\"paragraph\">Siguiendo con las manifestaciones palestinas, la Plataforma asegura que busca \u00abvisibilizar el rechazo\u00bb social a que una competici\u00f3n deportiva de primer nivel sirva para \u00abblanquear los cr\u00edmenes del Estado de Israel\u00bb, y exigir que la organizaci\u00f3n de la Vuelta retire al equipo Israel-Premier Tech. Una decisi\u00f3n que en ning\u00fan caso depende de la Vuelta sino de la <b>Uni\u00f3n Ciclista Internacional<\/b> (UCI) que al igual que en el resto de deportes, no considera que haya que expulsar a Israel.<\/p>\n<p class=\"paragraph\">El plan est\u00e1 m\u00e1s que trazado. Ahora habr\u00e1 que ver si surte efecto o no. La seguridad va a ser m\u00e1xima y por mucho que estos grupos quieran reventar la etapa no lo van a tener nada f\u00e1cil. <b>Todos los ojos estar\u00e1n puestos en ellos y, por esa misma raz\u00f3n, la situaci\u00f3n va a estar controlada.<\/b><\/p>\n<p>            <a href=\"#\" title=\"\"><br \/>\n                <img decoding=\"async\" loading=\"lazy\" width=\"120px\" height=\"90px\" alt=\"Protestas propalestinas en la 16\u00aa etapa de La Vuelta a Espa\u00f1a\" src=\"https:\/\/imagenes.eldebate.com\/files\/related_image\/files\/fp\/uploads\/2025\/09\/09\/68c0450948965.r_d.1347-490.jpeg\" data-full-src=\"https:\/\/imagenes.eldebate.com\/uploads\/2025\/09\/09\/68c0450948965.jpeg\"\/><br \/>\n            <\/a><\/p>\n<p class=\"paragraph\">Habr\u00e1 que ver c\u00f3mo responde la organizaci\u00f3n de la Vuelta. En lo que va de competici\u00f3n ya se han tenido que adelantar dos finales de etapa (<b>Bilbao <\/b>y <b>Castro de Herville<\/b>) por culpa de las protestas y si la situaci\u00f3n se va de las manos no se puede descartar nada. Ser\u00eda triste si sucede, pero la Vuelta tiene que estar preparada para cualquier escenario. El objetivo es que la etapa transcurra sin sobresaltos. Y eso es lo que van a intentar.<\/p>\n<p class=\"paragraph\">En definitiva, la pen\u00faltima etapa de la Vuelta a Espa\u00f1a puede estar marcada por un nuevo episodio violento y desagradable que podr\u00eda empa\u00f1ar la \u00faltima batalla entre Vingegaard y Almeida, los dos grandes aspirantes a vestir el maillot rojo de campe\u00f3n el domingo en <b>Madrid<\/b>.<\/p>\n","protected":false},"excerpt":{"rendered":"La 80\u00aa edici\u00f3n de la Vuelta a Espa\u00f1a est\u00e1 siendo de todo menos pac\u00edfica por las constantes protestas&hellip;\n","protected":false},"author":2,"featured_media":66214,"comment_status":"","ping_status":"","sticky":false,"template":"","format":"standard","meta":{"footnotes":""},"categories":[273],"tags":[313,312,168,25,24,23,167],"class_list":{"0":"post-111834","1":"post","2":"type-post","3":"status-publish","4":"format-standard","5":"has-post-thumbnail","7":"category-ciclismo","8":"tag-ciclismo","9":"tag-cycling","10":"tag-deportes","11":"tag-es","12":"tag-espana","13":"tag-spain","14":"tag-sports"},"share_on_mastodon":{"url":"","error":""},"_links":{"self":[{"href":"https:\/\/www.europesays.com\/es\/wp-json\/wp\/v2\/posts\/111834","targetHints":{"allow":["GET"]}}],"collection":[{"href":"https:\/\/www.europesays.com\/es\/wp-json\/wp\/v2\/posts"}],"about":[{"href":"https:\/\/www.europesays.com\/es\/wp-json\/wp\/v2\/types\/post"}],"author":[{"embeddable":true,"href":"https:\/\/www.europesays.com\/es\/wp-json\/wp\/v2\/users\/2"}],"replies":[{"embeddable":true,"href":"https:\/\/www.europesays.com\/es\/wp-json\/wp\/v2\/comments?post=111834"}],"version-history":[{"count":0,"href":"https:\/\/www.europesays.com\/es\/wp-json\/wp\/v2\/posts\/111834\/revisions"}],"wp:featuredmedia":[{"embeddable":true,"href":"https:\/\/www.europesays.com\/es\/wp-json\/wp\/v2\/media\/66214"}],"wp:attachment":[{"href":"https:\/\/www.europesays.com\/es\/wp-json\/wp\/v2\/media?parent=111834"}],"wp:term":[{"taxonomy":"category","embeddable":true,"href":"https:\/\/www.europesays.com\/es\/wp-json\/wp\/v2\/categories?post=111834"},{"taxonomy":"post_tag","embeddable":true,"href":"https:\/\/www.europesays.com\/es\/wp-json\/wp\/v2\/tags?post=111834"}],"curies":[{"name":"wp","href":"https:\/\/api.w.org\/{rel}","templated":true}]}}