{"id":111837,"date":"2025-09-13T07:28:20","date_gmt":"2025-09-13T07:28:20","guid":{"rendered":"https:\/\/www.europesays.com\/es\/111837\/"},"modified":"2025-09-13T07:28:20","modified_gmt":"2025-09-13T07:28:20","slug":"la-acb-vuelve-a-palencia-en-forma-de-copa","status":"publish","type":"post","link":"https:\/\/www.europesays.com\/es\/111837\/","title":{"rendered":"La ACB &#8216;vuelve&#8217; a Palencia en forma de Copa"},"content":{"rendered":"<p>            <a href=\"https:\/\/www.palenciaenlared.es\/wp-content\/uploads\/2025\/09\/DSC09227.jpg\" data-caption=\"Imagen de la afici\u00f3n en el \u00faltimo partido oficial que un equipo de ACB disput\u00f3 en Palencia. \/ \u00d3scar Herrero\" rel=\"nofollow noopener\" target=\"_blank\"><img loading=\"lazy\" decoding=\"async\" width=\"696\" height=\"464\" class=\"entry-thumb td-modal-image\" src=\"https:\/\/www.europesays.com\/es\/wp-content\/uploads\/2025\/09\/DSC09227-696x464.jpg\"   alt=\"\" title=\"DSC09227\"\/><\/a>Imagen de la afici\u00f3n en el \u00faltimo partido oficial que un equipo de ACB disput\u00f3 en Palencia. \/ \u00d3scar Herrero<br \/>\n            El S\u00faper Agropal Palencia se mide ma\u00f1ana al San Pablo Burgos, de la m\u00e1xima categor\u00eda nacional, en la final de la Copa de Castilla y Le\u00f3n<\/p>\n<p>Fue e<a href=\"https:\/\/www.palenciaenlared.es\/zunder-palencia-se-despide-de-la-acb-como-la-empezo-abultada-derrota-en-malaga\/\" target=\"_blank\" rel=\"noopener nofollow\">l Unicaja de M\u00e1laga el \u00faltimo equipo de ACB al que se enfrent\u00f3 el por entonces Zunder Palencia<\/a> all\u00e1 en mayo de 2024. Una semana antes, fue el Obradoiro, por entonces como en Palencia Baloncesto, en ACB, el \u00faltimo equipo en rendir visita al Municipal y ser, por tanto el protagonista del hasta hora postrero encuentro oficial con equipos de ACB en el parqu\u00e9 morado.<\/p>\n<p><a class=\"gofollow\" data-track=\"MzU2OCw1MCwxLDYw\" href=\"https:\/\/www.iberdrola.es\/smart-clima\/ofertas-aireacondicionado\" target=\"_blank\" rel=\"nofollow noopener\"><img decoding=\"async\" src=\"https:\/\/www.europesays.com\/es\/wp-content\/uploads\/2025\/09\/300x400_SmartClima_959E.gif\"\/><\/a><\/p>\n<blockquote class=\"wp-embedded-content\" data-secret=\"QeyGbgcDvP\">\n<p><a href=\"https:\/\/www.palenciaenlared.es\/galeria-hasta-pronto-acb\/\" rel=\"nofollow noopener\" target=\"_blank\">(Galer\u00eda) Hasta pronto, ACB<\/a><\/p>\n<\/blockquote>\n<p>Un hito que le quitar\u00e1 ma\u00f1ana, a partir de las 18 horas, el San Pablo Burgos, reci\u00e9n ascendido a la m\u00e1xima categor\u00eda del baloncesto nacional, y contra el que los palentinos hollaron en su d\u00eda el ascenso. Porque el equipo burgal\u00e9s de ACB ser\u00e1 el rival con el que los palentinos, a\u00fan en temporada, se jugar\u00e1n en partido oficial la final de la Copa de Castilla y Le\u00f3n. Un equipo de ACB y otro con ganas de seguir los pasos. Aunque todav\u00eda queda mucho para tratar de materializarlo.\n<\/p>\n<p>En lo referente a la Copa, Natxo Lezkano tendr\u00e1 que seguir lidiando con las lesiones, sobrecargas y molestias para enfrentarse al San Pablo Burgos, despu\u00e9s de que el Super Agropal se\u00a0 ganara el pase a la final derrotando a Tizona de Burgos y Caja Rural Zamora en pasado fin de semana.\n<\/p>\n<p>\u201cMe gustar\u00eda tener a m\u00e1s jugadores disponibles para ser m\u00e1s competitivo. Es un partido de much\u00edsimo nivel, es una final. L\u00f3gicamente todav\u00eda estamos en pretemporada, estamos en un periodo de crecimiento los dos equipos, y esto no se prepara como un trofeo en mitad de temporada,\u00a0pero siempre es atractivo jugar contra un equipo como San Pablo Burgos, en casa, delante de nuestra gente, y siendo una final que nos gustar\u00eda ganar\u201d, explic\u00f3 el t\u00e9cnico morad que, sin embargo, recalc\u00f3 que \u201chay otras prioridades en este momento como preservar la salud de los jugadores y hacer que el partido nos sea \u00fatil\u201d. Es decir, seguir lanzando al equipo hacia la liga, que comenzar\u00e1 el 28 de septiembre.\n<\/p>\n<p>\u201cEstamos poco a poco creciendo, no al ritmo que nos gustar\u00eda, pero bueno, yo supongo que esto le pasar\u00e1 a muchos equipos\u201d, concedi\u00f3 Lezkano que acaba de recuperar a Borg para los entrenamientos. Lleg\u00f3 ayer y hoy ya se ha ejercitado.\n<\/p>\n<p>Son esas necesidades de jugadores las que han propiciado la vuelta, de forma temporal de momento, de Pablo Hern\u00e1ndez, al parqu\u00e9 palentino. \u201cNecesitamos un refuerzo de calidad de cara a los entrenamientos y de cara a los partidos,\u00a0para que adem\u00e1s las lesiones sigan su curso natural y no tener que forzar a ning\u00fan jugador. El hecho de que haya jugadores que no est\u00e9n entrenando con normalidad ya hace que los jugadores que est\u00e1n sanos est\u00e9n siendo forzados. Para tener un m\u00ednimo de calidad en los entrenamientos necesit\u00e1bamos a alg\u00fan jugador m\u00e1s\u201d. Un jugador que, como destac\u00f3 el entrenador del S\u00faper Agropal Palencia \u201cconoce bien el club, conoce a sus compa\u00f1eros, ya que muchos de ellos estuvieron la temporada pasada,\u00a0que conoce incluso la ciudad. Yo creo que la adaptaci\u00f3n va a ser rapid\u00edsima y nos va a ayudar desde ya\u201d.\n<\/p>\n<p>Pablo Hern\u00e1ndez ha estado realizando tambi\u00e9n la pretemporada con el Breog\u00e1n de Lugo y ahora se incorpora al S\u00faper Agropal Palencia, al menos, los meses de septiembre y octubre. Cabe recordar que Hern\u00e1ndez ya compiti\u00f3 la pasada campa\u00f1a en el equipo palentino. Disput\u00f3 42 partidos, donde promedi\u00f3 3,4 puntos (35,9% en triples) y 2,3 rebotes, en 12:25 de juego.\n<\/p>\n<p><a class=\"gofollow\" data-track=\"MzA4NCwyOSwxLDYw\" href=\"https:\/\/villamediana.es\/\" target=\"_blank\" rel=\"nofollow noopener\"><img decoding=\"async\" src=\"https:\/\/www.europesays.com\/es\/wp-content\/uploads\/2025\/09\/Banner_Villamediana_300x400_OCT_24.gif\"\/><\/a><\/p>\n<p>\n-Publicidad-<\/p>\n","protected":false},"excerpt":{"rendered":"Imagen de la afici\u00f3n en el \u00faltimo partido oficial que un equipo de ACB disput\u00f3 en Palencia. \/&hellip;\n","protected":false},"author":2,"featured_media":111838,"comment_status":"","ping_status":"","sticky":false,"template":"","format":"standard","meta":{"footnotes":""},"categories":[269],"tags":[299,298,168,25,24,12591,23,167,12592],"class_list":{"0":"post-111837","1":"post","2":"type-post","3":"status-publish","4":"format-standard","5":"has-post-thumbnail","7":"category-baloncesto","8":"tag-baloncesto","9":"tag-basketball","10":"tag-deportes","11":"tag-es","12":"tag-espana","13":"tag-palencia-baloncesto","14":"tag-spain","15":"tag-sports","16":"tag-su00faper-agropal-palencia"},"share_on_mastodon":{"url":"","error":""},"_links":{"self":[{"href":"https:\/\/www.europesays.com\/es\/wp-json\/wp\/v2\/posts\/111837","targetHints":{"allow":["GET"]}}],"collection":[{"href":"https:\/\/www.europesays.com\/es\/wp-json\/wp\/v2\/posts"}],"about":[{"href":"https:\/\/www.europesays.com\/es\/wp-json\/wp\/v2\/types\/post"}],"author":[{"embeddable":true,"href":"https:\/\/www.europesays.com\/es\/wp-json\/wp\/v2\/users\/2"}],"replies":[{"embeddable":true,"href":"https:\/\/www.europesays.com\/es\/wp-json\/wp\/v2\/comments?post=111837"}],"version-history":[{"count":0,"href":"https:\/\/www.europesays.com\/es\/wp-json\/wp\/v2\/posts\/111837\/revisions"}],"wp:featuredmedia":[{"embeddable":true,"href":"https:\/\/www.europesays.com\/es\/wp-json\/wp\/v2\/media\/111838"}],"wp:attachment":[{"href":"https:\/\/www.europesays.com\/es\/wp-json\/wp\/v2\/media?parent=111837"}],"wp:term":[{"taxonomy":"category","embeddable":true,"href":"https:\/\/www.europesays.com\/es\/wp-json\/wp\/v2\/categories?post=111837"},{"taxonomy":"post_tag","embeddable":true,"href":"https:\/\/www.europesays.com\/es\/wp-json\/wp\/v2\/tags?post=111837"}],"curies":[{"name":"wp","href":"https:\/\/api.w.org\/{rel}","templated":true}]}}