{"id":111842,"date":"2025-09-13T07:31:18","date_gmt":"2025-09-13T07:31:18","guid":{"rendered":"https:\/\/www.europesays.com\/es\/111842\/"},"modified":"2025-09-13T07:31:18","modified_gmt":"2025-09-13T07:31:18","slug":"cien-anos-de-historia-inmortalizada","status":"publish","type":"post","link":"https:\/\/www.europesays.com\/es\/111842\/","title":{"rendered":"Cien a\u00f1os de historia inmortalizada"},"content":{"rendered":"<p style=\"\">Imag\u00ednense una exposici\u00f3n de pintura en la que en gran medida el principal protagonismo fuera para una famosa marca de pinceles e incluso de colores, o tambi\u00e9n, una muestra de escultura, en la que el papel estelar estuviera reservado a un c\u00e9lebre tipo de escoplo,  &#8230; cincel, m\u00e1rmol o arcilla. <strong>Bastante improbable, \u00bfverdad? Pues no tanto. <\/strong><\/p>\n<p class=\"voc-p\" style=\"\">Algo no muy diferente es lo que en esencia representa el esp\u00edritu y la idea central en la que se basa<strong> &#8216;Leica. Un siglo de fotograf\u00eda&#8217;.<\/strong> Un proyecto expositivo que rinde \u2013muy merecido\u2013 homenaje a la que es sin duda una de las c\u00e1maras m\u00e1s ic\u00f3nicas y emblem\u00e1ticas de la Historia de la Fotograf\u00eda. Una herramienta \u2013\u00bfo tal vez algo m\u00e1s?\u2013 que ha servido para capturar e inmortalizar visualmente gran parte de la memoria de nuestro mundo contempor\u00e1neo.<\/p>\n<p class=\"voc-p\" style=\"\">Queda a\u00fan por alumbrar \u2013nunca mejor dicho si hablamos de este lenguaje visual\u2013 una aut\u00e9ntica historia moderna de la mirada en la que cada clic del obturador, cada luminosa herida abierta y limpia del diafragma fuese la traducci\u00f3n en im\u00e1genes de nada menos que la vida. Y en este relato, &#8216;la voz Leica&#8217; tendr\u00eda mucho que decirnos y contarnos. Pero<strong> seamos algo menos \u00e9picos<\/strong> y empecemos simplemente haciendo un poco de historia.<\/p>\n<p class=\"voc-p\" style=\"\">Wetzlar. Alemania. 1869. Ernst Leitz funda la empresa Ernst Leitz, inicialmente dedicada a la manufactura de instrumentos \u00f3pticos. De hecho, el nombre &#8216;Leica&#8217; surge de<strong> la combinaci\u00f3n de &#8216;Lei&#8217; (Leitz) y &#8216;ca&#8217; (camera).<\/strong> Ese iba a ser el principio. <\/p>\n<p>\nInnovaciones y mejoras\n<\/p>\n<p class=\"voc-p\" style=\"\">A partir de ah\u00ed se ir\u00edan sucediendo una serie de innovaciones y mejoras: <strong>Oskar Barnack,<\/strong> un ingeniero que trabajaba para la firma, crear\u00e1 a principios del pasado siglo XX la Ur-Leica, una c\u00e1mara m\u00e1s ligera y port\u00e1til, usando pel\u00edcula de cine de 35 mm. adaptada a un formato fotogr\u00e1fico, hasta llegar ya en 1925, tras otros prototipos, a la Leica I (modelo A), presentada en la <strong>Feria de Leipzig,<\/strong> con un dise\u00f1o compacto (36 exposiciones), lente fija Elmar 50 mm. y un obturador de cortinilla, que supondr\u00eda realmente el inicio de la fotograf\u00eda de 35 mm. port\u00e1til, algo absolutamente revolucionario, transformando para siempre el concepto de foto instant\u00e1nea al hacer posible un manejo mucho m\u00e1s f\u00e1cil al mismo tiempo que manteniendo una gran calidad \u00f3ptica, lo que iba a traducirse, entre otras cosas, en el aut\u00e9ntico inicio del fotoperiodismo moderno.<\/p>\n<p class=\"voc-p\" style=\"\">Ser\u00eda muy dif\u00edcil enumerar la cantidad y calidad de fot\u00f3grafos de primer\u00edsimo nivel que han venido usando esta c\u00e1mara a lo largo de sus trayectorias creativas. Pienso obviamente en nombres como el m\u00edtico<a href=\"https:\/\/www.abc.es\/cultura\/arte\/henri-cartierbresson-ojo-siglo-devuelve-mirada-barcelona-20241009125221-nt.html\" target=\"_self\" data-voc-vtm-id=\"in-text-traffic\" title=\" Henri Cartier-Bresson,\" data-mrf-link=\"www.abc.es\" rel=\"nofollow noopener\"> Henri Cartier-Bresson,<\/a> pionero del fotoperiodismo y del &#8216;instante decisivo&#8217;, que adoptar\u00eda Leica desde sus comienzos. \u00bfQui\u00e9n no recuerda, entre otras, la instant\u00e1nea de ese hombre parisino saltando un charco?<\/p>\n<p><img decoding=\"async\" loading=\"lazy\" src=\"https:\/\/www.europesays.com\/es\/wp-content\/uploads\/2025\/09\/AdrianaLoureiroFerna\u0301ndez_ParadiseLost-16-LOBA_2024-U58565230434Ukv-760x427@diario_abc.jpg\" class=\"voc-img\" width=\"760\" height=\"427\" alt=\"'Paradise Lost', de Adriana Loureiro Ferna\u0301ndez\" data-voc-vtm-id=\"in-text-traffic\"\/><\/p>\n<p>&#8216;Paradise Lost&#8217;, de Adriana Loureiro Ferna\u0301ndez<\/p>\n<p>ABC<\/p>\n<p class=\"voc-p\" style=\"\">O tambi\u00e9n la escenificada muerte en los campos de C\u00f3rdoba de un miliciano dentro de nuestra Guerra Civil, inmortalizada por<a href=\"https:\/\/www.abc.es\/historia\/muerte-miliciano-olvidadas-sospechas-robert-capa-lidiar-20220906191224-nt.html\" target=\"_self\" data-voc-vtm-id=\"in-text-traffic\" title=\" Robert Capa;\" data-mrf-link=\"www.abc.es\" rel=\"nofollow noopener\"> Robert Capa;<\/a> el impostado beso de un marinero con una joven yanki en el neoyorkino Times Square de 1945, obra de <strong>Alfred Eisenstaedt<\/strong>; el ubicuo retrato (no hubo en los 70 y 80 ni un solo dormitorio &#8216;progre&#8217; sin su reproducci\u00f3n. Doy personal fe de ello) del Che Guevara del cubano<strong> Alberto Korda,<\/strong> presente en esta exposici\u00f3n, y tantos y tantos otros nombres como tambi\u00e9n los de <strong>Andr\u00e9 Kertt\u00e9sz, Walker Evans, Robert Frank, William Klein, Garry Winogrand, Lee Friendlander<\/strong> o<a href=\"https:\/\/www.abc.es\/cultura\/muere-fotografo-brasileno-sebastiao-salgado-20250523173405-nt.html\" target=\"_self\" data-voc-vtm-id=\"in-text-traffic\" title=\" Sebastiao Salgado,\" data-mrf-link=\"www.abc.es\" rel=\"nofollow noopener\"> Sebastiao Salgado,<\/a> que construyen un universal fresco iconogr\u00e1fico de nuestra memoria contempor\u00e1nea. <\/p>\n<p class=\"voc-p\" style=\"\">Para celebrar los cien a\u00f1os de aparici\u00f3n de su primera c\u00e1mara, la ya legendaria Leica I, esta marca alemana ha organizado esta amplia exposici\u00f3n que, tras su paso por Dubai y Shangai, recoge aqu\u00ed en Madrid un importante conjunto de obras de grandes fot\u00f3grafos internacionales. Seg\u00fan palabras de <strong>Karin Rehn-Kaufmann,<\/strong> directora art\u00edstica de<a href=\"https:\/\/lfi-online.de\/en\/gallery\" target=\"_self\" data-voc-vtm-id=\"in-text-traffic\" title=\" Leica Gallery International\" data-mrf-link=\"lfi-online.de\" rel=\"nofollow noopener\"> Leica Gallery International<\/a> y, asimismo, comisaria de la muestra, \u00abcon la Leica I, presentada en 1925, comenz\u00f3 una nueva era: los fot\u00f3grafos pod\u00edan trabajar de forma r\u00e1pida, discreta y justo en el centro de los acontecimientos. Las im\u00e1genes m\u00e1s ic\u00f3nicas del siglo XX ser\u00edan impensables sin ella: reportajes de guerra, escenas callejeras, retratos \u00edntimos&#8230;100 a\u00f1os de Leica significan 100 a\u00f1os de Historia, arte y emoci\u00f3n contados a trav\u00e9s de fotos ic\u00f3nicas que nos conmueven y nos conectan\u00bb.<\/p>\n<p><img decoding=\"async\" loading=\"lazy\" src=\"https:\/\/www.europesays.com\/es\/wp-content\/uploads\/2025\/09\/Gonzalo-Juanes-U53110323478Csh-760x427@diario_abc.jpg\" class=\"voc-img\" width=\"760\" height=\"427\" alt=\"Fotograf\u00eda de Gonzalo Juanes incluida en la muestra de Madrid\" data-voc-vtm-id=\"in-text-traffic\"\/><\/p>\n<p>Fotograf\u00eda de Gonzalo Juanes incluida en la muestra de Madrid<\/p>\n<p>aBC<\/p>\n<p class=\"voc-p\" style=\"\">La propuesta, la mayor exposici\u00f3n internacional que se celebra dentro del centenario, consta de un total de 174 fotograf\u00edas de autores vinculados \u2013profesional y emocionalmente\u2013 a la c\u00e1mara a lo largo de todo este tiempo. Figuras del prestigio de <strong>Bruce Davidson, Elliott Erwitt, Korda, Ralph Gibson, Jing Huan, Sebasti\u00e3o Salgado, Steve McCurry<\/strong>,<a href=\"https:\/\/www.abc.es\/cultura\/cultural\/europa-19661967-joel-meyerowitz-photoespana-mirar-mundo-20250526184955-nt.html\" target=\"_self\" data-voc-vtm-id=\"in-text-traffic\" title=\" Joel Meyerowitz,\" data-mrf-link=\"www.abc.es\" rel=\"nofollow noopener\"> Joel Meyerowitz,<\/a><strong> Cl\u00e9mentine Schneidermann o Jane Evelyn Atwood,<\/strong> junto a otras quiz\u00e1s menos conocidas pero igualmente testimoniales. <\/p>\n<p class=\"voc-p\" style=\"\">Un interesante rasgo diferencial con respecto a otros espacios que han albergado tambi\u00e9n el proyecto expositivo es el hecho de incluir obras de cerca de treinta fot\u00f3grafos espa\u00f1oles tambi\u00e9n deudores en sus trabajos y en sus miradas de esta c\u00e1mara, entre ellos,<strong> Agust\u00edn Centelles, Ram\u00f3n Masats, Ricard Terr\u00e9, Gonzalo Juanes, Gabriel Cuallad\u00f3, Joan Colom, Xavier Miseratchts, Manuel Sonseca, Clemente Bernard, Manolo Laguillo, Anna Turbau, Javier Campano<\/strong> o <a href=\"https:\/\/www.abc.es\/cultura\/cultural\/abci-alberto-garcia-alix-no-hice-fotos-movida-no-conmigo-201809300237_noticia.html\" target=\"_self\" data-voc-vtm-id=\"in-text-traffic\" title=\"Alberto Garcia-Alix.\" data-mrf-link=\"www.abc.es\" rel=\"nofollow noopener\">Alberto Garcia-Alix.<\/a><\/p>\n<p class=\"voc-p\" style=\"\">A trav\u00e9s de una serie de secciones: &#8216;<strong>Or\u00edgenes&#8217;, &#8216;Instantes&#8217;, &#8216;Calle&#8217;, &#8216;Experimental&#8217;, &#8216;Gente&#8217;, &#8216;Mujeres&#8217;, &#8216;Social&#8217;, &#8216;Clima&#8217; y &#8216;Paisaje&#8217;,<\/strong> nuestros ojos y los ojos de las c\u00e1maras recorren juntos un fascinante y documentado viaje por la Historia y la memoria del mundo a lo largo de estos \u00faltimos cien a\u00f1os. Un viaje que sin el concurso de esta peque\u00f1a-gran herramienta \u00f3ptica a buen seguro que habr\u00eda sido menos rico, m\u00e1s borroso.<\/p>\n<p><img decoding=\"async\" loading=\"lazy\" src=\"https:\/\/www.europesays.com\/es\/wp-content\/uploads\/2025\/09\/SteveMcCurry_MagnumPhotos-U26558282863FoR-366x206@diario_abc.jpg\" class=\"voc-img\" width=\"366\" height=\"206\" alt=\"'Leica. Un siglo de fotograf\u00eda'\"\/><\/p>\n<p>&#8216;Leica. Un siglo de fotograf\u00eda&#8217;<\/p>\n<p class=\"voc-p\">Colectiva. Salas de Exposici\u00f3n Fern\u00e1n G\u00f3mez. Centro Cultural de la Villa. Madrid. Plaza de Col\u00f3n, 4. Comisaria: Karin Rehn-Kaufmann. Hasta el 11 de enero de 2026. Cinco estrellas.<\/p>\n<p class=\"voc-p\" style=\"\">Como un atractivo complemento, esta espl\u00e9ndida exposici\u00f3n presenta asimismo una selecci\u00f3n de c\u00e1maras cl\u00e1sicas como la ya citada Leica I (1925) y la Leica II (1932), y material hist\u00f3rico y documental procedente del <a href=\"https:\/\/leicawelt.com\/en\/experiences\/ernst-leitz-museum\" target=\"_self\" data-voc-vtm-id=\"in-text-traffic\" title=\"Museo Ernst Leitz de Wetzlar\" data-mrf-link=\"leicawelt.com\" rel=\"nofollow noopener\">Museo Ernst Leitz de Wetzlar<\/a> (Alemania), que permite comprobar la evoluci\u00f3n t\u00e9cnica y est\u00e9tica de Leica desde su modelo inaugural, y, en paralelo, una serie de actividades entre las que destaca el ,Leica Classic Day&#8217;, que se celebrar\u00e1 el 27 de septiembre en <a href=\"https:\/\/leica-camera.com\/es-ES\/leica-stores\/leica-store-madrid?srsltid=AfmBOooLMY3jtSRqkG5Dcb2_lwaLYsPU3X0LH5RYWaFbhORDXtwL-rau\" target=\"_self\" data-voc-vtm-id=\"in-text-traffic\" title=\"Leica Store &amp; Gallery Madrid. \" data-mrf-link=\"leica-camera.com\" rel=\"nofollow noopener\">Leica Store &amp; Gallery Madrid. <\/a><\/p>\n","protected":false},"excerpt":{"rendered":"Imag\u00ednense una exposici\u00f3n de pintura en la que en gran medida el principal protagonismo fuera para una famosa&hellip;\n","protected":false},"author":2,"featured_media":111843,"comment_status":"","ping_status":"","sticky":false,"template":"","format":"standard","meta":{"footnotes":""},"categories":[173],"tags":[988,229,233,231,230,32339,232,234,146,147,25,24,244,448,38050,12078,9218,23],"class_list":{"0":"post-111842","1":"post","2":"type-post","3":"status-publish","4":"format-standard","5":"has-post-thumbnail","7":"category-arte-y-diseno","8":"tag-anos","9":"tag-arte","10":"tag-arte-y-diseno","11":"tag-arts","12":"tag-arts-and-design","13":"tag-cien","14":"tag-design","15":"tag-diseno","16":"tag-entertainment","17":"tag-entretenimiento","18":"tag-es","19":"tag-espana","20":"tag-fotografia","21":"tag-historia","22":"tag-inmortalizada","23":"tag-leica","24":"tag-siglo","25":"tag-spain"},"share_on_mastodon":{"url":"","error":""},"_links":{"self":[{"href":"https:\/\/www.europesays.com\/es\/wp-json\/wp\/v2\/posts\/111842","targetHints":{"allow":["GET"]}}],"collection":[{"href":"https:\/\/www.europesays.com\/es\/wp-json\/wp\/v2\/posts"}],"about":[{"href":"https:\/\/www.europesays.com\/es\/wp-json\/wp\/v2\/types\/post"}],"author":[{"embeddable":true,"href":"https:\/\/www.europesays.com\/es\/wp-json\/wp\/v2\/users\/2"}],"replies":[{"embeddable":true,"href":"https:\/\/www.europesays.com\/es\/wp-json\/wp\/v2\/comments?post=111842"}],"version-history":[{"count":0,"href":"https:\/\/www.europesays.com\/es\/wp-json\/wp\/v2\/posts\/111842\/revisions"}],"wp:featuredmedia":[{"embeddable":true,"href":"https:\/\/www.europesays.com\/es\/wp-json\/wp\/v2\/media\/111843"}],"wp:attachment":[{"href":"https:\/\/www.europesays.com\/es\/wp-json\/wp\/v2\/media?parent=111842"}],"wp:term":[{"taxonomy":"category","embeddable":true,"href":"https:\/\/www.europesays.com\/es\/wp-json\/wp\/v2\/categories?post=111842"},{"taxonomy":"post_tag","embeddable":true,"href":"https:\/\/www.europesays.com\/es\/wp-json\/wp\/v2\/tags?post=111842"}],"curies":[{"name":"wp","href":"https:\/\/api.w.org\/{rel}","templated":true}]}}