{"id":111848,"date":"2025-09-13T07:35:09","date_gmt":"2025-09-13T07:35:09","guid":{"rendered":"https:\/\/www.europesays.com\/es\/111848\/"},"modified":"2025-09-13T07:35:09","modified_gmt":"2025-09-13T07:35:09","slug":"el-cine-espanol-mas-esperado","status":"publish","type":"post","link":"https:\/\/www.europesays.com\/es\/111848\/","title":{"rendered":"El cine espa\u00f1ol m\u00e1s esperado"},"content":{"rendered":"<p>Hace ya 25 a\u00f1os que Alberto Rodr\u00edguez estren\u00f3 en San Sebasti\u00e1n su \u00f3pera prima, &#8216;El factor Pilgrim&#8217;, codirigida junto a Santi Amodeo. Desde entonces ha  &#8230; presentado trabajos como &#8216;7 v\u00edrgenes&#8217;, &#8216;La isla m\u00ednima&#8217; (ganadora de 10 Goyas), &#8216;El hombre de las mil caras&#8217; y &#8216;Modelo 77&#8217;. Este a\u00f1o regresa por partida doble. Compite en la secci\u00f3n oficial con un largometraje, &#8216;Los Tigres&#8217;, y exhibe fuera de concurso &#8216;Anatom\u00eda de un instante&#8217;, una serie de cuatro episodios basada en el libro de Javier Cercas.<\/p>\n<p class=\"v-p\">Rodr\u00edguez y su guionista habitual, Rafael Cobos, han escrito la historia de dos hermanos pertenecientes a una estirpe de buzos industriales, esos obreros del mar que se juegan la vida en las profundidades. Una mezcla de submarinistas, astronautas y fontaneros, que llevan su vocaci\u00f3n al extremo. Antonio de la Torre y B\u00e1rbara Lennie son los protagonistas. Ella se queda en la barca y mantiene con vida a un hombre que ve en un alijo de coca\u00edna escondido en el casco de un petrolero la soluci\u00f3n a sus problemas econ\u00f3micos. El filme se estrena en los cines el 31 de octubre.<\/p>\n<p class=\"v-p\">Producida por Movistar Plus, &#8216;Anatom\u00eda de un instante&#8217; ser\u00e1, sin duda, una de las grandes series del a\u00f1o. Javier Cercas public\u00f3 en 2009 el relato definitivo de lo que aconteci\u00f3 en el golpe de estado del 23F. Alberto Rodr\u00edguez nos sumerge en el Congreso de los Diputados durante aquellas horas decisivas en la historia reciente de Espa\u00f1a de la mano de un grupo de actores caracterizados como los protagonistas. A saber: \u00c1lvaro Morte es Adolfo Su\u00e1rez; Eduard Fern\u00e1ndez, Carrillo; Manolo Solo, el capit\u00e1n general Guti\u00e9rrez Mellado; David Lorente, Tejero; y Miki Esparb\u00e9, Juan Carlos I.<\/p>\n<p><img decoding=\"async\" loading=\"lazy\" src=\"https:\/\/s3.ppllstatics.com\/elcorreo\/www\/multimedia\/2025\/09\/13\/jose-kx2B-U2302901923911fHH-624x385@El%20Correo.jpg\" class=\"v-a-img\" width=\"624\" height=\"385\" alt=\"Jos\u00e9 Ram\u00f3n Soroiz en 'Maspalomas'.\" data-voc-vtm-id=\"in-text-traffic\"\/><\/p>\n<p>Jos\u00e9 Ram\u00f3n Soroiz en &#8216;Maspalomas&#8217;.<\/p>\n<p><img loading=\"lazy\" decoding=\"async\" src=\"https:\/\/s3.ppllstatics.com\/elcorreo\/www\/multimedia\/2025\/09\/13\/jose-kx2B-U2302901923911fHH-624x385@El%20Correo.jpg\" class=\"v-mdl__img-z\" width=\"624\" height=\"385\" alt=\"\"\/><\/p>\n<p class=\"v-p\">Existe mucha expectaci\u00f3n por descubrir el tercer largometraje de Alauda Ruiz de Az\u00faa tras el \u00e9xito obtenido por &#8216;Querer&#8217;, la serie espa\u00f1ola con mejores cr\u00edticas de la pasada temporada. La directora baracaldesa vuelve a hablar de la familia, como en su \u00f3pera prima &#8216;Cinco lobitos&#8217;, con la historia de una chica de 17 a\u00f1os que descoloca a su familia al anunciar que quiere hacerse monja y recluirse en un convento de clausura.<\/p>\n<p class=\"v-p\">La debutante Blanca Soroa da vida a esta joven bilba\u00edna que estudia en un colegio religioso y siente la llamada de la fe. Miguel Garc\u00e9s encarna a su padre, que respeta, a su pesar, su decisi\u00f3n, mientras Patricia L\u00f3pez Arn\u00e1iz encarna a la t\u00eda, que tratar\u00e1 de impedir que su sobrina tome los h\u00e1bitos. Nagore Aranburu es la hermana superiora. &#8216;Los domingos&#8217; toma su nombre del d\u00eda en el que se re\u00fane la familia para comer y sacarse los trapos sucios. La cinta, que se estrenar\u00e1 en cines el 17 de octubre, lanza un interesant\u00edsimo debate sobre la ense\u00f1anza en centros religiosos y las vocaciones.<\/p>\n<p><img decoding=\"async\" loading=\"lazy\" src=\"https:\/\/www.europesays.com\/es\/wp-content\/uploads\/2025\/09\/alauda-kx2B-U2302901923911mzD-624x385@El Correo.jpg\" class=\"v-a-img\" width=\"624\" height=\"385\" alt=\"Alauda Ruiz de Az\u00faa dirige a Blanca Soroa en 'Los domingos'.\" data-voc-vtm-id=\"in-text-traffic\"\/><\/p>\n<p>Alauda Ruiz de Az\u00faa dirige a Blanca Soroa en &#8216;Los domingos&#8217;.<\/p>\n<p><img loading=\"lazy\" decoding=\"async\" src=\"https:\/\/www.europesays.com\/es\/wp-content\/uploads\/2025\/09\/alauda-kx2B-U2302901923911mzD-624x385@El Correo.jpg\" class=\"v-mdl__img-z\" width=\"624\" height=\"385\" alt=\"\"\/><\/p>\n<p class=\"v-p\">M\u00e1s cine vasco. Jose Mari Goenaga y Aitor Arregi son viejos conocidos del Zinemaldia, pero nunca han logrado la Concha de Oro. Los autores junto a Jon Gara\u00f1o de &#8216;Loreak&#8217;, &#8216;Handia&#8217; y &#8216;Marco&#8217; compiten este a\u00f1o con &#8216;Maspalomas&#8217;. La historia m\u00e1s personal de Goenaga contrapone el sur de Gran Canaria, la gran meca del turismo gay mundial, y Donosti; el para\u00edso hedonista de tres kil\u00f3metros de playa y dunas -la mayor zona de cruising de Europa-, y una residencia donde el protagonista acaba despu\u00e9s de sufrir un ictus en un bar de ambiente.<\/p>\n<p class=\"v-p\">Jos\u00e9 Ram\u00f3n Soroiz encarna a este hombre que vivi\u00f3 negando su homosexualidad hasta que a los 50 a\u00f1os se fue a Canarias. A los 75, decide volver a meterse en el armario para no tener problemas en la residencia. Nagore Aranburu, de nuevo, es la hija que se preocupa por el aita que no dio se\u00f1ales de vida durante veinticinco a\u00f1os. Ojo, que la pel\u00edcula llegar\u00e1 a las salas el 26 de septiembre, un d\u00eda antes del palmar\u00e9s de San Sebasti\u00e1n.<\/p>\n<p><img decoding=\"async\" loading=\"lazy\" src=\"https:\/\/www.europesays.com\/es\/wp-content\/uploads\/2025\/09\/eduard-kx2B-U2302901923911jpG-624x385@El Correo.jpg\" class=\"v-a-img\" width=\"624\" height=\"385\" alt=\"Eduard Fern\u00e1ndez es Santiago Carrillo en 'Anatom\u00eda de un instante'.\" data-voc-vtm-id=\"in-text-traffic\"\/><\/p>\n<p>Eduard Fern\u00e1ndez es Santiago Carrillo en &#8216;Anatom\u00eda de un instante&#8217;.<\/p>\n<p><img loading=\"lazy\" decoding=\"async\" src=\"https:\/\/www.europesays.com\/es\/wp-content\/uploads\/2025\/09\/eduard-kx2B-U2302901923911jpG-624x385@El Correo.jpg\" class=\"v-mdl__img-z\" width=\"624\" height=\"385\" alt=\"\"\/><\/p>\n<p class=\"v-p\">Casi 25 a\u00f1os despu\u00e9s de alzarse con el Premio Especial del Jurado y el de la Cr\u00edtica en San Sebasti\u00e1n con la influyente &#8216;En construcci\u00f3n&#8217;, Jos\u00e9 Luis Guer\u00edn regresa a la competici\u00f3n oficial con &#8216;Historias del buen valle&#8217;. Jon\u00e1s Trueba figura como productor de este documental -o no ficci\u00f3n, como precisa el festival- rodado a lo largo de tres a\u00f1os en Vallbona, un barrio del extrarradio de Barcelona aislado por un r\u00edo, v\u00edas f\u00e9rreas y autopistas. Un vecindario humilde que vive el tr\u00e1nsito del mundo rural al urbano y preserva formas de vida erradicadas del centro y una memoria gestada en las luchas vecinales.<\/p>\n<p>Infiltrada en ETA<\/p>\n<p class=\"v-p\">Juan Antonio Bayona preside el Jurado que concede la Concha de Oro y tambi\u00e9n figura como productor de &#8216;Un fantasma en la batalla&#8217;, largometraje de Agust\u00edn D\u00edaz Yanes que recrea la Operaci\u00f3n Santuario, en la que se descabez\u00f3 a ETA y se encontraron los zulos de la banda terrorista en el sur de Francia. Susana Abaitua es la protagonista de este thriller que narra la misma historia de &#8216;La infiltrada&#8217; y que devuelve al autor de &#8216;Nadie hablar\u00e1 de nosotras cuan do hayamos muerto&#8217; ocho a\u00f1os despu\u00e9s de &#8216;Oro&#8217;. Produce Netflix, que la estrenar\u00e1 en cines el 3 de octubre y en la plataforma dos semanas m\u00e1s tarde.<\/p>\n<p class=\"v-p\">Tambi\u00e9n en la secci\u00f3n oficial, el documental &#8216;Flores para Antonio&#8217;, de Isaki Lacuesta y Elena Molina, indaga en la vida y el legado del m\u00fasico Antonio Flores a trav\u00e9s de material de archivo y testimonios de su hija Alba Flores y sus hermanas Lolita y Rosario, as\u00ed como de un buen n\u00famero de artistas.<\/p>\n","protected":false},"excerpt":{"rendered":"Hace ya 25 a\u00f1os que Alberto Rodr\u00edguez estren\u00f3 en San Sebasti\u00e1n su \u00f3pera prima, &#8216;El factor Pilgrim&#8217;, codirigida&hellip;\n","protected":false},"author":2,"featured_media":111849,"comment_status":"","ping_status":"","sticky":false,"template":"","format":"standard","meta":{"footnotes":""},"categories":[169],"tags":[177,146,147,25,24,1489,947,176,175,23],"class_list":{"0":"post-111848","1":"post","2":"type-post","3":"status-publish","4":"format-standard","5":"has-post-thumbnail","7":"category-cine","8":"tag-cine","9":"tag-entertainment","10":"tag-entretenimiento","11":"tag-es","12":"tag-espana","13":"tag-espanol","14":"tag-esperado","15":"tag-film","16":"tag-movies","17":"tag-spain"},"share_on_mastodon":{"url":"","error":""},"_links":{"self":[{"href":"https:\/\/www.europesays.com\/es\/wp-json\/wp\/v2\/posts\/111848","targetHints":{"allow":["GET"]}}],"collection":[{"href":"https:\/\/www.europesays.com\/es\/wp-json\/wp\/v2\/posts"}],"about":[{"href":"https:\/\/www.europesays.com\/es\/wp-json\/wp\/v2\/types\/post"}],"author":[{"embeddable":true,"href":"https:\/\/www.europesays.com\/es\/wp-json\/wp\/v2\/users\/2"}],"replies":[{"embeddable":true,"href":"https:\/\/www.europesays.com\/es\/wp-json\/wp\/v2\/comments?post=111848"}],"version-history":[{"count":0,"href":"https:\/\/www.europesays.com\/es\/wp-json\/wp\/v2\/posts\/111848\/revisions"}],"wp:featuredmedia":[{"embeddable":true,"href":"https:\/\/www.europesays.com\/es\/wp-json\/wp\/v2\/media\/111849"}],"wp:attachment":[{"href":"https:\/\/www.europesays.com\/es\/wp-json\/wp\/v2\/media?parent=111848"}],"wp:term":[{"taxonomy":"category","embeddable":true,"href":"https:\/\/www.europesays.com\/es\/wp-json\/wp\/v2\/categories?post=111848"},{"taxonomy":"post_tag","embeddable":true,"href":"https:\/\/www.europesays.com\/es\/wp-json\/wp\/v2\/tags?post=111848"}],"curies":[{"name":"wp","href":"https:\/\/api.w.org\/{rel}","templated":true}]}}