{"id":111853,"date":"2025-09-13T07:38:14","date_gmt":"2025-09-13T07:38:14","guid":{"rendered":"https:\/\/www.europesays.com\/es\/111853\/"},"modified":"2025-09-13T07:38:14","modified_gmt":"2025-09-13T07:38:14","slug":"el-dia-de-manana-voy-a-necesitar-una-pareja-para-sentirme-realizada-del-todo","status":"publish","type":"post","link":"https:\/\/www.europesays.com\/es\/111853\/","title":{"rendered":"\u00abEl d\u00eda de ma\u00f1ana voy a necesitar una pareja para sentirme realizada del todo\u00bb"},"content":{"rendered":"<p><img decoding=\"async\" class=\"voc-author__img\" src=\"https:\/\/www.europesays.com\/es\/wp-content\/uploads\/2025\/07\/autor-4235-foto-3.jpeg\" alt=\"Pilar Vidal\"\/><\/p>\n<p>13\/09\/2025<br \/>\n<br \/><strong><br \/>\nActualizado a las 09:12h.<br \/>\n<\/strong><\/p>\n<p class=\"voc-p\" style=\"\">Esta semana, <strong>Mar Flores<\/strong> se acercaba de nuevo, y tras a\u00f1os de silencio, a un nutrido pero seleccionado grupo de compa\u00f1eros de la prensa social en un c\u00e9ntrico hotel de la capital para <a href=\"https:\/\/www.abc.es\/gente\/vida-personal-mar-flores-abuela-anos-relacion-20250908203000-nt.html\" target=\"_self\" data-voc-vtm-id=\"in-text-traffic\" title=\"presentar sus memorias &#039;Mar en calma&#039;\" data-mrf-link=\"www.abc.es\" rel=\"nofollow noopener\">presentar sus memorias &#8216;Mar en calma&#8217;<\/a> (La Esfera de los Libros). Por un lado, compa\u00f1eros veteranos, testigos en primera persona del tormentoso pasado sentimental de la modelo, que a d\u00eda de hoy sigue generando pol\u00e9mica. Por otro, los periodistas m\u00e1s j\u00f3venes abrazan a Mar con el deseo de querer empatizar con ella y no repetir, sobre todo, algunos juicios de valor que se cometieron en el pasado por culpa de una sociedad machista que declaran extinta, aunque sigue latente.<\/p>\n<p class=\"voc-p\" style=\"\">Esta que escribe fue testigo de ese encuentro en el que pude comprobar que, a sus 56 a\u00f1os, la modelo sigue manteniendo casi intacta esa belleza y clase innatas que la convirtieron en uno de los mitos sexuales de los 90 y una de las protagonistas de las revistas del coraz\u00f3n. Asegura sentirse m\u00e1s fuerte y m\u00e1s en paz que nunca, gracias a a\u00f1os de terapia psicol\u00f3gica que le han proporcionado la <a href=\"https:\/\/www.abc.es\/gente\/vida-personal-mar-flores-abuela-anos-relacion-20250908203000-nt.html\" target=\"_self\" data-voc-vtm-id=\"in-text-traffic\" title=\"valent\u00eda de reescribir su propia historia\" data-mrf-link=\"www.abc.es\" rel=\"nofollow noopener\">valent\u00eda de reescribir su propia historia<\/a>, la que vivi\u00f3 en sus propias carnes y que le caus\u00f3 heridas, algunas de las cuales nunca cicatrizar\u00e1n, y lo sabe.<\/p>\n<p class=\"voc-p\" style=\"\">Mar ha decidido reavivar los fantasmas del pasado en este libro, sobre todo por sus cinco hijos: <strong>Carlo, Mauro, Bruno, Dar\u00edo y Beltr\u00e1n<\/strong>. A estos cuatro \u00faltimos, alejados del foco medi\u00e1tico hasta el momento, les coment\u00f3 el proyecto este verano en el transcurso de una cena y, aunque no nos dijo si lo hab\u00edan le\u00eddo, s\u00ed cuenta con su benepl\u00e1cito.<\/p>\n<p class=\"voc-p\" style=\"\">Diferente es la historia con su primog\u00e9nito, Carlo, al que dedica muchas p\u00e1ginas y al que entreg\u00f3 un ejemplar con la esperanza de que alg\u00fan d\u00eda pueda perdonarle algunos errores del pasado, pero tambi\u00e9n abrazarla como la madre coraje que puso patas arriba un pa\u00eds para recuperarle cuando su exmarido se lo arrebat\u00f3 de la guarder\u00eda, o m\u00e1s recientemente prest\u00e1ndole toda su ayuda tanto econ\u00f3mica como personal para evitar que entrase en la c\u00e1rcel, tras ser condenado a 21 meses de prisi\u00f3n por un delito de estafa agravada. <a href=\"https:\/\/www.abc.es\/gente\/vida-personal-mar-flores-abuela-anos-relacion-20250908203000-nt.html\" target=\"_self\" data-voc-vtm-id=\"in-text-traffic\" title=\"Quiere estar cerca de \u00e9l\" data-mrf-link=\"www.abc.es\" rel=\"nofollow noopener\">Quiere estar cerca de \u00e9l<\/a> y espera que, ahora que se ha convertido en padre, pueda entender mejor algunas de las situaciones del pasado.<\/p>\n<p class=\"voc-p\" style=\"\">Mar presume de ser abuela y quiere disfrutar de ese nuevo papel; por eso ha abrazado a <strong>Alejandra Rubio<\/strong>, madre de su nieto, con cari\u00f1o y esperanza de que, con el tiempo, puedan llegar a ser una gran familia, en la que tambi\u00e9n incluye a su no menos popular consuegra, <strong>Terelu Campos<\/strong>, a la que confiesa le escribi\u00f3 una carta y le envi\u00f3 un centro de flores de Pascua. Porque, aunque asegura haberse sentido atacada en el pasado por ella en algunos plat\u00f3s de televisi\u00f3n, si algo tiene es que no es rencorosa, y lo de emparentar entiende que no estaba en los planes de ninguna de las dos.<\/p>\n<p>\nPasado\n<\/p>\n<p class=\"voc-p\" style=\"\">Mar Flores solo derrama l\u00e1grimas por sus padres. La peque\u00f1a de cinco hermanos tuvo que lidiar demasiado temprano con una madre gravemente enferma, pero muy estricta, que, como muchas mujeres de su \u00e9poca, ve\u00eda en el matrimonio el verdadero \u00e9xito social. A pesar de que muchos la critican por haber escrito una realidad distorsionada, la modelo no tiene reparos en hablar de sus duros comienzos en Par\u00eds, de sus apuros econ\u00f3micos e incluso del error de haber querido quitarse la vida all\u00e1 por febrero de 1999, cuando toda Espa\u00f1a hablaba de la portada de la revista Intervi\u00fa en la que aparec\u00eda junto al <strong>conde Lecquio<\/strong>, y que la ley ampara a d\u00eda de hoy en una sentencia ejemplarizante del Tribunal Supremo a favor del derecho a la intimidad, ratificada en 2004.<\/p>\n<p><img decoding=\"async\" loading=\"lazy\" src=\"https:\/\/www.europesays.com\/es\/wp-content\/uploads\/2025\/09\/lequio-U55264147546nTD-760x800@diario_abc.jpg\" class=\"voc-img\" width=\"760\" height=\"800\" alt=\"Portada de Mar Flores y el conde Lecquio\" data-voc-vtm-id=\"in-text-traffic\"\/><\/p>\n<p>Portada de Mar Flores y el conde Lecquio<\/p>\n<p>Diez Minutos<\/p>\n<p class=\"voc-p\" style=\"\">Pero, si hay algo que suscita pol\u00e9mica en las tan comentadas memorias de Mar Flores, es <a href=\"https:\/\/www.abc.es\/gente\/javier-merino-pronuncia-tajante-sobre-polemicas-memorias-20250911120019-vi.html\" target=\"_self\" data-voc-vtm-id=\"in-text-traffic\" title=\"su pasado sentimental\" data-mrf-link=\"www.abc.es\" rel=\"nofollow noopener\">su pasado sentimental<\/a>. Consciente de lo que supon\u00eda remover el avispero, no le han sorprendido las reacciones de sus ex. De hecho, sab\u00eda que solo su exmarido y padre de cuatro de sus hijos, el empresario <strong>Javier Merino<\/strong>, iba a ser el \u00fanico que no se iba a pronunciar al respecto. Para \u00e9l solo tiene palabras de cari\u00f1o y agradecimiento, y a\u00fan no entiende por qu\u00e9 la dej\u00f3, oblig\u00e1ndola a tener que reconstruirse despu\u00e9s de 18 a\u00f1os de matrimonio. \u00abLa decisi\u00f3n de terminar no fue m\u00eda, fue de Javier. Cuando a una mujer como yo, que ha formado parte del mundo de la moda, le dicen &#8216;hasta aqu\u00ed&#8217;, &#8216;ya no continuamos&#8217;, lo que sientes es que te est\u00e1n rechazando. <strong>Como mujer me sent\u00ed muy da\u00f1ada<\/strong>\u00bb, confiesa Mar en sus memorias. A \u00e9l quiso darle un ejemplar para que lo leyese, pero seg\u00fan ella de momento ha preferido no hacerlo, aunque conoce su vida mejor que nadie. Tampoco se ha desvelado la identidad de ese amor reciente con el que Mar estuvo a punto de casarse de nuevo, pero que fracas\u00f3 en la clandestinidad por el miedo de este a perder algo tan valioso como el anonimato.<\/p>\n<p><img decoding=\"async\" loading=\"lazy\" src=\"https:\/\/www.europesays.com\/es\/wp-content\/uploads\/2025\/09\/luna-miel-U74825175774iaq-760x760@diario_abc.jpg\" class=\"voc-img\" width=\"760\" height=\"760\" alt=\"Portada con Mar Flores y Javier Merino\" data-voc-vtm-id=\"in-text-traffic\"\/><\/p>\n<p>Portada con Mar Flores y Javier Merino<\/p>\n<p>Semana<\/p>\n<p>\nEx a la carga\n<\/p>\n<p class=\"voc-p\" style=\"\">Otras de sus exparejas s\u00ed han aprovechado estos d\u00edas para cargar contra ella de forma despiadada y ofrecer su versi\u00f3n de los hechos, no reparando en algunos casos en que el amor es involuntario, y despreciarlo despu\u00e9s de haberlo vivido es un veneno que demuestra inmadurez emocional. \u00abEs humano <strong>tropezar varias veces en la misma piedra<\/strong>. A m\u00ed me ha sucedido y no tengo por qu\u00e9 pedirle perd\u00f3n a la humanidad. Hay muchos pijos sin oficio ni beneficio que tienen habilidad para seducir, pero pocos la tienen para mantener a su lado a una mujer. Aquella que permanece junto a un hombre de esas caracter\u00edsticas gasta tan poco cerebro y tan poca sensibilidad como \u00e9l\u00bb, respond\u00eda hace muchos a\u00f1os Mar Flores en una entrevista en &#8216;El Mundo&#8217; al ser preguntada por <a href=\"https:\/\/www.abc.es\/gente\/extrana-relacion-mar-flores-alessandro-lequio-palo-20250909105152-nt.html\" target=\"_self\" data-voc-vtm-id=\"in-text-traffic\" title=\"su relaci\u00f3n con el conde Lecquio\" data-mrf-link=\"www.abc.es\" rel=\"nofollow noopener\">su relaci\u00f3n con el conde Lecquio<\/a>.<\/p>\n<p class=\"voc-p\" style=\"\">A \u00e9l le agradece en p\u00fablico y por escrito el haberla ayudado a recuperar a su hijo, pero no le perdona <a href=\"https:\/\/www.abc.es\/play\/television\/noticias\/vamos-ver-salta-aires-revelacion-lecquio-salpica-20250912100934-nt.html\" target=\"_self\" data-voc-vtm-id=\"in-text-traffic\" title=\"la traici\u00f3n de las pol\u00e9micas fotos\" data-mrf-link=\"www.abc.es\" rel=\"nofollow noopener\">la traici\u00f3n de las pol\u00e9micas fotos<\/a> \u00edntimas de las que guard\u00f3 copias tras aquella Nochevieja especial en Roma. Tras varios d\u00edas en el ojo del hurac\u00e1n, el <strong>conde Lecquio<\/strong> decidi\u00f3 explotar este viernes en &#8216;El tiempo justo&#8217; (Telecinco), junto a <strong>Joaqu\u00edn Prat<\/strong>, donde asegur\u00f3 sentirse c\u00f3modo. \u00abEl se\u00f1or joven sin un duro se enamor\u00f3 y ya no quer\u00eda compartirla, quer\u00eda que se fuera solo con \u00e9l. Entonces intent\u00f3 convencerla y, cuando ella le dio viento, \u00e9l ide\u00f3 un plan para que el se\u00f1or mayor la dejase\u00bb, explic\u00f3 refiri\u00e9ndose al pol\u00e9mico tri\u00e1ngulo amoroso que formaron en su d\u00eda la modelo, el tristemente desaparecido <strong>Fernando Fern\u00e1ndez Tapias<\/strong> y \u00e9l. Algo que ella niega categ\u00f3ricamente en sus memorias. \u00abLe sali\u00f3 el tiro por la culata y se qued\u00f3 sin el dinero. Ella se qued\u00f3 sin el negocio que se tra\u00eda entre manos, que era el se\u00f1or mayor. Le hice una encerrona\u00bb, confes\u00f3, a la vez que dijo no sentirse orgulloso de ese cap\u00edtulo de su vida que nunca contar\u00e1 a su hija. \u00abA lo mejor tiene que pasar por terapia para tratarse esa agresividad que tiene hacia la mujer\u00bb, le respondi\u00f3 la modelo desde el plat\u00f3 de &#8216;Y ahora Sonsoles&#8217; (Antena 3), donde anunci\u00f3 que va a volver a colaborar esta temporada. Para ella, Fern\u00e1ndez Tapias fue conexi\u00f3n m\u00e1s que amor, el \u00fanico hombre que la ayud\u00f3 a recuperar a su hijo cuando m\u00e1s lo necesitaba y del que se pudo despedir la primera vez que ingres\u00f3 en el hospital, gracias a la complicidad de unos amigos en com\u00fan.<\/p>\n<p><img decoding=\"async\" loading=\"lazy\" src=\"https:\/\/www.europesays.com\/es\/wp-content\/uploads\/2025\/09\/fernandez-tapias-U57448510113CWT-760x760@diario_abc.jpg\" class=\"voc-img\" width=\"760\" height=\"760\" alt=\"Portada de Mar Flores con Fernando Fern\u00e1ndez Tapias\" data-voc-vtm-id=\"in-text-traffic\"\/><\/p>\n<p>Portada de Mar Flores con Fernando Fern\u00e1ndez Tapias<\/p>\n<p>Diez Minutos<\/p>\n<p class=\"voc-p\" style=\"\">Otro que se desmarca es <strong>Cayetano Mart\u00ednez de Irujo<\/strong>, el duque de Arjona, a d\u00edas de casarse con <strong>B\u00e1rbara Mirjan<\/strong>, quien aseguraba no tener miedo al contenido de las memorias a pesar de que \u00abes una persona que miente tanto y que se inventa tanto, pues nunca sabes\u00bb. Por su parte, la modelo defiende que ambos estuvieron muy enamorados y que la presi\u00f3n familiar de los Alba acab\u00f3 dinamitando la relaci\u00f3n. \u00abFue la horma de mi zapato en el peor de los sentidos. Yo, que pensaba que todas las mujeres estaban a mi disposici\u00f3n, sabore\u00e9 mi propia medicina: era <a href=\"https:\/\/www.abc.es\/gente\/alejandra-rubio-deja-entrever-malestar-mar-flores-20250912104819-vi.html\" target=\"_self\" data-voc-vtm-id=\"in-text-traffic\" title=\"una mujer maquiav\u00e9lica y fr\u00eda, de doble personalidad\" data-mrf-link=\"www.abc.es\" rel=\"nofollow noopener\">una mujer maquiav\u00e9lica y fr\u00eda, de doble personalidad<\/a>\u00bb, escribi\u00f3 Cayetano en sus memorias sobre Mar hace unos a\u00f1os.<\/p>\n<p><img decoding=\"async\" loading=\"lazy\" src=\"https:\/\/www.europesays.com\/es\/wp-content\/uploads\/2025\/09\/cayetano-U52832175386Rlp-760x727@diario_abc.jpg\" class=\"voc-img\" width=\"760\" height=\"727\" alt=\"Portada de Mar Flores con Cayetano Mart\u00ednez de Irujo\" data-voc-vtm-id=\"in-text-traffic\"\/><\/p>\n<p>Portada de Mar Flores con Cayetano Mart\u00ednez de Irujo<\/p>\n<p>Diez Minutos<\/p>\n<p class=\"voc-p\" style=\"\">Y de momento, ni rastro de <strong>El\u00edas Sacal<\/strong>, el rico empresario mexicano con el que Mar asegur\u00f3 haber encontrado el equilibrio, pero que no ha merecido ni una l\u00ednea de sus memorias. Tampoco se sabe a\u00fan c\u00f3mo ha reaccionado su primer marido y padre de su hijo Carlo, el tambi\u00e9n arist\u00f3crata italiano <strong>Carlo Costanzia<\/strong>. \u00abEmpez\u00f3 con pasi\u00f3n y termin\u00f3 con terror\u00bb, confes\u00f3 en el plat\u00f3 de Antena 3. Ella espera que \u00e9l no responda por el bien de la estabilidad familiar, aunque las \u00faltimas palabras que le dedic\u00f3: \u00abEspero que sea mejor abuela que madre\u2026\u00bb, dejaron muy dolida a la modelo.<\/p>\n<p class=\"voc-p\" style=\"\">La Mar Flores de hoy sigue siendo, seg\u00fan ella, \u00ab<a href=\"https:\/\/www.abc.es\/gente\/vida-personal-mar-flores-abuela-anos-relacion-20250908203000-nt.html\" target=\"_self\" data-voc-vtm-id=\"in-text-traffic\" title=\"muy so\u00f1adora\" data-mrf-link=\"www.abc.es\" rel=\"nofollow noopener\">muy so\u00f1adora<\/a>\u00bb y se atreve a pronosticar su futuro: \u00abEl d\u00eda de ma\u00f1ana voy a necesitar m\u00e1s que amigos, voy a necesitar una pareja para sentirme realizada del todo\u00bb. Todo lo que tiene, poco o mucho, malo o bueno, asegura haberlo ganado ella sola trabajando.<\/p>\n<p>Reportar un error<\/p>\n","protected":false},"excerpt":{"rendered":"13\/09\/2025 Actualizado a las 09:12h. Esta semana, Mar Flores se acercaba de nuevo, y tras a\u00f1os de silencio,&hellip;\n","protected":false},"author":2,"featured_media":111854,"comment_status":"","ping_status":"","sticky":false,"template":"","format":"standard","meta":{"footnotes":""},"categories":[91],"tags":[978,146,147,25,24,9646,2435,195,37985,2477,25370,29363,23],"class_list":{"0":"post-111853","1":"post","2":"type-post","3":"status-publish","4":"format-standard","5":"has-post-thumbnail","7":"category-entretenimiento","8":"tag-dia","9":"tag-entertainment","10":"tag-entretenimiento","11":"tag-es","12":"tag-espana","13":"tag-flores","14":"tag-manana","15":"tag-mar","16":"tag-necesitar","17":"tag-pareja","18":"tag-realizada","19":"tag-sentirme","20":"tag-spain"},"share_on_mastodon":{"url":"","error":""},"_links":{"self":[{"href":"https:\/\/www.europesays.com\/es\/wp-json\/wp\/v2\/posts\/111853","targetHints":{"allow":["GET"]}}],"collection":[{"href":"https:\/\/www.europesays.com\/es\/wp-json\/wp\/v2\/posts"}],"about":[{"href":"https:\/\/www.europesays.com\/es\/wp-json\/wp\/v2\/types\/post"}],"author":[{"embeddable":true,"href":"https:\/\/www.europesays.com\/es\/wp-json\/wp\/v2\/users\/2"}],"replies":[{"embeddable":true,"href":"https:\/\/www.europesays.com\/es\/wp-json\/wp\/v2\/comments?post=111853"}],"version-history":[{"count":0,"href":"https:\/\/www.europesays.com\/es\/wp-json\/wp\/v2\/posts\/111853\/revisions"}],"wp:featuredmedia":[{"embeddable":true,"href":"https:\/\/www.europesays.com\/es\/wp-json\/wp\/v2\/media\/111854"}],"wp:attachment":[{"href":"https:\/\/www.europesays.com\/es\/wp-json\/wp\/v2\/media?parent=111853"}],"wp:term":[{"taxonomy":"category","embeddable":true,"href":"https:\/\/www.europesays.com\/es\/wp-json\/wp\/v2\/categories?post=111853"},{"taxonomy":"post_tag","embeddable":true,"href":"https:\/\/www.europesays.com\/es\/wp-json\/wp\/v2\/tags?post=111853"}],"curies":[{"name":"wp","href":"https:\/\/api.w.org\/{rel}","templated":true}]}}